{"id":131042,"date":"2026-01-01T21:48:10","date_gmt":"2026-01-01T21:48:10","guid":{"rendered":"https:\/\/www.europesays.com\/fi\/131042\/"},"modified":"2026-01-01T21:48:10","modified_gmt":"2026-01-01T21:48:10","slug":"nyt-se-paattyy-stranger-thingsin-elokuvamittainen-finaalijakso-parayttaa-vuoden-2026-kayntiin","status":"publish","type":"post","link":"https:\/\/www.europesays.com\/fi\/131042\/","title":{"rendered":"Nyt se p\u00e4\u00e4ttyy: Stranger Thingsin elokuvamittainen finaalijakso p\u00e4r\u00e4ytt\u00e4\u00e4 vuoden 2026 k\u00e4yntiin"},"content":{"rendered":"<p>On tullut aika j\u00e4tt\u00e4\u00e4 viimeiset hyv\u00e4stit Netflixin megahitti Stranger Thingsille. Sarjan viidennen tuotantokauden viimeinen jakso, joka p\u00e4\u00e4tt\u00e4\u00e4 samalla my\u00f6s koko sarjan tarinan, on lis\u00e4tty katseltavaksi Netflixiin t\u00e4n\u00e4\u00e4n torstaina 1. tammikuuta heti aamuy\u00f6st\u00e4 kello 03:00.<\/p>\n<p>Hawkinsin nuorisolla on edess\u00e4\u00e4n viel\u00e4 viimeinen, koko heid\u00e4n maailmansa sek\u00e4 Yl\u00f6salaisen kohtalon m\u00e4\u00e4ritt\u00e4v\u00e4 taisto Vecna-hirvi\u00f6t\u00e4 (<strong>Jamie Campbell Bowers<\/strong>) vastaan. Onnistuvatko he peittoamaan vastustajansa \u2013 ja mill\u00e4 hinnalla?<\/p>\n<p>Lue my\u00f6s: <a href=\"https:\/\/www.episodi.fi\/uutiset\/mita-tulee-netflixiin-vuoden-vaihduttua-tsekkaa-tasta-kaikki-tammikuun-2026-uudet-sarjat-ja-leffat\/\" title=\"Mit\u00e4 tulee Netflixiin vuoden vaihduttua? Tsekkaa t\u00e4st\u00e4 kaikki tammikuun 2026 uudet sarjat ja leffat!\" class=\"underline-custom !font-montserrat !font-bold !underline-offset-4 !decoration-4 !decoration-episodi-blue !text-md\" rel=\"nofollow noopener\" target=\"_blank\">Mit\u00e4 tulee Netflixiin vuoden vaihduttua? Tsekkaa t\u00e4st\u00e4 kaikki tammikuun 2026 uudet sarjat ja leffat!<\/a><\/p>\n<p>Lue my\u00f6s: <a href=\"https:\/\/www.episodi.fi\/uutiset\/paljastiko-noah-schnapp-juuri-stranger-thingsin-lopun-millie-bobby-brown-joutui-hiljentamaan-miehen\/\" title=\"Paljastiko Noah Schnapp juuri Stranger Thingsin lopun? \u2013 Millie Bobby Brown joutui hiljent\u00e4m\u00e4\u00e4n miehen\" class=\"underline-custom !font-montserrat !font-bold !underline-offset-4 !decoration-4 !decoration-episodi-blue !text-md\" rel=\"nofollow noopener\" target=\"_blank\">Paljastiko Noah Schnapp juuri Stranger Thingsin lopun? \u2013 Millie Bobby Brown joutui hiljent\u00e4m\u00e4\u00e4n miehen<\/a><\/p>\n<p>Uusi, kahdeksas jakso kantaa nime\u00e4 \u201dThe Rightside Up\u201d ja silt\u00e4 l\u00f6ytyy kestoa 2 tuntia ja 8 minuuttia. Yhdysvalloissa finaalia on mahdollisuus p\u00e4\u00e4st\u00e4 seuraamaan isoilta valkokankailta loppuunmyydyiss\u00e4 n\u00e4yt\u00f6ksiss\u00e4, mutta Suomessa jakso esitet\u00e4\u00e4n kuitenkin yksinomaan suoratoiston kautta.<\/p>\n<p>Kauden ensimm\u00e4inen jakso-osio julkaistiin marraskuun lopulla ja toinen osio tapaninp\u00e4iv\u00e4n\u00e4. Sarja k\u00e4ynnistyi Netflixiss\u00e4 alun perin vuonna 2016.<\/p>\n<p>Lue my\u00f6s: <a href=\"https:\/\/www.episodi.fi\/uutiset\/netflix-perui-stranger-things-tekijoiden-stephen-king-sarjan\/\" title=\"Netflix perui Stranger Things -tekij\u00f6iden Stephen King -sarjan\" class=\"underline-custom !font-montserrat !font-bold !underline-offset-4 !decoration-4 !decoration-episodi-blue !text-md\" rel=\"nofollow noopener\" target=\"_blank\">Netflix perui Stranger Things -tekij\u00f6iden Stephen King -sarjan<\/a><\/p>\n<p>Katso alta Stranger Thingsin finaalijakson traileri.<\/p>\n<p><img loading=\"lazy\" decoding=\"async\" alt=\"YouTube video\" width=\"480\" height=\"360\" data-pin-nopin=\"true\" nopin=\"nopin\" class=\"perfmatters-lazy\" src=\"https:\/\/www.europesays.com\/fi\/wp-content\/uploads\/2025\/12\/1767113407_339_hqdefault.jpg\"\/><\/p>\n<p>Lue my\u00f6s: <a href=\"https:\/\/www.episodi.fi\/uutiskirje\/?uutiskirjemainos=tekstilinkkimainos\" title=\"Tilaa Episodin uutiskirje ja voit voittaa leffalippuja! Nappaa tv-vinkit suoraan s\u00e4hk\u00f6postiin t\u00e4st\u00e4.\" class=\"underline-custom !font-montserrat !font-bold !underline-offset-4 !decoration-4 !decoration-episodi-blue !text-md\" rel=\"nofollow noopener\" target=\"_blank\">Tilaa Episodin uutiskirje ja voit voittaa leffalippuja! Nappaa katseluvinkit suoraan s\u00e4hk\u00f6postiin t\u00e4st\u00e4.<\/a><\/p>\n","protected":false},"excerpt":{"rendered":"On tullut aika j\u00e4tt\u00e4\u00e4 viimeiset hyv\u00e4stit Netflixin megahitti Stranger Thingsille. Sarjan viidennen tuotantokauden viimeinen jakso, joka p\u00e4\u00e4tt\u00e4\u00e4 samalla&hellip;\n","protected":false},"author":2,"featured_media":131043,"comment_status":"","ping_status":"","sticky":false,"template":"","format":"standard","meta":{"footnotes":""},"categories":[131],"tags":[155,137,33,173,31,30,172,217,13249,32,570,571,109],"class_list":{"0":"post-131042","1":"post","2":"type-post","3":"status-publish","4":"format-standard","5":"has-post-thumbnail","7":"category-elokuvat","8":"tag-elokuvat","9":"tag-entertainment","10":"tag-fi","11":"tag-film","12":"tag-finland","13":"tag-finnish","14":"tag-movies","15":"tag-netflix","16":"tag-stranger-things","17":"tag-suomi","18":"tag-suoratoisto","19":"tag-tv-sarjat","20":"tag-viihde"},"share_on_mastodon":{"url":"https:\/\/pubeurope.com\/@fi\/115822048222176075","error":""},"_links":{"self":[{"href":"https:\/\/www.europesays.com\/fi\/wp-json\/wp\/v2\/posts\/131042","targetHints":{"allow":["GET"]}}],"collection":[{"href":"https:\/\/www.europesays.com\/fi\/wp-json\/wp\/v2\/posts"}],"about":[{"href":"https:\/\/www.europesays.com\/fi\/wp-json\/wp\/v2\/types\/post"}],"author":[{"embeddable":true,"href":"https:\/\/www.europesays.com\/fi\/wp-json\/wp\/v2\/users\/2"}],"replies":[{"embeddable":true,"href":"https:\/\/www.europesays.com\/fi\/wp-json\/wp\/v2\/comments?post=131042"}],"version-history":[{"count":0,"href":"https:\/\/www.europesays.com\/fi\/wp-json\/wp\/v2\/posts\/131042\/revisions"}],"wp:featuredmedia":[{"embeddable":true,"href":"https:\/\/www.europesays.com\/fi\/wp-json\/wp\/v2\/media\/131043"}],"wp:attachment":[{"href":"https:\/\/www.europesays.com\/fi\/wp-json\/wp\/v2\/media?parent=131042"}],"wp:term":[{"taxonomy":"category","embeddable":true,"href":"https:\/\/www.europesays.com\/fi\/wp-json\/wp\/v2\/categories?post=131042"},{"taxonomy":"post_tag","embeddable":true,"href":"https:\/\/www.europesays.com\/fi\/wp-json\/wp\/v2\/tags?post=131042"}],"curies":[{"name":"wp","href":"https:\/\/api.w.org\/{rel}","templated":true}]}}