{"id":131046,"date":"2026-01-01T21:51:07","date_gmt":"2026-01-01T21:51:07","guid":{"rendered":"https:\/\/www.europesays.com\/fi\/131046\/"},"modified":"2026-01-01T21:51:07","modified_gmt":"2026-01-01T21:51:07","slug":"marika-fingerroosilta-yllattava-suhdekaanne-kuukaudessa-opin-rakkaudesta","status":"publish","type":"post","link":"https:\/\/www.europesays.com\/fi\/131046\/","title":{"rendered":"Marika Fingerroosilta yll\u00e4tt\u00e4v\u00e4 suhdek\u00e4\u00e4nne: &#8221;Kuukaudessa opin rakkaudesta&#8230;&#8221;"},"content":{"rendered":"<p>Sis\u00e4ll\u00f6ntuottajana nykyisin ty\u00f6skentelev\u00e4 ja aikuisten lelukaupan toiminnot myynyt Marika Fingerroos on kertonut onnellisia uutisia somessa.<\/p>\n<p>-El\u00e4m\u00e4 yll\u00e4tti minut tavalla, jota en osannut odottaa, h\u00e4n alustaa.<\/p>\n<p>H\u00e4\u00e4lupaus<\/p>\n<p>Marika on mennyt kihloihin. Yll\u00e4tt\u00e4en kuin Annelille faksi! H\u00e4n kertoo oppineensa kuukaudessa enemm\u00e4n rakkaudesta, turvasta ja l\u00e4sn\u00e4olosta kuin pitk\u00e4\u00e4n aikaan.<\/p>\n<p>T\u00e4m\u00e4 tarkoittaa siis, ett\u00e4 suhde on tuore, vain kuukauden mittainen.<\/p>\n<p>Marikaa ei vauhti pelota.<\/p>\n<p>-Kun oikea tunne l\u00f6ytyy, aikaa ei mitata kalenterilla vaan syd\u00e4mell\u00e4. Sanoin kyll\u00e4, koska tiesin. Koska rauha oli suurempi kuin pelko. Olen kihloissa, h\u00e4n kirjoittaa.<\/p>\n<p><a href=\"https:\/\/www.instagram.com\/p\/DS8iP-YiODT\/\" rel=\"nofollow noopener\" target=\"_blank\">Kuvassa<\/a> h\u00e4n esittelee sormustaan.<\/p>\n<p>Lue my\u00f6s: <a href=\"https:\/\/www.como.fi\/uutiset\/halloota-com-marika-fingerroosin-kotiin-poliisi-ja-ambulanssi\/\" title=\"Halloota.com: Marika Fingerroosin kotiin poliisi ja ambulanssi!\" class=\"underline-custom !font-montserrat !font-bold !underline-offset-4 !decoration-4 !decoration-red-600 !text-md\" rel=\"nofollow noopener\" target=\"_blank\">Halloota.com: Marika Fingerroosin kotiin poliisi ja ambulanssi!<\/a><\/p>\n<p>Kihlaus on lupaus avioliitosta. Marikalla on takana avioliittoja kaksi. VIimeisin niist\u00e4 purkautui kolme vuotta sitten. Kahdeksan vuotta yht\u00e4 pit\u00e4nyt pari sai yhteisen pojan ja Marikan nimi muuttui Tupilaksi. Fingerroosilla on lis\u00e4ksi pian t\u00e4ysik\u00e4inen poika edellisest\u00e4 avioliitostaan.<\/p>\n<blockquote class=\"instagram-media\" data-instgrm-captioned=\"\" data-instgrm-permalink=\"https:\/\/www.instagram.com\/reel\/DS8iP-YiODT\/?utm_source=ig_embed&amp;utm_campaign=loading\" data-instgrm-version=\"14\" style=\" background:#FFF; border:0; border-radius:3px; box-shadow:0 0 1px 0 rgba(0,0,0,0.5),0 1px 10px 0 rgba(0,0,0,0.15); margin: 1px; max-width:540px; min-width:326px; padding:0; width:99.375%; width:-webkit-calc(100% - 2px); width:calc(100% - 2px);\">\n<\/blockquote>\n<p>Lue my\u00f6s: <a href=\"https:\/\/www.como.fi\/tilaa-comon-uutiskirje\/\" title=\"Tilaa Comon uutiskirje ja tied\u00e4t mist\u00e4 kahvitauolla puhutaan! Nappaa kotimaan tv-vinkit ja puheenaiheet suoraan s\u00e4hk\u00f6postiin t\u00e4st\u00e4.\" class=\"underline-custom !font-montserrat !font-bold !underline-offset-4 !decoration-4 !decoration-red-600 !text-md\" rel=\"nofollow noopener\" target=\"_blank\">Tilaa Comon uutiskirje ja tied\u00e4t mist\u00e4 kahvitauolla puhutaan! Nappaa kotimaan tv-vinkit ja puheenaiheet suoraan s\u00e4hk\u00f6postiin t\u00e4st\u00e4.<\/a><\/p>\n<p>\t\t\t<script async src=\"\/\/www.instagram.com\/embed.js\"><\/script><\/p>\n","protected":false},"excerpt":{"rendered":"Sis\u00e4ll\u00f6ntuottajana nykyisin ty\u00f6skentelev\u00e4 ja aikuisten lelukaupan toiminnot myynyt Marika Fingerroos on kertonut onnellisia uutisia somessa. -El\u00e4m\u00e4 yll\u00e4tti minut&hellip;\n","protected":false},"author":2,"featured_media":131047,"comment_status":"","ping_status":"","sticky":false,"template":"","format":"standard","meta":{"footnotes":""},"categories":[130],"tags":[137,33,31,30,7291,32,109],"class_list":{"0":"post-131046","1":"post","2":"type-post","3":"status-publish","4":"format-standard","5":"has-post-thumbnail","7":"category-viihde","8":"tag-entertainment","9":"tag-fi","10":"tag-finland","11":"tag-finnish","12":"tag-marika-fingerroos","13":"tag-suomi","14":"tag-viihde"},"share_on_mastodon":{"url":"https:\/\/pubeurope.com\/@fi\/115822059996442069","error":""},"_links":{"self":[{"href":"https:\/\/www.europesays.com\/fi\/wp-json\/wp\/v2\/posts\/131046","targetHints":{"allow":["GET"]}}],"collection":[{"href":"https:\/\/www.europesays.com\/fi\/wp-json\/wp\/v2\/posts"}],"about":[{"href":"https:\/\/www.europesays.com\/fi\/wp-json\/wp\/v2\/types\/post"}],"author":[{"embeddable":true,"href":"https:\/\/www.europesays.com\/fi\/wp-json\/wp\/v2\/users\/2"}],"replies":[{"embeddable":true,"href":"https:\/\/www.europesays.com\/fi\/wp-json\/wp\/v2\/comments?post=131046"}],"version-history":[{"count":0,"href":"https:\/\/www.europesays.com\/fi\/wp-json\/wp\/v2\/posts\/131046\/revisions"}],"wp:featuredmedia":[{"embeddable":true,"href":"https:\/\/www.europesays.com\/fi\/wp-json\/wp\/v2\/media\/131047"}],"wp:attachment":[{"href":"https:\/\/www.europesays.com\/fi\/wp-json\/wp\/v2\/media?parent=131046"}],"wp:term":[{"taxonomy":"category","embeddable":true,"href":"https:\/\/www.europesays.com\/fi\/wp-json\/wp\/v2\/categories?post=131046"},{"taxonomy":"post_tag","embeddable":true,"href":"https:\/\/www.europesays.com\/fi\/wp-json\/wp\/v2\/tags?post=131046"}],"curies":[{"name":"wp","href":"https:\/\/api.w.org\/{rel}","templated":true}]}}