{"id":131048,"date":"2026-01-01T21:55:07","date_gmt":"2026-01-01T21:55:07","guid":{"rendered":"https:\/\/www.europesays.com\/fi\/131048\/"},"modified":"2026-01-01T21:55:07","modified_gmt":"2026-01-01T21:55:07","slug":"amerikkalaistiedustelu-putinin-huvilaan-ei-yritetty-iskea","status":"publish","type":"post","link":"https:\/\/www.europesays.com\/fi\/131048\/","title":{"rendered":"Amerikkalaistiedustelu: Putinin huvilaan ei yritetty iske\u00e4"},"content":{"rendered":"<p>Trump ei vaikuta en\u00e4\u00e4 uskovan Putinin v\u00e4itteeseen.<\/p>\n<p class=\"article-body mb-nof-24 px-nof-16\">Yhdysvaltain kansallisen turvallisuuden viranomaisten mukaan Ukraina ei yritt\u00e4nyt iske\u00e4 presidentti<a class=\"font-bold underline-offset-[0.12em] [text-decoration:var(--person-link-text-decoration)] ![text-decoration-color:var(--person-link-text-decoration-color)]\" href=\"https:\/\/www.is.fi\/haku\/?query=%20Vladimir%20Putinin\" rel=\"nofollow noopener\" target=\"_blank\"> Vladimir Putinin <\/a>huvilaan lennokeilla, kertoo<a class=\"underline underline-offset-[0.12em] [text-decoration-thickness:var(--generic-link-underline-thickness)] [text-decoration-color:var(--generic-link-underline-color)] [text-decoration-skip-ink:var(--generic-link-underline-skip-ink)] break-words\" href=\"https:\/\/www.wsj.com\/politics\/national-security\/u-s-finds-ukraine-didnt-target-putin-in-drone-strike-615ce4be?mod=hp_lead_pos3\" rel=\"nofollow noopener\" target=\"_blank\"> Wall Street Journal.<\/a><\/p>\n<p class=\"article-body mb-nof-24 px-nof-16\">My\u00f6s keskustiedustelupalvelu CIA on p\u00e4\u00e4tynyt samaan arvioon, kertovat <a class=\"underline underline-offset-[0.12em] [text-decoration-thickness:var(--generic-link-underline-thickness)] [text-decoration-color:var(--generic-link-underline-color)] [text-decoration-skip-ink:var(--generic-link-underline-skip-ink)] break-words\" href=\"https:\/\/edition.cnn.com\/2025\/12\/31\/politics\/cia-ukraine-drone-putin-residence\" rel=\"nofollow noopener\" target=\"_blank\">CNN:n <\/a>viranomaisl\u00e4hteet.<\/p>\n<p class=\"article-body mb-nof-24 px-nof-16\">Ven\u00e4j\u00e4n ulkoministeri <a class=\"font-bold underline-offset-[0.12em] [text-decoration:var(--person-link-text-decoration)] ![text-decoration-color:var(--person-link-text-decoration-color)]\" href=\"https:\/\/www.is.fi\/haku\/?query=Sergei%20Lavrov\" rel=\"nofollow noopener\" target=\"_blank\">Sergei Lavrov<\/a> v\u00e4itti maanantaina, ett\u00e4 Ukraina olisi edelt\u00e4v\u00e4n\u00e4 y\u00f6n\u00e4 yritt\u00e4nyt iske\u00e4 Putinin huvilalle Novgorodin alueella. H\u00e4n lupasi, ett\u00e4 Ven\u00e4j\u00e4 vastaa iskuun.<\/p>\n<p class=\"article-body mb-nof-24 px-nof-16\">L\u00e4nness\u00e4 on kyseenalaistettu Ven\u00e4j\u00e4n v\u00e4ite. Ukraina on kiist\u00e4nyt iskuyrityksen, eik\u00e4 mik\u00e4\u00e4n taho ole esitt\u00e4nyt n\u00e4ytt\u00f6\u00e4 siit\u00e4, ett\u00e4 iskuyritys olisi tapahtunut.<\/p>\n<p class=\"article-body mb-nof-24 px-nof-16\">V\u00e4ite iskusta esitettiin sen j\u00e4lkeen, kun <a class=\"font-bold underline-offset-[0.12em] [text-decoration:var(--person-link-text-decoration)] ![text-decoration-color:var(--person-link-text-decoration-color)]\" href=\"https:\/\/www.is.fi\/haku\/?query=Donald%20Trump\" rel=\"nofollow noopener\" target=\"_blank\">Donald Trump<\/a> ja<a class=\"font-bold underline-offset-[0.12em] [text-decoration:var(--person-link-text-decoration)] ![text-decoration-color:var(--person-link-text-decoration-color)]\" href=\"https:\/\/www.is.fi\/haku\/?query=%20Volodomyr%20Zelenskyi\" rel=\"nofollow noopener\" target=\"_blank\"> Volodomyr Zelenskyi <\/a>olivat sunnuntaina tavanneet ja sanoneet olevansa yht\u00e4 mielt\u00e4 hyvin monesta asiasta Ukrainan rauhan\u00adsuunnitelmassa.<\/p>\n<p class=\"article-body mb-nof-24 px-nof-16\">CNN:n mukaan CIA:n johtaja <a class=\"font-bold underline-offset-[0.12em] [text-decoration:var(--person-link-text-decoration)] ![text-decoration-color:var(--person-link-text-decoration-color)]\" href=\"https:\/\/www.is.fi\/haku\/?query=John%20Ratcliffe\" rel=\"nofollow noopener\" target=\"_blank\">John Ratcliffe <\/a>on toimittanut CIA:n arvion presidentti Trumpille.<\/p>\n<p class=\"article-body mb-nof-24 px-nof-16\">Putin kertoi Trumpille puhelinkeskustelussa Ukrainan iskuyrityksest\u00e4. Trump totesi j\u00e4lkik\u00e4teen olevansa \u201dhyvin vihainen\u201d v\u00e4itetyst\u00e4 iskusta, mutta my\u00f6hemmin otti ep\u00e4ilev\u00e4mm\u00e4n kannan.<\/p>\n<p class=\"article-body mb-nof-24 px-nof-16\">Trump jakoikin uudenvuodenaattona sosiaalisessa mediassa<a class=\"underline underline-offset-[0.12em] [text-decoration-thickness:var(--generic-link-underline-thickness)] [text-decoration-color:var(--generic-link-underline-color)] [text-decoration-skip-ink:var(--generic-link-underline-skip-ink)] break-words\" href=\"https:\/\/nypost.com\/2025\/12\/30\/opinion\/putin-attack-bluster-shows-russia-is-one-standing-in-way-of-peace\/\" rel=\"nofollow noopener\" target=\"_blank\"> New York Postin <\/a>p\u00e4\u00e4kirjoituksen, jossa todettiin Putinin \u201dhy\u00f6kk\u00e4ys\u201d -lausuntojen osoittavan, ett\u00e4 Ven\u00e4j\u00e4 seisoo rauhan esteen\u00e4, ja kyseenalaisti Ven\u00e4j\u00e4n v\u00e4itteen uskottavuuden.<\/p>\n","protected":false},"excerpt":{"rendered":"Trump ei vaikuta en\u00e4\u00e4 uskovan Putinin v\u00e4itteeseen. Yhdysvaltain kansallisen turvallisuuden viranomaisten mukaan Ukraina ei yritt\u00e4nyt iske\u00e4 presidentti Vladimir&hellip;\n","protected":false},"author":2,"featured_media":131049,"comment_status":"","ping_status":"","sticky":false,"template":"","format":"standard","meta":{"footnotes":""},"categories":[14],"tags":[22,23,26,27,33,31,30,17,34,24,25,28,29,15,18,21,32,19,20,56,16,59,60,61],"class_list":{"0":"post-131048","1":"post","2":"type-post","3":"status-publish","4":"format-standard","5":"has-post-thumbnail","7":"category-ulkomaat","8":"tag-breaking-news","9":"tag-breakingnews","10":"tag-featured-news","11":"tag-featurednews","12":"tag-fi","13":"tag-finland","14":"tag-finnish","15":"tag-headlines","16":"tag-ilta-sanomat","17":"tag-latest-news","18":"tag-latestnews","19":"tag-main-news","20":"tag-mainnews","21":"tag-news","22":"tag-otsikot","23":"tag-paauutiset","24":"tag-suomi","25":"tag-top-stories","26":"tag-topstories","27":"tag-ulkomaat","28":"tag-uutiset","29":"tag-world","30":"tag-world-news","31":"tag-worldnews"},"share_on_mastodon":{"url":"https:\/\/pubeurope.com\/@fi\/115822075850950982","error":""},"_links":{"self":[{"href":"https:\/\/www.europesays.com\/fi\/wp-json\/wp\/v2\/posts\/131048","targetHints":{"allow":["GET"]}}],"collection":[{"href":"https:\/\/www.europesays.com\/fi\/wp-json\/wp\/v2\/posts"}],"about":[{"href":"https:\/\/www.europesays.com\/fi\/wp-json\/wp\/v2\/types\/post"}],"author":[{"embeddable":true,"href":"https:\/\/www.europesays.com\/fi\/wp-json\/wp\/v2\/users\/2"}],"replies":[{"embeddable":true,"href":"https:\/\/www.europesays.com\/fi\/wp-json\/wp\/v2\/comments?post=131048"}],"version-history":[{"count":0,"href":"https:\/\/www.europesays.com\/fi\/wp-json\/wp\/v2\/posts\/131048\/revisions"}],"wp:featuredmedia":[{"embeddable":true,"href":"https:\/\/www.europesays.com\/fi\/wp-json\/wp\/v2\/media\/131049"}],"wp:attachment":[{"href":"https:\/\/www.europesays.com\/fi\/wp-json\/wp\/v2\/media?parent=131048"}],"wp:term":[{"taxonomy":"category","embeddable":true,"href":"https:\/\/www.europesays.com\/fi\/wp-json\/wp\/v2\/categories?post=131048"},{"taxonomy":"post_tag","embeddable":true,"href":"https:\/\/www.europesays.com\/fi\/wp-json\/wp\/v2\/tags?post=131048"}],"curies":[{"name":"wp","href":"https:\/\/api.w.org\/{rel}","templated":true}]}}