{"id":131050,"date":"2026-01-01T21:56:09","date_gmt":"2026-01-01T21:56:09","guid":{"rendered":"https:\/\/www.europesays.com\/fi\/131050\/"},"modified":"2026-01-01T21:56:09","modified_gmt":"2026-01-01T21:56:09","slug":"suden-metsastaminen-on-nyt-sallittua-heti-ensimmaisena-paivana-kaadettiin-12-sutta-kotimaa","status":"publish","type":"post","link":"https:\/\/www.europesays.com\/fi\/131050\/","title":{"rendered":"Suden mets\u00e4st\u00e4minen on nyt sallittua \u2013 heti ensimm\u00e4isen\u00e4 p\u00e4iv\u00e4n\u00e4 kaadettiin 12 sutta | Kotimaa"},"content":{"rendered":"<ul class=\"aw-1jjocuh iJTSwP yle__article__list yle__article__list--ul\">\n<li class=\"aw-1j7gwms gNYKfi\">Suden mets\u00e4stys alkaa, koska lajin ymp\u00e4rivuotinen rauhoitus on p\u00e4\u00e4ttynyt.<\/li>\n<li class=\"aw-1j7gwms gNYKfi\">Mets\u00e4styksen tavoitteena on pienent\u00e4\u00e4 susikantaa hallitusti. Mets\u00e4stys tapahtuu alueellisten kiinti\u00f6iden mukaan.<\/li>\n<li class=\"aw-1j7gwms gNYKfi\">Jahtia harjoittavat yleens\u00e4 mets\u00e4stysseurat yhteisty\u00f6ss\u00e4. Jokaisella jahdilla on nimetty ja vastuullinen johtaja.<\/li>\n<\/ul>\n<p class=\"aw-1gybjub aw-1p7kakr kEtdKx cEmitX yle__article__paragraph\">Suden mets\u00e4stys on alkanut vuoden 2026 alusta.<\/p>\n<p class=\"aw-1gybjub aw-1p7kakr kEtdKx cEmitX yle__article__paragraph\">Vuoden ensimm\u00e4isest\u00e4 p\u00e4iv\u00e4st\u00e4 alkaen susi ei ole en\u00e4\u00e4 kokonaan rauhoitettu ymp\u00e4ri vuoden, vaan jatkossa sen rauhoitusaika on 11. helmikuuta \u2013 30. marraskuuta.<\/p>\n<p class=\"aw-1gybjub aw-1p7kakr kEtdKx cEmitX yle__article__paragraph\">Ensimm\u00e4isen\u00e4 mets\u00e4stysp\u00e4iv\u00e4n\u00e4 kello 19 menness\u00e4 on kaadettu 12 sutta eri puolilla maata, asia selvi\u00e4\u00e4 <a class=\"aw-iao6s4 iHOxEa yle__article__link\" href=\"https:\/\/kiintio.riista.fi\/?_gl=1%2Akr04kr%2A_ga%2ANDM3NDQ4ODc2LjE3NTU1MTQ4MzM.%2A_ga_CFR0WDKTCN%2AczE3NjcyNjM4MTgkbzE5JGcwJHQxNzY3MjYzODE4JGo2MCRsMCRoMA\" role=\"link\" rel=\"nofollow noopener\" target=\"_blank\">Suomen riistakeskuksen p\u00e4ivittyv\u00e4st\u00e4 kiinti\u00f6tilanteesta<\/a>.<\/p>\n<p class=\"aw-1gybjub aw-1p7kakr kEtdKx cEmitX yle__article__paragraph\">Sudenmets\u00e4styst\u00e4 tehd\u00e4\u00e4n alueellisten kiinti\u00f6iden puitteissa ja mets\u00e4stysoikeus on usein mets\u00e4stysseuroilla.<\/p>\n<p class=\"aw-1gybjub aw-1p7kakr kEtdKx cEmitX yle__article__paragraph\">Kysyimme Varsinais-Suomen Riistakeskuksen vs. riistap\u00e4\u00e4llikk\u00f6 <strong class=\"aw-ak79eh KyCXm yle__article__strong\">J\u00f6rgen Hermanssonilta<\/strong>, miten suden mets\u00e4stys k\u00e4yt\u00e4nn\u00f6ss\u00e4 toteutuu.<\/p>\n<p>Kuusi kysymyst\u00e4 suden mets\u00e4st\u00e4misest\u00e4<\/p>\n<p class=\"aw-1gybjub aw-1p7kakr kEtdKx cEmitX yle__article__paragraph\">N\u00e4in riistap\u00e4\u00e4llikk\u00f6 J\u00f6rgen Hermansson selitt\u00e4\u00e4 sudenmets\u00e4styst\u00e4:<\/p>\n<p class=\"aw-1gybjub aw-1p7kakr kEtdKx cEmitX yle__article__paragraph\"><strong class=\"aw-ak79eh KyCXm yle__article__strong\">1. Kuka saa osallistua suden mets\u00e4stykseen?<\/strong><\/p>\n<p class=\"aw-1gybjub aw-1p7kakr kEtdKx cEmitX yle__article__paragraph\">Jokainen, jolla on mets\u00e4stysoikeus kiinti\u00f6alueella saa osallistua suden mets\u00e4stykseen.<\/p>\n<p class=\"aw-1gybjub aw-1p7kakr kEtdKx cEmitX yle__article__paragraph\">K\u00e4yt\u00e4nn\u00f6ss\u00e4 mets\u00e4stysoikeus on usein mets\u00e4stysseuroilla, jotka tekev\u00e4t pyynti\u00e4 yhteisty\u00f6ss\u00e4 seurojen rajat ylitt\u00e4en.<\/p>\n<p class=\"aw-1gybjub aw-1p7kakr kEtdKx cEmitX yle__article__paragraph\"><strong class=\"aw-ak79eh KyCXm yle__article__strong\">2. Miten susijahti j\u00e4rjestet\u00e4\u00e4n?<\/strong><\/p>\n<p class=\"aw-1gybjub aw-1p7kakr kEtdKx cEmitX yle__article__paragraph\">Jokaisella mets\u00e4stysporukalla on jahdista vastuussa oleva nimetty mets\u00e4styksen johtaja. Nimetty johtaja osallistuu itse jahtiin. Mets\u00e4stysseurat voivat yhdist\u00e4\u00e4 voimiaan, jotta jahti on tehokkaampi.<\/p>\n<p class=\"aw-1gybjub aw-1p7kakr kEtdKx cEmitX yle__article__paragraph\">K\u00e4yt\u00e4nn\u00f6ss\u00e4 susijahti on sit\u00e4, ett\u00e4 mets\u00e4st\u00e4j\u00e4t odottavat ennakkoon selvitetyss\u00e4 passipaikassa, milloin sudet tulevat paikalle.<\/p>\n<p class=\"aw-1gybjub aw-1p7kakr kEtdKx cEmitX yle__article__paragraph\">\u2013 Suden liikkuvat hyvin laajalla alueella, joten mets\u00e4stysseurojen yhteisty\u00f6 on suden mets\u00e4styksess\u00e4 t\u00e4rke\u00e4\u00e4, Hermansson painottaa.<\/p>\n<p>Sudenpentu harjoitteli ulvomista keskiy\u00f6ll\u00e4 hein\u00e4kuun puoliv\u00e4liss\u00e4 Uudessakaupungissa. Video: Petteri Kaukkila<\/p>\n<p class=\"aw-1gybjub aw-1p7kakr kEtdKx cEmitX yle__article__paragraph\"><strong class=\"aw-ak79eh KyCXm yle__article__strong\">3. Miten susijahti aloitetaan ja kuinka sen etenemist\u00e4 seurataan?<\/strong><\/p>\n<p class=\"aw-1gybjub aw-1p7kakr kEtdKx cEmitX yle__article__paragraph\">Jokainen jahti ilmoitetaan riistakeskukselle ennen jahdin alkamista. Ilmoituksessa kerrotaan tarkka jahdin ajankohta ja paikka.<\/p>\n<p class=\"aw-1gybjub aw-1p7kakr kEtdKx cEmitX yle__article__paragraph\">Jos susi saadaan kaadettua, siit\u00e4 tehd\u00e4\u00e4n viipym\u00e4tt\u00e4 saalisilmoitus keskuksen nettipalvelun kautta. Ajantasainen tieto kaadetuista susista ja j\u00e4ljell\u00e4 olevasta kiinti\u00f6st\u00e4 on vapaasti n\u00e4ht\u00e4viss\u00e4 riistakeskuksen sivuilla.<\/p>\n<p class=\"aw-1gybjub aw-1p7kakr kEtdKx cEmitX yle__article__paragraph\">Mets\u00e4styksen johtajan vastuulla on tarkistaa ajankohtainen tilanne ennen susijahtiin l\u00e4ht\u00f6\u00e4.<\/p>\n<p class=\"aw-1gybjub aw-1p7kakr kEtdKx cEmitX yle__article__paragraph\"><strong class=\"aw-ak79eh KyCXm yle__article__strong\">4. Miten susia j\u00e4ljitet\u00e4\u00e4n?<\/strong><\/p>\n<p class=\"aw-1gybjub aw-1p7kakr kEtdKx cEmitX yle__article__paragraph\">Tehokkain tapa susien tavoittamiseen on mets\u00e4st\u00e4jien tekem\u00e4 ennakkotiedustelu: susien j\u00e4lki\u00e4 etsit\u00e4\u00e4n lumesta ja maastosta.<\/p>\n<p class=\"aw-1gybjub aw-1p7kakr kEtdKx cEmitX yle__article__paragraph\">Sudet liikkuvat \u00f6isin, joten jahtiin l\u00e4hdett\u00e4ess\u00e4 mets\u00e4st\u00e4jill\u00e4 on syyt\u00e4 olla tiedossa, miss\u00e4 sudet aamun sarastaessa ovat.<\/p>\n<p class=\"aw-1gybjub aw-1p7kakr kEtdKx cEmitX yle__article__paragraph\">Jahdeissa k\u00e4ytet\u00e4\u00e4n mukana my\u00f6s koiria, joiden teht\u00e4v\u00e4 on pit\u00e4\u00e4 susi liikkeess\u00e4. Mets\u00e4stykseen osallistuvilla koirilla on usein ennest\u00e4\u00e4n kokemusta susista.<\/p>\n<p class=\"aw-1gybjub aw-1p7kakr kEtdKx cEmitX yle__article__paragraph\">\u2013 Koiraa pidet\u00e4\u00e4n kytkettyn\u00e4 liinassa kunnes sudet l\u00e4htev\u00e4t liikkeell\u00e4. Koira ei pysty ohjaamaan mihin susi menee, mutta mets\u00e4st\u00e4jill\u00e4 on tiedossa susien k\u00e4ytt\u00e4m\u00e4t reitit, joten susien liikkeit\u00e4 pystyy ennakoimaan, Hermansson sanoo.<\/p>\n<p class=\"aw-1gybjub aw-1p7kakr kEtdKx cEmitX yle__article__paragraph\"><strong class=\"aw-ak79eh KyCXm yle__article__strong\">Grafiikka n\u00e4ytt\u00e4\u00e4, miten susireviirit ovat kehittyneet vuosina 2017\u20132025. Reviirit kattavat pian koko Lounais-Suomen.<\/strong><\/p>\n<p class=\"aw-1gybjub aw-1p7kakr kEtdKx cEmitX yle__article__paragraph\"><strong class=\"aw-ak79eh KyCXm yle__article__strong\">5. Mill\u00e4 aseilla susia mets\u00e4stet\u00e4\u00e4n?<\/strong><\/p>\n<p class=\"aw-1gybjub aw-1p7kakr kEtdKx cEmitX yle__article__paragraph\">Suden mets\u00e4stykseen k\u00e4ytet\u00e4\u00e4n p\u00e4\u00e4asiassa samoja kiv\u00e4\u00e4rej\u00e4 kuin esimerkiksi peuran tai hirven mets\u00e4styksess\u00e4.<\/p>\n<p class=\"aw-1gybjub aw-1p7kakr kEtdKx cEmitX yle__article__paragraph\">Suden mets\u00e4styksess\u00e4 k\u00e4ytett\u00e4v\u00e4 luoti eroaa kuitenkin hieman \u2013 se on pehme\u00e4mpi ja laajenee nopeammin osuessaan.<\/p>\n<p class=\"aw-1gybjub aw-1p7kakr kEtdKx cEmitX yle__article__paragraph\">\u2013 Liian kova luoti l\u00e4vist\u00e4\u00e4 suden, joten sutta mets\u00e4st\u00e4ess\u00e4 pehme\u00e4mpi luoti on tehokkaampi. Sutta ei my\u00f6sk\u00e4\u00e4n sy\u00f6d\u00e4, joten luodin valintaan eiv\u00e4t vaikuta samanlaiset asiat kuin sy\u00f6t\u00e4v\u00e4ksi tarkoitetun riistan mets\u00e4styksess\u00e4, Hermansson toteaa.<\/p>\n<p class=\"aw-1gybjub aw-1p7kakr kEtdKx cEmitX yle__article__paragraph\">Suden mets\u00e4styksess\u00e4 voi k\u00e4ytt\u00e4\u00e4 my\u00f6s haulikkoa, silloin kun kiv\u00e4\u00e4rin k\u00e4ytt\u00f6 ei pitk\u00e4n kantaman takia turvallisuussyist\u00e4 ole mahdollista. Haulikolla sutta mets\u00e4stett\u00e4ess\u00e4 k\u00e4ytet\u00e4\u00e4n karkeita luoteja.<\/p>\n<p class=\"aw-1gybjub aw-1p7kakr kEtdKx cEmitX yle__article__paragraph\"><strong class=\"aw-ak79eh KyCXm yle__article__strong\">6. Mit\u00e4 sudenmets\u00e4styksen tavoitteena on?<\/strong><\/p>\n<p class=\"aw-1gybjub aw-1p7kakr kEtdKx cEmitX yle__article__paragraph\">Sudenmets\u00e4styst\u00e4 tehd\u00e4\u00e4n alueellisten kiinti\u00f6iden puitteissa.<\/p>\n<p class=\"aw-1gybjub aw-1p7kakr kEtdKx cEmitX yle__article__paragraph\">Kiinti\u00f6t on mitoitettu niin, ett\u00e4 koko lauma voidaan tarvittaessa poistaa alueelta. Mets\u00e4stys keskeytet\u00e4\u00e4n heti, kun kiinti\u00f6 t\u00e4yttyy.<\/p>\n<p class=\"aw-1gybjub aw-1p7kakr kEtdKx cEmitX yle__article__paragraph\">\u2013 Mets\u00e4styksell\u00e4 pyrit\u00e4\u00e4n hallittuun susikannan v\u00e4hent\u00e4miseen. Kokonaisten laumojen poistaminen tekee siit\u00e4 hallittavan ja siten voidaan ennakoida, mink\u00e4laisia vaikutuksia laumojen poistamisella kannalle on, Hermansson sanoo.<\/p>\n<p class=\"aw-1gybjub aw-1p7kakr kEtdKx cEmitX yle__article__paragraph\"><strong class=\"aw-ak79eh KyCXm yle__article__strong\">Alla on mets\u00e4styskiinti\u00f6 reviireitt\u00e4in ja perusteiden mukaan.<\/strong><\/p>\n<p>Susien mets\u00e4styskiinti\u00f6<\/p>\n<p class=\"aw-1gybjub aw-1p7kakr kEtdKx cEmitX yle__article__paragraph\">1) Pahkavaara 5 (mets\u00e4peura)<\/p>\n<p class=\"aw-1gybjub aw-1p7kakr kEtdKx cEmitX yle__article__paragraph\">1) Pahkavaara 5 (mets\u00e4peura)<\/p>\n<p class=\"aw-1gybjub aw-1p7kakr kEtdKx cEmitX yle__article__paragraph\">2) Vuosanka 6 (mets\u00e4peura)<\/p>\n<p class=\"aw-1gybjub aw-1p7kakr kEtdKx cEmitX yle__article__paragraph\">3) Nivala 4 (l\u00e4hisukulaisuus)<\/p>\n<p class=\"aw-1gybjub aw-1p7kakr kEtdKx cEmitX yle__article__paragraph\">4) Kaskinen-N\u00e4rpi\u00f6 8 (koirasudet, vahingot)<\/p>\n<p class=\"aw-1gybjub aw-1p7kakr kEtdKx cEmitX yle__article__paragraph\">5) Peurainneva 6 (koirasudet)<\/p>\n<p class=\"aw-1gybjub aw-1p7kakr kEtdKx cEmitX yle__article__paragraph\">6) Lauhanvuori 6 (mets\u00e4peura, vahingot)<\/p>\n<p class=\"aw-1gybjub aw-1p7kakr kEtdKx cEmitX yle__article__paragraph\">7) Eurajoki 6 (vahingot)<\/p>\n<p class=\"aw-1gybjub aw-1p7kakr kEtdKx cEmitX yle__article__paragraph\">8) Rekikoski 6 (turvallisuus, vahingot)<\/p>\n<p class=\"aw-1gybjub aw-1p7kakr kEtdKx cEmitX yle__article__paragraph\">9) K\u00f6yli\u00f6 3 (turvallisuus)<\/p>\n<p class=\"aw-1gybjub aw-1p7kakr kEtdKx cEmitX yle__article__paragraph\">10) Humppila 8 (turvallisuus, vahingot)<\/p>\n<p class=\"aw-1gybjub aw-1p7kakr kEtdKx cEmitX yle__article__paragraph\">11) Kustavi 7 (turvallisuus, vahingot)<\/p>\n<p class=\"aw-1gybjub aw-1p7kakr kEtdKx cEmitX yle__article__paragraph\">12) Aura-Paimio 13 (turvallisuus, vahingot)<\/p>\n<p class=\"aw-1gybjub aw-1p7kakr kEtdKx cEmitX yle__article__paragraph\">13) Kyt\u00e4j\u00e4 2 (koirasudet, turvallisuus)<\/p>\n<p class=\"aw-1gybjub aw-1p7kakr kEtdKx cEmitX yle__article__paragraph\">14) Nurmij\u00e4rvi 6 (turvallisuus)<\/p>\n<p class=\"aw-1gybjub aw-1p7kakr kEtdKx cEmitX yle__article__paragraph\">15) Tohmaj\u00e4rvi-Kitee 4 (vahingot, turvallisuus)<\/p>\n<p class=\"aw-1gybjub aw-1p7kakr kEtdKx cEmitX yle__article__paragraph\">16) Kaakkois-Suomi 10 (koirasudet)<\/p>\n<p class=\"aw-1gybjub aw-1p7kakr kEtdKx cEmitX yle__article__paragraph\"><strong class=\"aw-ak79eh KyCXm yle__article__strong\">Marttilan seudun riistanhoitoyhdistyksen suurpetotoimija Juhana Simolin kommentoi odotuksia mets\u00e4styksen sallimisesta marraskuussa. H\u00e4n uskoo, ett\u00e4 mets\u00e4stys vaikuttaa susien k\u00e4yt\u00f6kseen.<\/strong><\/p>\n","protected":false},"excerpt":{"rendered":"Suden mets\u00e4stys alkaa, koska lajin ymp\u00e4rivuotinen rauhoitus on p\u00e4\u00e4ttynyt. Mets\u00e4styksen tavoitteena on pienent\u00e4\u00e4 susikantaa hallitusti. Mets\u00e4stys tapahtuu alueellisten&hellip;\n","protected":false},"author":2,"featured_media":131051,"comment_status":"","ping_status":"","sticky":false,"template":"","format":"standard","meta":{"footnotes":""},"categories":[12],"tags":[22,23,404,26,27,33,31,30,17,71,24,25,72,28,29,479,11261,15,18,21,32,4237,19,20,16,663],"class_list":{"0":"post-131050","1":"post","2":"type-post","3":"status-publish","4":"format-standard","5":"has-post-thumbnail","7":"category-suomi","8":"tag-breaking-news","9":"tag-breakingnews","10":"tag-elaimet","11":"tag-featured-news","12":"tag-featurednews","13":"tag-fi","14":"tag-finland","15":"tag-finnish","16":"tag-headlines","17":"tag-kotimaa","18":"tag-latest-news","19":"tag-latestnews","20":"tag-luonto","21":"tag-main-news","22":"tag-mainnews","23":"tag-metsastys","24":"tag-metsastysseurat","25":"tag-news","26":"tag-otsikot","27":"tag-paauutiset","28":"tag-suomi","29":"tag-susi","30":"tag-top-stories","31":"tag-topstories","32":"tag-uutiset","33":"tag-varsinais-suomi"},"share_on_mastodon":{"url":"https:\/\/pubeurope.com\/@fi\/115822079805262431","error":""},"_links":{"self":[{"href":"https:\/\/www.europesays.com\/fi\/wp-json\/wp\/v2\/posts\/131050","targetHints":{"allow":["GET"]}}],"collection":[{"href":"https:\/\/www.europesays.com\/fi\/wp-json\/wp\/v2\/posts"}],"about":[{"href":"https:\/\/www.europesays.com\/fi\/wp-json\/wp\/v2\/types\/post"}],"author":[{"embeddable":true,"href":"https:\/\/www.europesays.com\/fi\/wp-json\/wp\/v2\/users\/2"}],"replies":[{"embeddable":true,"href":"https:\/\/www.europesays.com\/fi\/wp-json\/wp\/v2\/comments?post=131050"}],"version-history":[{"count":0,"href":"https:\/\/www.europesays.com\/fi\/wp-json\/wp\/v2\/posts\/131050\/revisions"}],"wp:featuredmedia":[{"embeddable":true,"href":"https:\/\/www.europesays.com\/fi\/wp-json\/wp\/v2\/media\/131051"}],"wp:attachment":[{"href":"https:\/\/www.europesays.com\/fi\/wp-json\/wp\/v2\/media?parent=131050"}],"wp:term":[{"taxonomy":"category","embeddable":true,"href":"https:\/\/www.europesays.com\/fi\/wp-json\/wp\/v2\/categories?post=131050"},{"taxonomy":"post_tag","embeddable":true,"href":"https:\/\/www.europesays.com\/fi\/wp-json\/wp\/v2\/tags?post=131050"}],"curies":[{"name":"wp","href":"https:\/\/api.w.org\/{rel}","templated":true}]}}