{"id":131054,"date":"2026-01-01T22:09:08","date_gmt":"2026-01-01T22:09:08","guid":{"rendered":"https:\/\/www.europesays.com\/fi\/131054\/"},"modified":"2026-01-01T22:09:08","modified_gmt":"2026-01-01T22:09:08","slug":"ex-teiniaiti-teki-hurjan-muodonmuutoksen-taustalla-painava-syy","status":"publish","type":"post","link":"https:\/\/www.europesays.com\/fi\/131054\/","title":{"rendered":"Ex-teini\u00e4iti teki hurjan muodonmuutoksen \u2013 Taustalla painava syy"},"content":{"rendered":"<p>Tv:st\u00e4 tuttu ex-teini\u00e4iti Jenelle Evans p\u00e4\u00e4tti tehd\u00e4 muodonmuutoksen.<\/p>\n<p><img decoding=\"async\" class=\"image image-show image-preview\" src=\"https:\/\/www.europesays.com\/fi\/wp-content\/uploads\/2026\/01\/b79e5747f512878ea144a777f80ffef2b723c771a21c0cc6a1aeb326ef1f524d.jpg\" alt=\"\"\/><img decoding=\"async\" class=\"image image-show\" src=\"https:\/\/www.europesays.com\/fi\/wp-content\/uploads\/2026\/01\/1767305348_961_b79e5747f512878ea144a777f80ffef2b723c771a21c0cc6a1aeb326ef1f524d.jpg\" alt=\"\"\/><\/p>\n<p>Ex-teini\u00e4iti Jenelle Evans on tehnyt muodonmuutoksen. Kuva kes\u00e4lt\u00e4 2015. AOP<\/p>\n<p class=\"paragraph\">16 and Pregnant- ja Teen Mom 2 -ohjelmista tunnetuksi tullut ex-teini\u00e4iti <strong>Jenelle Evans<\/strong>, 34, on k\u00e4ynyt kauneusoperaatioissa. Evans kertoo aiemmin Instagram-julkaisussaan tehneens\u00e4 \u201d\u00e4itiysmuodonmuutoksen\u201d.<\/p>\n<p class=\"paragraph\">Evans kertoi vaihtaneensa suolaliuosimplanttinsa silikoneihin ja k\u00e4yneens\u00e4 vatsan kiristysleikkauksessa. Kuvissa Evans poseeraa muun muassa alusvaatteissa ennen ja j\u00e4lkeen operaation.<\/p>\n<p class=\"paragraph\">\u2013 Kolmen raskauden, treenien ja puhtaan ruokavalion j\u00e4lkeen kehoni tarvitsi silti lis\u00e4apua. Erityisesti vatsalihasten erkaantuman vuoksi, jonka kanssa moni kamppailee lasten saamisen j\u00e4lkeen, Evans kirjoitti.<\/p>\n<p class=\"paragraph\">\u2013 Minua on arvosteltu kehostani teini-ik\u00e4isest\u00e4 l\u00e4htien, joten t\u00e4m\u00e4 p\u00e4\u00e4t\u00f6s oli keinoni tuntea oloni j\u00e4lleen itsekseni ilman, ett\u00e4 minun tarvitsee selitell\u00e4 sit\u00e4 kenellek\u00e4\u00e4n. Olen viel\u00e4 toipumassa, mutta tunnen jo nyt oloni niin itsevarmaksi, onnelliseksi ja todella innoissani t\u00e4st\u00e4 uudesta luvusta! h\u00e4n lis\u00e4si lopuksi.<\/p>\n<p class=\"paragraph\"><a href=\"https:\/\/www.terveyskyla.fi\/vatsatalo\/tyrat\/vatsanpeitteiden-erkaantuma-eli-diastaasi\" target=\"_blank\" rel=\"noopener nofollow\">Terveyskyl\u00e4n<\/a> ja <a href=\"https:\/\/www.mehilainen.fi\/naisen-terveys\/vatsalihasten-erkauma\" target=\"_blank\" rel=\"noopener nofollow\">Mehil\u00e4isen<\/a> mukaan Suorien vatsalihasten erkaantumassa suorat vatsalihakset ovat erkaantuneet valkoisen j\u00e4nnesauman eli linea alban venyttyess\u00e4. Raskauden j\u00e4lkeinen vatsalihasten erkauma on yleinen.<\/p>\n<p class=\"paragraph\">Mik\u00e4li linkki ei n\u00e4y, voit katsoa julkaisun <a href=\"https:\/\/www.instagram.com\/p\/DSadFvgD5M5\/?img_index=1\" target=\"_blank\" rel=\"noopener nofollow\">t\u00e4\u00e4lt\u00e4<\/a>.<\/p>\n<p class=\"paragraph\">Evans tarkentaa <a href=\"https:\/\/people.com\/jenelle-evans-mommy-makeover-before-after-photos-exclusive-11875753\" target=\"_blank\" rel=\"noopener nofollow\">People<\/a>-lehdelle uusineensa rintansa my\u00f6s siksi, ett\u00e4 suolaliuosimplantit kest\u00e4v\u00e4t vain 10 vuotta. Evansin mielest\u00e4 ajoitus muodonmuutokselle oli t\u00e4ydellinen, koska h\u00e4nen lapsikiinti\u00f6ns\u00e4 on tullut t\u00e4yteen. Evansilla on kolme lasta: <strong>Jace<\/strong>, 16, <strong>Kaiser<\/strong>, 11, ja <strong>Ensley<\/strong>, 8.<\/p>\n<p class=\"paragraph\">Rintaoperaarion lis\u00e4ksi Evans oli kysynyt l\u00e4\u00e4k\u00e4rilt\u00e4 p\u00e4\u00e4sy\u00e4 vatsalihastenkorjausleikkaukseen, mutta t\u00e4m\u00e4 ehdotti Evansille ennemmin vatsan kiristysleikkausta.<\/p>\n<p>Kuva Jenelle Evansista syyskuulta 2025. AOP<\/p>\n<p class=\"paragraph\">Evans kertoo leikkauksen menneen suunnitelmien mukaisesti, ja h\u00e4nen toipumisensa on sujunut hyvin. H\u00e4n kertoo tarvinneensa toipumisensa aikana apua muun muassa s\u00e4ngyst\u00e4 nousemiseen, sill\u00e4 h\u00e4n ei saa viel\u00e4 k\u00e4ytt\u00e4\u00e4 vatsalihaksiaan.<\/p>\n<p class=\"paragraph\">Evans kertoo keskustelleen leikkauksestaan tytt\u00e4rens\u00e4 Ensleyn<strong> <\/strong>kanssa varovaisesti. Evansin mukaan Ensley huomasi \u00e4itins\u00e4 kivut leikkauksen j\u00e4lkeen ja totesi, ettei halua koskaan tehd\u00e4 samanlaista operaatiota itselleen.<\/p>\n<p class=\"paragraph\">\u2013 Sanoin, ettei h\u00e4nen tarvitse tehd\u00e4 sit\u00e4. T\u00e4m\u00e4 ei ole asia, jonka h\u00e4nen t\u00e4ytyisi tehd\u00e4 vanhempana, Evans kertoo.<\/p>\n<p class=\"paragraph\">Evans kertoo huomanneensa tuloksia jo nyt noin kuukausi leikkauksen j\u00e4lkeen.<\/p>\n<p class=\"paragraph\">\u2013 Luulen, ett\u00e4 t\u00e4n\u00e4\u00e4n katsoin itse\u00e4ni ensimm\u00e4ist\u00e4 kertaa ja ajattelin: \u201dVau, turvotus on laskenut ja n\u00e4en nyt muotoja kehossani. Vatsalihakseni alkavat n\u00e4ky\u00e4 ja lantioni sivujen kaarevuus selkeytyy. Minusta tuntuu, ett\u00e4 muutun\u201d, ex-teini\u00e4iti tunnelmoi.<\/p>\n<p>Jenelle Evansista tuli \u00e4iti 17-vuotiaana. Kuva vuodelta 2017. AOP<\/p>\n<p><script async src=\"\/\/www.instagram.com\/embed.js\"><\/script><\/p>\n","protected":false},"excerpt":{"rendered":"Tv:st\u00e4 tuttu ex-teini\u00e4iti Jenelle Evans p\u00e4\u00e4tti tehd\u00e4 muodonmuutoksen. Ex-teini\u00e4iti Jenelle Evans on tehnyt muodonmuutoksen. Kuva kes\u00e4lt\u00e4 2015. AOP&hellip;\n","protected":false},"author":2,"featured_media":131055,"comment_status":"","ping_status":"","sticky":false,"template":"","format":"standard","meta":{"footnotes":""},"categories":[136],"tags":[35,407,137,33,31,30,408,99,100,98,6305,32,167,109],"class_list":{"0":"post-131054","1":"post","2":"type-post","3":"status-publish","4":"format-standard","5":"has-post-thumbnail","7":"category-julkkikset","8":"tag-24h","9":"tag-celebrities","10":"tag-entertainment","11":"tag-fi","12":"tag-finland","13":"tag-finnish","14":"tag-julkkikset","15":"tag-lapset","16":"tag-lapset-ja-nuoret","17":"tag-perhe","18":"tag-raskaus-hedelmoitys","19":"tag-suomi","20":"tag-terveys","21":"tag-viihde"},"share_on_mastodon":{"url":"https:\/\/pubeurope.com\/@fi\/115822130777578088","error":""},"_links":{"self":[{"href":"https:\/\/www.europesays.com\/fi\/wp-json\/wp\/v2\/posts\/131054","targetHints":{"allow":["GET"]}}],"collection":[{"href":"https:\/\/www.europesays.com\/fi\/wp-json\/wp\/v2\/posts"}],"about":[{"href":"https:\/\/www.europesays.com\/fi\/wp-json\/wp\/v2\/types\/post"}],"author":[{"embeddable":true,"href":"https:\/\/www.europesays.com\/fi\/wp-json\/wp\/v2\/users\/2"}],"replies":[{"embeddable":true,"href":"https:\/\/www.europesays.com\/fi\/wp-json\/wp\/v2\/comments?post=131054"}],"version-history":[{"count":0,"href":"https:\/\/www.europesays.com\/fi\/wp-json\/wp\/v2\/posts\/131054\/revisions"}],"wp:featuredmedia":[{"embeddable":true,"href":"https:\/\/www.europesays.com\/fi\/wp-json\/wp\/v2\/media\/131055"}],"wp:attachment":[{"href":"https:\/\/www.europesays.com\/fi\/wp-json\/wp\/v2\/media?parent=131054"}],"wp:term":[{"taxonomy":"category","embeddable":true,"href":"https:\/\/www.europesays.com\/fi\/wp-json\/wp\/v2\/categories?post=131054"},{"taxonomy":"post_tag","embeddable":true,"href":"https:\/\/www.europesays.com\/fi\/wp-json\/wp\/v2\/tags?post=131054"}],"curies":[{"name":"wp","href":"https:\/\/api.w.org\/{rel}","templated":true}]}}