{"id":131056,"date":"2026-01-01T22:14:08","date_gmt":"2026-01-01T22:14:08","guid":{"rendered":"https:\/\/www.europesays.com\/fi\/131056\/"},"modified":"2026-01-01T22:14:08","modified_gmt":"2026-01-01T22:14:08","slug":"hamahakkinaisen-suudelma-yhdistaa-rohkeasti-samaan-pakettiin-musikaalia-ja-kolkkoa-vankiladraamaa-ts-fi","status":"publish","type":"post","link":"https:\/\/www.europesays.com\/fi\/131056\/","title":{"rendered":"H\u00e4m\u00e4h\u00e4kkinaisen suudelma yhdist\u00e4\u00e4 rohkeasti samaan pakettiin musikaalia ja kolkkoa vankiladraamaa &#8211; ts.fi"},"content":{"rendered":"<ol>\n<li><a href=\"https:\/\/news.google.com\/rss\/articles\/CBMiS0FVX3lxTE1iN3lwb0VZbV9PMDdWeEZoWDZmOGdzY1dyWEFwTW9hLVF4QzRLbi1KTERlU3BtNzhNcU9jWmpYQmhaWXRRVUVITTNIUQ?oc=5\" target=\"_blank\" rel=\"nofollow noopener\">H\u00e4m\u00e4h\u00e4kkinaisen suudelma yhdist\u00e4\u00e4 rohkeasti samaan pakettiin musikaalia ja kolkkoa vankiladraamaa<\/a>&nbsp;&nbsp;ts.fi<\/li>\n<li><a href=\"https:\/\/news.google.com\/rss\/articles\/CBMiWkFVX3lxTE55bzRabWtDYmdQVGRjazdFTkNzWXlSbHpoY2Ezb0tHRktld3ZFTnk4c2FndWcycERtT2RzbjF6bVBhRldrTHdWT25oV18tbjNWR3lWZlBkbFE5Zw?oc=5\" target=\"_blank\" rel=\"nofollow noopener\">Elokuva-arvio | Jennifer Lopez nappiroolissa: laulaa ja tanssii upeasti musikaaliin elokuvaversiossa<\/a>&nbsp;&nbsp;HS.fi<\/li>\n<li><a href=\"https:\/\/news.google.com\/rss\/articles\/CBMipAFBVV95cUxQakRIWHVmdXo4Tk9uQ0hrUTJFeHJ5QVd6SmozQzhpVnVkajhzTDBqR2hwNC1HdGxiM3RkQWhNOTZ1czBOUkNrRnZXbGFCcW8yNGV3RURqZWN5Wlc2TnVHY3BIbGhpNXo5NjNpcFNRNEMtT0owMTJDQXo2ekFpbXJaTHVCRkctS1hzTHNxQS1abDg2SWlDTExhdUs5OHVGQjYyZFRSTw?oc=5\" target=\"_blank\" rel=\"nofollow noopener\">Arvio: Musikaalih\u00f6rhellys yritt\u00e4\u00e4 tarjota pakotiet\u00e4 kidutusvankilan karmeuksista<\/a>&nbsp;&nbsp;Demokraatti.fi<\/li>\n<li><a href=\"https:\/\/news.google.com\/rss\/articles\/CBMiaEFVX3lxTE9OSXFQQ2F2V3Z2dzBQS0gxWGFScERRRXJ2cUNPanJpaEhFdkFyS2YtRzJQLWhDeTFPbHBOVllGSHpIRjNfYXVSOGJSenJmSXhES0tmNnRmRllFaWw5MzJqWHRCVF9DRFpM?oc=5\" target=\"_blank\" rel=\"nofollow noopener\">H\u00e4m\u00e4h\u00e4kkinaisen suudelma \u2013 elokuvan arvostelu<\/a>&nbsp;&nbsp;Episodi.fi<\/li>\n<li><a href=\"https:\/\/news.google.com\/rss\/articles\/CBMiTEFVX3lxTE5keFM5WFZydU1FWUFMcDlWMEZMWlYxMnB5N0hScHozZjROQi15Qmt1RjBTc2RJTE9QQ1NzWkNjTkxiTnJ5OXlnZWJla0k?oc=5\" target=\"_blank\" rel=\"nofollow noopener\">Vankilan seini\u00e4 pakoon<\/a>&nbsp;&nbsp;aamuset.fi<\/li>\n<\/ol>\n","protected":false},"excerpt":{"rendered":"H\u00e4m\u00e4h\u00e4kkinaisen suudelma yhdist\u00e4\u00e4 rohkeasti samaan pakettiin musikaalia ja kolkkoa vankiladraamaa&nbsp;&nbsp;ts.fi Elokuva-arvio | Jennifer Lopez nappiroolissa: laulaa ja tanssii&hellip;\n","protected":false},"author":2,"featured_media":131057,"comment_status":"","ping_status":"","sticky":false,"template":"","format":"standard","meta":{"footnotes":""},"categories":[131],"tags":[155,137,33,173,31,30,172,32,109],"class_list":{"0":"post-131056","1":"post","2":"type-post","3":"status-publish","4":"format-standard","5":"has-post-thumbnail","7":"category-elokuvat","8":"tag-elokuvat","9":"tag-entertainment","10":"tag-fi","11":"tag-film","12":"tag-finland","13":"tag-finnish","14":"tag-movies","15":"tag-suomi","16":"tag-viihde"},"share_on_mastodon":{"url":"https:\/\/pubeurope.com\/@fi\/115822150481132514","error":""},"_links":{"self":[{"href":"https:\/\/www.europesays.com\/fi\/wp-json\/wp\/v2\/posts\/131056","targetHints":{"allow":["GET"]}}],"collection":[{"href":"https:\/\/www.europesays.com\/fi\/wp-json\/wp\/v2\/posts"}],"about":[{"href":"https:\/\/www.europesays.com\/fi\/wp-json\/wp\/v2\/types\/post"}],"author":[{"embeddable":true,"href":"https:\/\/www.europesays.com\/fi\/wp-json\/wp\/v2\/users\/2"}],"replies":[{"embeddable":true,"href":"https:\/\/www.europesays.com\/fi\/wp-json\/wp\/v2\/comments?post=131056"}],"version-history":[{"count":0,"href":"https:\/\/www.europesays.com\/fi\/wp-json\/wp\/v2\/posts\/131056\/revisions"}],"wp:featuredmedia":[{"embeddable":true,"href":"https:\/\/www.europesays.com\/fi\/wp-json\/wp\/v2\/media\/131057"}],"wp:attachment":[{"href":"https:\/\/www.europesays.com\/fi\/wp-json\/wp\/v2\/media?parent=131056"}],"wp:term":[{"taxonomy":"category","embeddable":true,"href":"https:\/\/www.europesays.com\/fi\/wp-json\/wp\/v2\/categories?post=131056"},{"taxonomy":"post_tag","embeddable":true,"href":"https:\/\/www.europesays.com\/fi\/wp-json\/wp\/v2\/tags?post=131056"}],"curies":[{"name":"wp","href":"https:\/\/api.w.org\/{rel}","templated":true}]}}