{"id":131058,"date":"2026-01-01T22:16:09","date_gmt":"2026-01-01T22:16:09","guid":{"rendered":"https:\/\/www.europesays.com\/fi\/131058\/"},"modified":"2026-01-01T22:16:09","modified_gmt":"2026-01-01T22:16:09","slug":"sopimus-revitty-jokerien-sankari-jattaa-seuran","status":"publish","type":"post","link":"https:\/\/www.europesays.com\/fi\/131058\/","title":{"rendered":"Sopimus revitty \u2013 Jokerien sankari j\u00e4tt\u00e4\u00e4 seuran"},"content":{"rendered":"<p>Arttu Lausniemen sopimus on purettu.<\/p>\n<p><img decoding=\"async\" class=\"image image-show image-preview\" src=\"https:\/\/www.europesays.com\/fi\/wp-content\/uploads\/2026\/01\/7e31caf3fe8772fcce16e4c446989d4102bc9e32cfaff927ce9d15e4f66df145.jpg\" alt=\"\"\/><img decoding=\"async\" class=\"image image-show\" src=\"https:\/\/www.europesays.com\/fi\/wp-content\/uploads\/2026\/01\/1767305768_195_7e31caf3fe8772fcce16e4c446989d4102bc9e32cfaff927ce9d15e4f66df145.jpg\" alt=\"\"\/><\/p>\n<p>Arttu Lausniemi j\u00e4tt\u00e4\u00e4 Jokerit. Tomi Natri \/ All Over Press<\/p>\n<p class=\"paragraph\">\u2013 Jokerit ja hy\u00f6kk\u00e4\u00e4j\u00e4 <strong>Arttu Lausniemi<\/strong> ovat purkaneet pelaajasopimuksen yhteisymm\u00e4rryksess\u00e4, Jokerit kertoo Instagramissa.<\/p>\n<p class=\"paragraph\">Lausniemi on pelannut t\u00e4ll\u00e4 kaudella narripaidassa 21 ottelua tehoilla 0+2. Viime kaudella h\u00e4n edusti helsinkil\u00e4isseuraa 48 runkosarjapeliss\u00e4 tehoilla 7+12=19.<\/p>\n<p class=\"paragraph\">Lausniemen Jokerit-uran t\u00e4htihetki n\u00e4htiin viime kev\u00e4\u00e4n\u00e4 Mestiksen finaaleissa, kun h\u00e4n iski IPK:ta vastaan jatkoajalla mestaruuden ratkaisseen voittomaalin.<\/p>\n<p class=\"paragraph\">\u2013 Kiitos Laussi menneist\u00e4 kausista ja tsemppi\u00e4 uusiin haasteisiin! Jokerit toteaa tiedotteessaan.<\/p>\n<p class=\"paragraph\">Lausniemi, 24, on pelannut ennen Jokereita Hermeksess\u00e4, Hokissa ja Porin \u00c4ssiss\u00e4.<\/p>\n<p class=\"paragraph\">Lausniemen lis\u00e4ksi Jokerit on purkanut alkukauden aikana my\u00f6s <strong>Leevi Lembergin<\/strong> ja <strong>Niks Fenenkon<\/strong> sopimukset.<\/p>\n<p class=\"paragraph\">Ovi on k\u00e4ynyt my\u00f6s toiseen suuntaan. Helsinkil\u00e4isseuran kokoonpanoon ovat liittyneet <strong>Otso Rantakari<\/strong>, <strong>Ville Leskinen<\/strong>, <strong>Veini Vehvil\u00e4inen<\/strong>, <strong>Matias Rajaniemi<\/strong>, <strong>Miro Nalli<\/strong> ja <strong>Miks Tumanovs<\/strong>.<\/p>\n<p class=\"paragraph\">Jokerit johtaa Mestist\u00e4 viiden pisteen turvin.<\/p>\n<p class=\"paragraph\">Jos kuva ei n\u00e4y laitteellasi, voit katsoa sen <a href=\"https:\/\/www.instagram.com\/p\/DS627_hiCie\/\" target=\"_blank\" rel=\"noopener nofollow\">t\u00e4\u00e4lt\u00e4<\/a>.<\/p>\n<p><a href=\"https:\/\/www.iltalehti.fi\/telkku\/?utm_source=iltalehti.fi&amp;utm_medium=almainternal&amp;utm_campaign=urheilu_artikkelibanneri&amp;utm_content=banner_612_a\" rel=\"nofollow noopener\" target=\"_blank\"><img decoding=\"async\" src=\"https:\/\/www.europesays.com\/fi\/wp-content\/uploads\/2025\/08\/7ef604e47d46ca174b7df4149bd3557dbde56a86d520f8e1b2125548b0a2e03a.png\" alt=\"TV-ohjelmat t\u00e4n\u00e4\u00e4n, TV-opas\"\/><\/a><script async src=\"\/\/www.instagram.com\/embed.js\"><\/script><\/p>\n","protected":false},"excerpt":{"rendered":"Arttu Lausniemen sopimus on purettu. Arttu Lausniemi j\u00e4tt\u00e4\u00e4 Jokerit. Tomi Natri \/ All Over Press \u2013 Jokerit ja&hellip;\n","protected":false},"author":2,"featured_media":131059,"comment_status":"","ping_status":"","sticky":false,"template":"","format":"standard","meta":{"footnotes":""},"categories":[158],"tags":[35,1274,33,31,30,1143,41,1146,159,32,1145,160],"class_list":{"0":"post-131058","1":"post","2":"type-post","3":"status-publish","4":"format-standard","5":"has-post-thumbnail","7":"category-urheilu","8":"tag-24h","9":"tag-ammattiurheilu","10":"tag-fi","11":"tag-finland","12":"tag-finnish","13":"tag-jaakiekko","14":"tag-liikunta-ja-urheilu","15":"tag-miesten-jaakiekko","16":"tag-sports","17":"tag-suomi","18":"tag-talviurheilu","19":"tag-urheilu"},"share_on_mastodon":{"url":"https:\/\/pubeurope.com\/@fi\/115822158516757031","error":""},"_links":{"self":[{"href":"https:\/\/www.europesays.com\/fi\/wp-json\/wp\/v2\/posts\/131058","targetHints":{"allow":["GET"]}}],"collection":[{"href":"https:\/\/www.europesays.com\/fi\/wp-json\/wp\/v2\/posts"}],"about":[{"href":"https:\/\/www.europesays.com\/fi\/wp-json\/wp\/v2\/types\/post"}],"author":[{"embeddable":true,"href":"https:\/\/www.europesays.com\/fi\/wp-json\/wp\/v2\/users\/2"}],"replies":[{"embeddable":true,"href":"https:\/\/www.europesays.com\/fi\/wp-json\/wp\/v2\/comments?post=131058"}],"version-history":[{"count":0,"href":"https:\/\/www.europesays.com\/fi\/wp-json\/wp\/v2\/posts\/131058\/revisions"}],"wp:featuredmedia":[{"embeddable":true,"href":"https:\/\/www.europesays.com\/fi\/wp-json\/wp\/v2\/media\/131059"}],"wp:attachment":[{"href":"https:\/\/www.europesays.com\/fi\/wp-json\/wp\/v2\/media?parent=131058"}],"wp:term":[{"taxonomy":"category","embeddable":true,"href":"https:\/\/www.europesays.com\/fi\/wp-json\/wp\/v2\/categories?post=131058"},{"taxonomy":"post_tag","embeddable":true,"href":"https:\/\/www.europesays.com\/fi\/wp-json\/wp\/v2\/tags?post=131058"}],"curies":[{"name":"wp","href":"https:\/\/api.w.org\/{rel}","templated":true}]}}