{"id":131062,"date":"2026-01-01T22:21:08","date_gmt":"2026-01-01T22:21:08","guid":{"rendered":"https:\/\/www.europesays.com\/fi\/131062\/"},"modified":"2026-01-01T22:21:08","modified_gmt":"2026-01-01T22:21:08","slug":"suomen-vieressa-otettiin-kayttoon-koronarajoitukset","status":"publish","type":"post","link":"https:\/\/www.europesays.com\/fi\/131062\/","title":{"rendered":"Suomen vieress\u00e4 otettiin k\u00e4ytt\u00f6\u00f6n koronarajoitukset"},"content":{"rendered":"<p><img decoding=\"async\" class=\"image image-show image-preview\" src=\"https:\/\/www.europesays.com\/fi\/wp-content\/uploads\/2026\/01\/741e7628a9ab223913bc01b682e3043e7e04bc6b756026ce96d352e7afb496be.jpg\" alt=\"\"\/><img decoding=\"async\" class=\"image image-show\" src=\"https:\/\/www.europesays.com\/fi\/wp-content\/uploads\/2026\/01\/1767306068_423_741e7628a9ab223913bc01b682e3043e7e04bc6b756026ce96d352e7afb496be.jpg\" alt=\"\"\/><\/p>\n<p>Kuvituskuvassa Moskovan metrossa vuonna 2020 naishenkil\u00f6it\u00e4 hengityssuojaimissa.  Nikolay Vinokurov \/ Alamy Stock Photo<\/p>\n<p class=\"paragraph\"><strong>Pietarin kaupunki jatkaa koronarajoituksia vuoden 2026 loppuun asti.<\/strong><\/p>\n<p class=\"paragraph\">Pietarin viranomaiset ovat p\u00e4\u00e4tt\u00e4neet pit\u00e4\u00e4 voimassa koronarajoitukset vuoden 2026 loppuun asti. Asiasta on p\u00e4\u00e4tt\u00e4nyt Pietarin kuvern\u00f6\u00f6ri <a href=\"https:\/\/www.iltalehti.fi\/henkilot\/Aleksandr Beglov\" class=\"article-link-person-page\" rel=\"nofollow noopener\" target=\"_blank\">Alexander Beglov<\/a>.<\/p>\n<p class=\"paragraph\">Kaupungin hallinto on julkaissut p\u00e4\u00e4t\u00f6ksen verkkosivuillaan. Asiasta <a href=\"https:\/\/www.fontanka.ru\/2025\/12\/26\/76194113\/#google_vignette\" target=\"_blank\" rel=\"noopener nofollow\">uutisoi<\/a> muun muassa Pietarin alueen paikallismedia Fontanka.<\/p>\n<p class=\"paragraph\">Rajoitusten mukaan viranomaisten on hyv\u00e4ksytt\u00e4v\u00e4 etuk\u00e4teen kaikki yli 300 hengen yleis\u00f6tapahtumat. Luvan my\u00f6nt\u00e4\u00e4 Ven\u00e4j\u00e4n kuluttajasuoja- ja terveysviranomainen Rospotrebnadzor.<\/p>\n<p class=\"paragraph\">Lis\u00e4ksi tapahtumaj\u00e4rjest\u00e4jien on huolehdittava suojav\u00e4lineist\u00e4 ja muista koronaturvatoimista.<\/p>\n<p class=\"paragraph\">Koronarajoituksiin sis\u00e4ltyy muun muassa kielto polttaa vesipiippua julkisilla paikoilla sek\u00e4 yli 60-vuotiaille annettu suositus k\u00e4ytt\u00e4\u00e4 hengityssuojaimia.<\/p>\n<p class=\"paragraph\">Koronarajoituksia koskeva asetus on ollut voimassa Pietarissa maaliskuusta 2020 l\u00e4htien.<\/p>\n","protected":false},"excerpt":{"rendered":"Kuvituskuvassa Moskovan metrossa vuonna 2020 naishenkil\u00f6it\u00e4 hengityssuojaimissa. Nikolay Vinokurov \/ Alamy Stock Photo Pietarin kaupunki jatkaa koronarajoituksia vuoden&hellip;\n","protected":false},"author":2,"featured_media":131063,"comment_status":"","ping_status":"","sticky":false,"template":"","format":"standard","meta":{"footnotes":""},"categories":[14],"tags":[35,22,23,26,27,33,31,30,17,22418,19518,766,24,25,28,29,15,18,21,32,19,20,546,56,16,4645,59,60,61],"class_list":{"0":"post-131062","1":"post","2":"type-post","3":"status-publish","4":"format-standard","5":"has-post-thumbnail","7":"category-ulkomaat","8":"tag-24h","9":"tag-breaking-news","10":"tag-breakingnews","11":"tag-featured-news","12":"tag-featurednews","13":"tag-fi","14":"tag-finland","15":"tag-finnish","16":"tag-headlines","17":"tag-henkilokohtaiset-turvatuotteet","18":"tag-julkishallinto","19":"tag-koronavirus","20":"tag-latest-news","21":"tag-latestnews","22":"tag-main-news","23":"tag-mainnews","24":"tag-news","25":"tag-otsikot","26":"tag-paauutiset","27":"tag-suomi","28":"tag-top-stories","29":"tag-topstories","30":"tag-turvallisuus","31":"tag-ulkomaat","32":"tag-uutiset","33":"tag-viranomaiset","34":"tag-world","35":"tag-world-news","36":"tag-worldnews"},"share_on_mastodon":{"url":"https:\/\/pubeurope.com\/@fi\/115822178050725029","error":""},"_links":{"self":[{"href":"https:\/\/www.europesays.com\/fi\/wp-json\/wp\/v2\/posts\/131062","targetHints":{"allow":["GET"]}}],"collection":[{"href":"https:\/\/www.europesays.com\/fi\/wp-json\/wp\/v2\/posts"}],"about":[{"href":"https:\/\/www.europesays.com\/fi\/wp-json\/wp\/v2\/types\/post"}],"author":[{"embeddable":true,"href":"https:\/\/www.europesays.com\/fi\/wp-json\/wp\/v2\/users\/2"}],"replies":[{"embeddable":true,"href":"https:\/\/www.europesays.com\/fi\/wp-json\/wp\/v2\/comments?post=131062"}],"version-history":[{"count":0,"href":"https:\/\/www.europesays.com\/fi\/wp-json\/wp\/v2\/posts\/131062\/revisions"}],"wp:featuredmedia":[{"embeddable":true,"href":"https:\/\/www.europesays.com\/fi\/wp-json\/wp\/v2\/media\/131063"}],"wp:attachment":[{"href":"https:\/\/www.europesays.com\/fi\/wp-json\/wp\/v2\/media?parent=131062"}],"wp:term":[{"taxonomy":"category","embeddable":true,"href":"https:\/\/www.europesays.com\/fi\/wp-json\/wp\/v2\/categories?post=131062"},{"taxonomy":"post_tag","embeddable":true,"href":"https:\/\/www.europesays.com\/fi\/wp-json\/wp\/v2\/tags?post=131062"}],"curies":[{"name":"wp","href":"https:\/\/api.w.org\/{rel}","templated":true}]}}