{"id":131078,"date":"2026-01-01T22:49:08","date_gmt":"2026-01-01T22:49:08","guid":{"rendered":"https:\/\/www.europesays.com\/fi\/131078\/"},"modified":"2026-01-01T22:49:08","modified_gmt":"2026-01-01T22:49:08","slug":"sveitsin-hiihtokeskuksen-palossa-loukkaantuneita-siirretaan-naapurimaihin-hoitoon-uutisia-lyhyesti","status":"publish","type":"post","link":"https:\/\/www.europesays.com\/fi\/131078\/","title":{"rendered":"Sveitsin hiihtokeskuksen palossa loukkaantuneita siirret\u00e4\u00e4n naapurimaihin hoitoon | Uutisia lyhyesti"},"content":{"rendered":"<p class=\"aw-1gybjub aw-5vja16 kEtdKx kmuxyA yle__article__paragraph\">Ranskan ulkoministeri\u00f6 kertoi lausunnossaan torstai-iltana, ett\u00e4 kahdeksan ranskalaista oli kateissa tulipalon j\u00e4lkeen.<\/p>\n<p><img decoding=\"async\" alt=\"Poliiseja rakennuksen edess\u00e4.\" src=\"https:\/\/www.europesays.com\/fi\/wp-content\/uploads\/2026\/01\/39-157626069562efe68b86.jpeg\" class=\"aw-1l9m598 hKVVvP\"\/><\/p>\n<p>Avaa kuvien katselu<\/p>\n<p>Poliisit k\u00e4veliv\u00e4t torstaina Crans-Montanassa. Kuva: Maxime Schmid \/ AFP<\/p>\n<p class=\"aw-1gybjub aw-1p7kakr kEtdKx cEmitX yle__article__paragraph\">Ranskalaiset sairaalat vastaanottavat hoitoon Sveitsin Crans-Montanan hiihtokeskuksen tulipalossa loukkaantuneita. Asiasta kertoo presidentti <strong class=\"aw-ak79eh KyCXm yle__article__strong\">Emmanuel Macron<\/strong> viestipalvelu X:ss\u00e4.<\/p>\n<p class=\"aw-1gybjub aw-1p7kakr kEtdKx cEmitX yle__article__paragraph\">Ranskan ulkoministeri\u00f6n mukaan kolme palosta selviytynytt\u00e4 ihmist\u00e4 on siirretty Ranskan sairaaloihin. Lis\u00e4ksi muita potilassiirtoja tehtiin parhaillaan.<\/p>\n<p class=\"aw-1gybjub aw-1p7kakr kEtdKx cEmitX yle__article__paragraph\">Loukkaantuneita on siirretty lis\u00e4ksi ainakin Italiaan.<\/p>\n<p class=\"aw-1gybjub aw-1p7kakr kEtdKx cEmitX yle__article__paragraph\">Aiemmin sveitsil\u00e4isviranomaiset arvioivat, ett\u00e4 Sveitsin omat resurssit eiv\u00e4t riit\u00e4 loukkaantuneiden hoitamiseen.<\/p>\n<p class=\"aw-1gybjub aw-1p7kakr kEtdKx cEmitX yle__article__paragraph\">Viranomaiset kertoivat torstaina alkuillasta Suomen aikaa, ett\u00e4 115 loukkaantuneesta ainakin 80 oli kriittisess\u00e4 tilassa.<\/p>\n<p class=\"aw-1gybjub aw-1p7kakr kEtdKx cEmitX yle__article__paragraph\">Ranskan ulkoministeri\u00f6 kertoi lausunnossaan torstai-iltana, ett\u00e4 kahdeksan ranskalaista oli kateissa tulipalon j\u00e4lkeen. Ministeri\u00f6n mukaan se ei toistaiseksi tied\u00e4, onko kuolleiden joukossa maan kansalaisia.<\/p>\n<p class=\"aw-1gybjub aw-1p7kakr kEtdKx cEmitX yle__article__paragraph\">Noin 40 ihmisen uskotaan kuolleen uutenavuotena syttyneess\u00e4 tulipalossa ja sit\u00e4 seuranneessa r\u00e4j\u00e4hdyksess\u00e4.<\/p>\n<p class=\"aw-1gybjub aw-1p7kakr kEtdKx cEmitX yle__article__paragraph\">L\u00e4hteet: Reuters, STT-AFP<\/p>\n","protected":false},"excerpt":{"rendered":"Ranskan ulkoministeri\u00f6 kertoi lausunnossaan torstai-iltana, ett\u00e4 kahdeksan ranskalaista oli kateissa tulipalon j\u00e4lkeen. Avaa kuvien katselu Poliisit k\u00e4veliv\u00e4t torstaina&hellip;\n","protected":false},"author":2,"featured_media":131079,"comment_status":"","ping_status":"","sticky":false,"template":"","format":"standard","meta":{"footnotes":""},"categories":[5],"tags":[22,23,26,27,33,31,30,17,24,25,28,29,15,837,18,21,1422,32,7906,19,20,1265,56,16],"class_list":{"0":"post-131078","1":"post","2":"type-post","3":"status-publish","4":"format-standard","5":"has-post-thumbnail","7":"category-otsikot","8":"tag-breaking-news","9":"tag-breakingnews","10":"tag-featured-news","11":"tag-featurednews","12":"tag-fi","13":"tag-finland","14":"tag-finnish","15":"tag-headlines","16":"tag-latest-news","17":"tag-latestnews","18":"tag-main-news","19":"tag-mainnews","20":"tag-news","21":"tag-onnettomuudet","22":"tag-otsikot","23":"tag-paauutiset","24":"tag-ranska","25":"tag-suomi","26":"tag-sveitsi","27":"tag-top-stories","28":"tag-topstories","29":"tag-tulipalot","30":"tag-ulkomaat","31":"tag-uutiset"},"share_on_mastodon":{"url":"https:\/\/pubeurope.com\/@fi\/115822288077206405","error":""},"_links":{"self":[{"href":"https:\/\/www.europesays.com\/fi\/wp-json\/wp\/v2\/posts\/131078","targetHints":{"allow":["GET"]}}],"collection":[{"href":"https:\/\/www.europesays.com\/fi\/wp-json\/wp\/v2\/posts"}],"about":[{"href":"https:\/\/www.europesays.com\/fi\/wp-json\/wp\/v2\/types\/post"}],"author":[{"embeddable":true,"href":"https:\/\/www.europesays.com\/fi\/wp-json\/wp\/v2\/users\/2"}],"replies":[{"embeddable":true,"href":"https:\/\/www.europesays.com\/fi\/wp-json\/wp\/v2\/comments?post=131078"}],"version-history":[{"count":0,"href":"https:\/\/www.europesays.com\/fi\/wp-json\/wp\/v2\/posts\/131078\/revisions"}],"wp:featuredmedia":[{"embeddable":true,"href":"https:\/\/www.europesays.com\/fi\/wp-json\/wp\/v2\/media\/131079"}],"wp:attachment":[{"href":"https:\/\/www.europesays.com\/fi\/wp-json\/wp\/v2\/media?parent=131078"}],"wp:term":[{"taxonomy":"category","embeddable":true,"href":"https:\/\/www.europesays.com\/fi\/wp-json\/wp\/v2\/categories?post=131078"},{"taxonomy":"post_tag","embeddable":true,"href":"https:\/\/www.europesays.com\/fi\/wp-json\/wp\/v2\/tags?post=131078"}],"curies":[{"name":"wp","href":"https:\/\/api.w.org\/{rel}","templated":true}]}}