{"id":131084,"date":"2026-01-01T23:09:10","date_gmt":"2026-01-01T23:09:10","guid":{"rendered":"https:\/\/www.europesays.com\/fi\/131084\/"},"modified":"2026-01-01T23:09:10","modified_gmt":"2026-01-01T23:09:10","slug":"nyt-netflixissa-maailman-huonoin-ihminen-tassa-taitaa-olla-kuluvan-vuoden-paras-draama","status":"publish","type":"post","link":"https:\/\/www.europesays.com\/fi\/131084\/","title":{"rendered":"Nyt Netflixiss\u00e4: Maailman huonoin ihminen \u2013 \u201dT\u00e4ss\u00e4 taitaa olla kuluvan vuoden paras draama&#8221;"},"content":{"rendered":"<p>The Worst Person In The World (Verdens verste menneske, 2021) on lis\u00e4tty Netflixin valikoimaan.<\/p>\n<p>Draamakomedia kertoo Juliesta, joka t\u00e4ytt\u00e4\u00e4 pian 30. H\u00e4nen el\u00e4m\u00e4ns\u00e4 on yht\u00e4 sekasotkua, ja h\u00e4n on heitt\u00e4nyt hukkaan ammatilliset lahjansa. Juliaa vanhempi poikayst\u00e4v\u00e4 Aksel, menestyv\u00e4 sarjakuvapiirt\u00e4j\u00e4, haluaa asettua aloilleen ja perustaa perheen. Er\u00e4\u00e4n\u00e4 iltana Julie livahtaa juhliin ja tapaa itse\u00e4\u00e4n nuoremman Eivindin. Julia j\u00e4tt\u00e4\u00e4 Akselin ja heitt\u00e4ytyy t\u00e4ysill\u00e4 uuteen suhteeseen, toivoen samalla saavansa uuden n\u00e4k\u00f6kulman el\u00e4m\u00e4\u00e4n. Pian h\u00e4n kuitenkin huomaa, ett\u00e4 osa el\u00e4m\u00e4n valinnoista on jo tehty.<\/p>\n<p>Lue my\u00f6s: <a href=\"https:\/\/www.episodi.fi\/uutiset\/nyt-netflixissa-ylistetty-sotaelokuva-kertoo-yhdysvaltojen-sisallissodasta-rotten-tomatoes-luku-95\/\" title=\"Nyt Netflixiss\u00e4: Ylistetty sotaelokuva kertoo Yhdysvaltojen sis\u00e4llissodasta \u2013 Rotten Tomatoes -luku 95!\" class=\"underline-custom !font-montserrat !font-bold !underline-offset-4 !decoration-4 !decoration-episodi-blue !text-md\" rel=\"nofollow noopener\" target=\"_blank\">Nyt Netflixiss\u00e4: Ylistetty sotaelokuva kertoo Yhdysvaltojen sis\u00e4llissodasta \u2013 Rotten Tomatoes -luku 95!<\/a><\/p>\n<p>Lue my\u00f6s: <a href=\"https:\/\/www.episodi.fi\/uutiset\/nyt-netflixissa-kauan-odotettu-fantasialeffa-lopputulos-valtava-pettymys\/\" title=\"Nyt Netflixiss\u00e4: Kauan odotettu fantasialeffa \u2013 lopputulos valtava pettymys!\" class=\"underline-custom !font-montserrat !font-bold !underline-offset-4 !decoration-4 !decoration-episodi-blue !text-md\" rel=\"nofollow noopener\" target=\"_blank\">Nyt Netflixiss\u00e4: Kauan odotettu fantasialeffa \u2013 lopputulos valtava pettymys!<\/a><\/p>\n<p>Lue my\u00f6s: <a href=\"https:\/\/www.episodi.fi\/uutiset\/nyt-netflixissa-emilia-clarken-hittielokuva-pikkubudjetin-leffa-ja-2083-miljoonan-lipputulot\/\" title=\"Nyt Netflixiss\u00e4: Emilia Clarken hittielokuva \u2013 pikkubudjetin leffa ja 208,3 miljoonan lipputulot\" class=\"underline-custom !font-montserrat !font-bold !underline-offset-4 !decoration-4 !decoration-episodi-blue !text-md\" rel=\"nofollow noopener\" target=\"_blank\">Nyt Netflixiss\u00e4: Emilia Clarken hittielokuva \u2013 pikkubudjetin leffa ja 208,3 miljoonan lipputulot<\/a><\/p>\n<p><strong>Joachim Trierin<\/strong> ohjausty\u00f6n p\u00e4\u00e4osissa n\u00e4hd\u00e4\u00e4n <strong>Renate Reinsve<\/strong>, <strong>Anders Danielsen Lie<\/strong> ja <strong>Herbert Nordrum<\/strong>.<\/p>\n<p>The Worst Person In The World sai Oscar-ehdokkuudet parhaan kansainv\u00e4lisen elokuvan ja alkuper\u00e4isk\u00e4sikirjoituksen kategorioissa. Renate Reinsve voitti parhaan naisp\u00e4\u00e4osan palkinnon Cannesin elokuvajuhlilla.<\/p>\n<p>Elokuvan <a href=\"https:\/\/www.rottentomatoes.com\/m\/the_worst_person_in_the_world\" rel=\"noreferrer noopener nofollow\" target=\"_blank\">Rotten Tomatoes -prosentti<\/a> on 96. Episodin <a href=\"https:\/\/www.episodi.fi\/elokuvat\/the-worst-person-in-the-world\/\" rel=\"nofollow noopener\" target=\"_blank\">arviossa<\/a> The Worst Person In The World sai nelj\u00e4 t\u00e4hte\u00e4.<\/p>\n<p>\u201dElokuva on paikoitellen hieman laahaava ja ylimitoitettu \u2013 muutamaa episodia olisi voinut tiivist\u00e4\u00e4 reippaasti \u2013 mutta muuten t\u00e4ss\u00e4 taitaa olla kuluvan vuoden paras draama. Upea teos, jolle toivoo my\u00f6s Oscar-menestyst\u00e4. Hienoa pohjoismaalaista osaamista\u201d, kirjoitettiin arviossa.<\/p>\n<p>Katso traileri alta.<\/p>\n<p><img loading=\"lazy\" decoding=\"async\" alt=\"YouTube video\" width=\"480\" height=\"360\" data-pin-nopin=\"true\" nopin=\"nopin\" class=\"perfmatters-lazy\" src=\"https:\/\/www.europesays.com\/fi\/wp-content\/uploads\/2025\/09\/1757188867_677_hqdefault.jpg\"\/><\/p>\n<p>Lue my\u00f6s: <a href=\"https:\/\/www.episodi.fi\/uutiskirje\/?uutiskirjemainos=tekstilinkkimainos\" title=\"Tilaa Episodin uutiskirje ja voit voittaa leffalippuja! Nappaa tv-vinkit suoraan s\u00e4hk\u00f6postiin t\u00e4st\u00e4.\" class=\"underline-custom !font-montserrat !font-bold !underline-offset-4 !decoration-4 !decoration-episodi-blue !text-md\" rel=\"nofollow noopener\" target=\"_blank\">Tilaa Episodin uutiskirje ja voit voittaa leffalippuja! Nappaa katseluvinkit suoraan s\u00e4hk\u00f6postiin t\u00e4st\u00e4.<\/a><\/p>\n","protected":false},"excerpt":{"rendered":"The Worst Person In The World (Verdens verste menneske, 2021) on lis\u00e4tty Netflixin valikoimaan. Draamakomedia kertoo Juliesta, joka&hellip;\n","protected":false},"author":2,"featured_media":131085,"comment_status":"","ping_status":"","sticky":false,"template":"","format":"standard","meta":{"footnotes":""},"categories":[130],"tags":[137,33,31,30,217,32,109],"class_list":{"0":"post-131084","1":"post","2":"type-post","3":"status-publish","4":"format-standard","5":"has-post-thumbnail","7":"category-viihde","8":"tag-entertainment","9":"tag-fi","10":"tag-finland","11":"tag-finnish","12":"tag-netflix","13":"tag-suomi","14":"tag-viihde"},"share_on_mastodon":{"url":"https:\/\/pubeurope.com\/@fi\/115822366743004901","error":""},"_links":{"self":[{"href":"https:\/\/www.europesays.com\/fi\/wp-json\/wp\/v2\/posts\/131084","targetHints":{"allow":["GET"]}}],"collection":[{"href":"https:\/\/www.europesays.com\/fi\/wp-json\/wp\/v2\/posts"}],"about":[{"href":"https:\/\/www.europesays.com\/fi\/wp-json\/wp\/v2\/types\/post"}],"author":[{"embeddable":true,"href":"https:\/\/www.europesays.com\/fi\/wp-json\/wp\/v2\/users\/2"}],"replies":[{"embeddable":true,"href":"https:\/\/www.europesays.com\/fi\/wp-json\/wp\/v2\/comments?post=131084"}],"version-history":[{"count":0,"href":"https:\/\/www.europesays.com\/fi\/wp-json\/wp\/v2\/posts\/131084\/revisions"}],"wp:featuredmedia":[{"embeddable":true,"href":"https:\/\/www.europesays.com\/fi\/wp-json\/wp\/v2\/media\/131085"}],"wp:attachment":[{"href":"https:\/\/www.europesays.com\/fi\/wp-json\/wp\/v2\/media?parent=131084"}],"wp:term":[{"taxonomy":"category","embeddable":true,"href":"https:\/\/www.europesays.com\/fi\/wp-json\/wp\/v2\/categories?post=131084"},{"taxonomy":"post_tag","embeddable":true,"href":"https:\/\/www.europesays.com\/fi\/wp-json\/wp\/v2\/tags?post=131084"}],"curies":[{"name":"wp","href":"https:\/\/api.w.org\/{rel}","templated":true}]}}