{"id":131092,"date":"2026-01-01T23:27:09","date_gmt":"2026-01-01T23:27:09","guid":{"rendered":"https:\/\/www.europesays.com\/fi\/131092\/"},"modified":"2026-01-01T23:27:09","modified_gmt":"2026-01-01T23:27:09","slug":"teitko-lupauksen-paremmista-elamantavoista-lidl-tarjoaa-ennennakemattoman-avun","status":"publish","type":"post","link":"https:\/\/www.europesays.com\/fi\/131092\/","title":{"rendered":"Teitk\u00f6 lupauksen paremmista el\u00e4m\u00e4ntavoista? Lidl tarjoaa ennenn\u00e4kem\u00e4tt\u00f6m\u00e4n avun"},"content":{"rendered":"<p>Vuodenvaihde on tunnetusti el\u00e4m\u00e4ntapamuutosten sesonkiaikaa.<\/p>\n<p>Moni haluaa uudistaa ruokavaliotaan joulun ylt\u00e4kyll\u00e4isen herkuttelun j\u00e4lkeen ja siirty\u00e4 kevyempiin vaihtoehtoihin.<\/p>\n<p>Lue my\u00f6s: <a href=\"https:\/\/www.voice.fi\/ilmiot\/lidl-pyytaa-palauttamaan-nama-jouluherkut-saattavat-sisaltaa-muovia\" title=\"Lidl pyyt\u00e4\u00e4 palauttamaan n\u00e4m\u00e4 jouluherkut \u2013 saattavat sis\u00e4lt\u00e4\u00e4 muovia\" class=\"underline-custom !font-montserrat !font-bold !underline-offset-4 !decoration-4 !decoration-tilt-light !text-md\" rel=\"nofollow noopener\" target=\"_blank\">Lidl pyyt\u00e4\u00e4 palauttamaan n\u00e4m\u00e4 jouluherkut \u2013 saattavat sis\u00e4lt\u00e4\u00e4 muovia<\/a><\/p>\n<p>Lue my\u00f6s: <a href=\"https:\/\/www.voice.fi\/ilmiot\/lidl-avaa-huomenna-ensimmaisen-ravintolan-taustalla-erikoinen-idea\" title=\"Lidl avaa huomenna ensimm\u00e4isen ravintolan \u2013 taustalla erikoinen idea\" class=\"underline-custom !font-montserrat !font-bold !underline-offset-4 !decoration-4 !decoration-tilt-light !text-md\" rel=\"nofollow noopener\" target=\"_blank\">Lidl avaa huomenna ensimm\u00e4isen ravintolan \u2013 taustalla erikoinen idea<\/a><\/p>\n<p>Lidl ojentaa auttavan k\u00e4tens\u00e4 kaikille muutokseen pyrkiville.<\/p>\n<p>Ketju nimitt\u00e4in alentaa tammikuun ajaksi kaikkien myymiens\u00e4 hedelmien ja vihannesten hintaa.<\/p>\n<p>Ketjun tiedotteen mukaan hedelm\u00e4- ja vihannesosaston tuotteissa on jopa 30 prosentin alennuksia.<\/p>\n<p>Kampanjan tarkoituksena on Lidlin mukaan kannustaa suomalaisia terveellisen ja ymp\u00e4rist\u00f6yst\u00e4v\u00e4llisen ruoan \u00e4\u00e4relle. Yhteisty\u00f6kumppanina toimii WWF Suomi.<\/p>\n<p>Lue my\u00f6s: <a href=\"https:\/\/www.voice.fi\/ilmiot\/como-lidlissa-asiointiin-tulossa-iso-uudistus\" title=\"Lidliss\u00e4 asiointiin tulossa iso uudistus\" class=\"underline-custom !font-montserrat !font-bold !underline-offset-4 !decoration-4 !decoration-tilt-light !text-md\" rel=\"nofollow noopener\" target=\"_blank\">Lidliss\u00e4 asiointiin tulossa iso uudistus<\/a><\/p>\n<p>Lue my\u00f6s: <a href=\"https:\/\/www.voice.fi\/ilmiot\/a-235632\" title=\"Lis\u00e4tietoa Lidlin takaisinvedett\u00e4vist\u00e4 snackseista: voivat aiheuttaa kihelm\u00f6inti\u00e4 ja rakkuloita suuhun\" class=\"underline-custom !font-montserrat !font-bold !underline-offset-4 !decoration-4 !decoration-tilt-light !text-md\" rel=\"nofollow noopener\" target=\"_blank\">Lis\u00e4tietoa Lidlin takaisinvedett\u00e4vist\u00e4 snackseista: voivat aiheuttaa kihelm\u00f6inti\u00e4 ja rakkuloita suuhun<\/a><\/p>\n<p>Kampanjan aikana myym\u00e4l\u00f6ihin laitetaan esille my\u00f6s kylttej\u00e4, jotka kehottavat kokeilemaan kasvispohjaisia tuotteita, kuten tofua ja kasvimaitoa.<\/p>\n<p>Tammikuun ensimm\u00e4isell\u00e4 viikolla alennuksessa ovat muun muassa kotimainen tomaatti 20 prosentin ja appelsiini 17 prosentin tarjouksella, ja molempien hinnasta putoaa viel\u00e4 lis\u00e4\u00e4 Lidl Plus -sovellusta k\u00e4ytt\u00e4m\u00e4ll\u00e4.<\/p>\n","protected":false},"excerpt":{"rendered":"Vuodenvaihde on tunnetusti el\u00e4m\u00e4ntapamuutosten sesonkiaikaa. Moni haluaa uudistaa ruokavaliotaan joulun ylt\u00e4kyll\u00e4isen herkuttelun j\u00e4lkeen ja siirty\u00e4 kevyempiin vaihtoehtoihin. Lue&hellip;\n","protected":false},"author":2,"featured_media":131093,"comment_status":"","ping_status":"","sticky":false,"template":"","format":"standard","meta":{"footnotes":""},"categories":[136],"tags":[23205,407,23206,137,33,31,30,408,3238,32,109],"class_list":{"0":"post-131092","1":"post","2":"type-post","3":"status-publish","4":"format-standard","5":"has-post-thumbnail","7":"category-julkkikset","8":"tag-alennus","9":"tag-celebrities","10":"tag-elu00e4mu00e4ntaparemontti","11":"tag-entertainment","12":"tag-fi","13":"tag-finland","14":"tag-finnish","15":"tag-julkkikset","16":"tag-lidl","17":"tag-suomi","18":"tag-viihde"},"share_on_mastodon":{"url":"https:\/\/pubeurope.com\/@fi\/115822437472914304","error":""},"_links":{"self":[{"href":"https:\/\/www.europesays.com\/fi\/wp-json\/wp\/v2\/posts\/131092","targetHints":{"allow":["GET"]}}],"collection":[{"href":"https:\/\/www.europesays.com\/fi\/wp-json\/wp\/v2\/posts"}],"about":[{"href":"https:\/\/www.europesays.com\/fi\/wp-json\/wp\/v2\/types\/post"}],"author":[{"embeddable":true,"href":"https:\/\/www.europesays.com\/fi\/wp-json\/wp\/v2\/users\/2"}],"replies":[{"embeddable":true,"href":"https:\/\/www.europesays.com\/fi\/wp-json\/wp\/v2\/comments?post=131092"}],"version-history":[{"count":0,"href":"https:\/\/www.europesays.com\/fi\/wp-json\/wp\/v2\/posts\/131092\/revisions"}],"wp:featuredmedia":[{"embeddable":true,"href":"https:\/\/www.europesays.com\/fi\/wp-json\/wp\/v2\/media\/131093"}],"wp:attachment":[{"href":"https:\/\/www.europesays.com\/fi\/wp-json\/wp\/v2\/media?parent=131092"}],"wp:term":[{"taxonomy":"category","embeddable":true,"href":"https:\/\/www.europesays.com\/fi\/wp-json\/wp\/v2\/categories?post=131092"},{"taxonomy":"post_tag","embeddable":true,"href":"https:\/\/www.europesays.com\/fi\/wp-json\/wp\/v2\/tags?post=131092"}],"curies":[{"name":"wp","href":"https:\/\/api.w.org\/{rel}","templated":true}]}}