{"id":131113,"date":"2026-01-02T00:06:08","date_gmt":"2026-01-02T00:06:08","guid":{"rendered":"https:\/\/www.europesays.com\/fi\/131113\/"},"modified":"2026-01-02T00:06:08","modified_gmt":"2026-01-02T00:06:08","slug":"autotallin-sisaltava-ulkorakennus-paloi-huittisissa","status":"publish","type":"post","link":"https:\/\/www.europesays.com\/fi\/131113\/","title":{"rendered":"Autotallin sis\u00e4lt\u00e4v\u00e4 ulkorakennus paloi Huittisissa"},"content":{"rendered":"<p>Rakennus paloi pahasti, mutta henkil\u00f6vahinkoja ei tullut.<\/p>\n<p>1.1. 20:42<\/p>\n<p class=\"article-body mb-nof-24 px-nof-16\">Huittinen<\/p>\n<p class=\"article-body mb-nof-24 px-nof-16\">Pelastuslaitos sai h\u00e4lytyksen keskisuuresta rakennus\u00adpalosta Huittisissa iltaseitsem\u00e4lt\u00e4 uuden\u00advuoden\u00adp\u00e4iv\u00e4n\u00e4.<\/p>\n<p class=\"article-body mb-nof-24 px-nof-16\">Kyse oli autotallin kattavasta ulkorakennuksesta Pappilan\u00adniemen asuin\u00adalueella. Palava rakennus oli omakotitalon vieress\u00e4, mutta sen palokunta pystyi suojelemaan tulipalolta.<\/p>\n<p class=\"article-body mb-nof-24 px-nof-16\">60 neli\u00f6n laajuinen ulkorakennus paloi pahoin, todetaan pelastuslaitoksen kello 20.30 l\u00e4hett\u00e4m\u00e4ss\u00e4 tiedotteessa. J\u00e4lkiraivaus oli tuohon aikaan viel\u00e4 menossa. Henkil\u00f6vahinkoja tulipalo ei aiheuttanut.<\/p>\n","protected":false},"excerpt":{"rendered":"Rakennus paloi pahasti, mutta henkil\u00f6vahinkoja ei tullut. 1.1. 20:42 Huittinen Pelastuslaitos sai h\u00e4lytyksen keskisuuresta rakennus\u00adpalosta Huittisissa iltaseitsem\u00e4lt\u00e4 uuden\u00advuoden\u00adp\u00e4iv\u00e4n\u00e4.&hellip;\n","protected":false},"author":2,"featured_media":131114,"comment_status":"","ping_status":"","sticky":false,"template":"","format":"standard","meta":{"footnotes":""},"categories":[12],"tags":[22,23,26,27,33,31,30,17,24,25,28,29,15,18,21,80,32,19,20,16],"class_list":{"0":"post-131113","1":"post","2":"type-post","3":"status-publish","4":"format-standard","5":"has-post-thumbnail","7":"category-suomi","8":"tag-breaking-news","9":"tag-breakingnews","10":"tag-featured-news","11":"tag-featurednews","12":"tag-fi","13":"tag-finland","14":"tag-finnish","15":"tag-headlines","16":"tag-latest-news","17":"tag-latestnews","18":"tag-main-news","19":"tag-mainnews","20":"tag-news","21":"tag-otsikot","22":"tag-paauutiset","23":"tag-satakunnan-kansa","24":"tag-suomi","25":"tag-top-stories","26":"tag-topstories","27":"tag-uutiset"},"share_on_mastodon":{"url":"https:\/\/pubeurope.com\/@fi\/115822590972832958","error":""},"_links":{"self":[{"href":"https:\/\/www.europesays.com\/fi\/wp-json\/wp\/v2\/posts\/131113","targetHints":{"allow":["GET"]}}],"collection":[{"href":"https:\/\/www.europesays.com\/fi\/wp-json\/wp\/v2\/posts"}],"about":[{"href":"https:\/\/www.europesays.com\/fi\/wp-json\/wp\/v2\/types\/post"}],"author":[{"embeddable":true,"href":"https:\/\/www.europesays.com\/fi\/wp-json\/wp\/v2\/users\/2"}],"replies":[{"embeddable":true,"href":"https:\/\/www.europesays.com\/fi\/wp-json\/wp\/v2\/comments?post=131113"}],"version-history":[{"count":0,"href":"https:\/\/www.europesays.com\/fi\/wp-json\/wp\/v2\/posts\/131113\/revisions"}],"wp:featuredmedia":[{"embeddable":true,"href":"https:\/\/www.europesays.com\/fi\/wp-json\/wp\/v2\/media\/131114"}],"wp:attachment":[{"href":"https:\/\/www.europesays.com\/fi\/wp-json\/wp\/v2\/media?parent=131113"}],"wp:term":[{"taxonomy":"category","embeddable":true,"href":"https:\/\/www.europesays.com\/fi\/wp-json\/wp\/v2\/categories?post=131113"},{"taxonomy":"post_tag","embeddable":true,"href":"https:\/\/www.europesays.com\/fi\/wp-json\/wp\/v2\/tags?post=131113"}],"curies":[{"name":"wp","href":"https:\/\/api.w.org\/{rel}","templated":true}]}}