{"id":131117,"date":"2026-01-02T00:19:11","date_gmt":"2026-01-02T00:19:11","guid":{"rendered":"https:\/\/www.europesays.com\/fi\/131117\/"},"modified":"2026-01-02T00:19:11","modified_gmt":"2026-01-02T00:19:11","slug":"pate-mustajarvi-oli-suomirockin-jattilainen","status":"publish","type":"post","link":"https:\/\/www.europesays.com\/fi\/131117\/","title":{"rendered":"Pate Mustaj\u00e4rvi oli suomirockin j\u00e4ttil\u00e4inen"},"content":{"rendered":"<p><img decoding=\"async\" src=\"https:\/\/www.europesays.com\/fi\/wp-content\/uploads\/2026\/01\/1767313151_927_978.jpg\" alt=\"Pate Mustaj\u00e4rvi vuonna 2023.\" class=\"_Img_1rerz_1\" style=\"aspect-ratio:1\" loading=\"eager\"\/><\/p>\n<p class=\"article-picture-caption\">Pate Mustaj\u00e4rvi vuonna 2023. Kuva:\u00a0Ossi Ahola<\/p>\n<p>Sy\u00f6p\u00e4\u00e4n kuollut Pate Mustaj\u00e4rvi ehti paketoida uransa Popedassa, mutta 69-vuotiaalla laulajalla oli viel\u00e4 paljon suunnitelmia soolo\u00aduralleen.<\/p>\n<p class=\"article-body mb-nof-24 px-nof-16\">Laulaja, rockmuusikko <a class=\"font-bold underline-offset-[0.12em] [text-decoration:var(--person-link-text-decoration)] ![text-decoration-color:var(--person-link-text-decoration-color)]\" href=\"https:\/\/www.satakunnankansa.fi\/haku\/?query=Pauli%20%E2%80%9DPate%E2%80%9D%20Mustaj%C3%A4rvi\" rel=\"nofollow noopener\" target=\"_blank\">Pauli \u201dPate\u201d Mustaj\u00e4rvi<\/a> kuoli tapaninp\u00e4iv\u00e4n\u00e4 26. joulukuuta. H\u00e4n oli 69-vuotias, syntynyt Tampereella 12. hein\u00e4kuuta 1956. Mustaj\u00e4rven kuolemasta kerrottiin h\u00e4nen sosiaalisen median kanavissaan.<\/p>\n<p class=\"article-body mb-nof-24 px-nof-16\">Leski <a class=\"font-bold underline-offset-[0.12em] [text-decoration:var(--person-link-text-decoration)] ![text-decoration-color:var(--person-link-text-decoration-color)]\" href=\"https:\/\/www.satakunnankansa.fi\/haku\/?query=Tiina%20Mustaj%C3%A4rvi\" rel=\"nofollow noopener\" target=\"_blank\">Tiina Mustaj\u00e4rvi <\/a>viesti Helsingin Sanomille tapaninp\u00e4iv\u00e4n\u00e4 iltap\u00e4iv\u00e4ll\u00e4 seuraavasti:<\/p>\n","protected":false},"excerpt":{"rendered":"Pate Mustaj\u00e4rvi vuonna 2023. Kuva:\u00a0Ossi Ahola Sy\u00f6p\u00e4\u00e4n kuollut Pate Mustaj\u00e4rvi ehti paketoida uransa Popedassa, mutta 69-vuotiaalla laulajalla oli&hellip;\n","protected":false},"author":2,"featured_media":131118,"comment_status":"","ping_status":"","sticky":false,"template":"","format":"standard","meta":{"footnotes":""},"categories":[136],"tags":[407,137,33,31,30,408,80,32,109],"class_list":{"0":"post-131117","1":"post","2":"type-post","3":"status-publish","4":"format-standard","5":"has-post-thumbnail","7":"category-julkkikset","8":"tag-celebrities","9":"tag-entertainment","10":"tag-fi","11":"tag-finland","12":"tag-finnish","13":"tag-julkkikset","14":"tag-satakunnan-kansa","15":"tag-suomi","16":"tag-viihde"},"share_on_mastodon":{"url":"https:\/\/pubeurope.com\/@fi\/115822641972198812","error":""},"_links":{"self":[{"href":"https:\/\/www.europesays.com\/fi\/wp-json\/wp\/v2\/posts\/131117","targetHints":{"allow":["GET"]}}],"collection":[{"href":"https:\/\/www.europesays.com\/fi\/wp-json\/wp\/v2\/posts"}],"about":[{"href":"https:\/\/www.europesays.com\/fi\/wp-json\/wp\/v2\/types\/post"}],"author":[{"embeddable":true,"href":"https:\/\/www.europesays.com\/fi\/wp-json\/wp\/v2\/users\/2"}],"replies":[{"embeddable":true,"href":"https:\/\/www.europesays.com\/fi\/wp-json\/wp\/v2\/comments?post=131117"}],"version-history":[{"count":0,"href":"https:\/\/www.europesays.com\/fi\/wp-json\/wp\/v2\/posts\/131117\/revisions"}],"wp:featuredmedia":[{"embeddable":true,"href":"https:\/\/www.europesays.com\/fi\/wp-json\/wp\/v2\/media\/131118"}],"wp:attachment":[{"href":"https:\/\/www.europesays.com\/fi\/wp-json\/wp\/v2\/media?parent=131117"}],"wp:term":[{"taxonomy":"category","embeddable":true,"href":"https:\/\/www.europesays.com\/fi\/wp-json\/wp\/v2\/categories?post=131117"},{"taxonomy":"post_tag","embeddable":true,"href":"https:\/\/www.europesays.com\/fi\/wp-json\/wp\/v2\/tags?post=131117"}],"curies":[{"name":"wp","href":"https:\/\/api.w.org\/{rel}","templated":true}]}}