{"id":131121,"date":"2026-01-02T00:27:10","date_gmt":"2026-01-02T00:27:10","guid":{"rendered":"https:\/\/www.europesays.com\/fi\/131121\/"},"modified":"2026-01-02T00:27:10","modified_gmt":"2026-01-02T00:27:10","slug":"laurence-rees-tekee-dokumentteja-ja-tietokirjoja-ettei-kukaan-voisi-keksia-adolf-hitleria","status":"publish","type":"post","link":"https:\/\/www.europesays.com\/fi\/131121\/","title":{"rendered":"Laurence Rees tekee dokumentteja ja tietokirjoja, ettei kukaan voisi keksi\u00e4 Adolf Hitleri\u00e4"},"content":{"rendered":"<p>Historioitsija <strong>Laurence Rees <\/strong>on tehnyt pitk\u00e4n uran erityisesti natsien tutkijana. H\u00e4n on kuitenkin kirjoittanut aiheesta vain tietokirjoja.<\/p>\n<p>Auschwitz ja holokausti ovat suosittuja aiheita my\u00f6s kirjallisuudessa ja elokuvissa. Osa on kevyemp\u00e4\u00e4, mutta aiheesta tehd\u00e4\u00e4n my\u00f6s laadukkaita teoksia.<\/p>\n<p>Laatua edustaa muun muassa<strong> Martin Amisin<\/strong> suomentamaton <a href=\"https:\/\/www.theguardian.com\/books\/2014\/sep\/07\/the-zone-of-interest-review-martin-amis-impressive-holocaust\" target=\"_blank\" rel=\"noreferrer noopener nofollow\">The Zone of Interest<\/a>, jonka kiitoksista Rees l\u00f6ytyy. Amis k\u00e4ytti historioitsijan tutkimuksia apunaan, jotta kirjasta tulisi totuudenmukainen. <strong>Jonathan Glazer <\/strong>ohjasi my\u00f6hemmin romaanista Oscar-palkitun elokuvaversion.<\/p>\n<p>\u201dEn ole n\u00e4hnyt elokuvaa tai lukenut Martin Amisin kirjaa, koska en voi katsoa aiheesta kertovia fiktiivisi\u00e4 elokuvia tai lukea siit\u00e4 kirjoitettuja fiktiivisi\u00e4 kirjoja. Olen niin sis\u00e4ll\u00e4 tapahtumien todellisissa realiteeteissa, ett\u00e4 se menisi tielleni\u201d, Laurence Rees sanoo.<\/p>\n<p>Adolf Hitler eteni valheiden avulla<\/p>\n<p>Rees ty\u00f6skenteli kolme vuosikymment\u00e4 <a href=\"https:\/\/www.bbc.com\/\" target=\"_blank\" rel=\"noreferrer noopener nofollow\">BBC:n<\/a> historiaohjelmien parissa. My\u00f6hemmin h\u00e4n p\u00e4\u00e4si BBC:n historiaohjelmien osaston johtoon.<\/p>\n<p>Vaikka h\u00e4nen uransa painottuikin dokumentteihin, Rees oli mukana my\u00f6s historiallisten fiktion tuotannoissa.<\/p>\n<p>\u201dNiiden ongelma on se, ett\u00e4 draamasarjaa varten pit\u00e4\u00e4 luoda draaman kaari, tarina. Oikea el\u00e4m\u00e4 ei useimmiten mene fiktion oppien mukaan. Lunastuksen hetki\u00e4 tai kehityskaaria ei ole. Teen dokumentteja ja tietokirjoja siksi, ettei kukaan voisi keksi\u00e4 <strong>Adolf Hitleri\u00e4<\/strong>.\u201d<\/p>\n<p>Historioitsija on tavannut uransa aikana useita natseja ja haastatellut heit\u00e4. Jos mahdollisuus tulisi, Hitlerilt\u00e4 h\u00e4n ei kuitenkaan kysyisi yhtik\u00e4s mit\u00e4\u00e4n. Syy on se, ettei historioitsija uskoisi mit\u00e4\u00e4n, mit\u00e4 diktaattori sanoisi.<\/p>\n<p>\u201dMielenkiintoinen juttu Hitleriss\u00e4 ja diktaattoreissa yleens\u00e4 on, ett\u00e4 useimmiten he kertovat mit\u00e4 aikovat tehd\u00e4 jo ennen kuin he ovat vallassa. Niin he p\u00e4\u00e4sev\u00e4t valtaan.\u201d<\/p>\n<p>    <a href=\"https:\/\/seura.fi\/wp-content\/uploads\/2025\/12\/nimeton-malli-60.jpg\" rel=\"nofollow noopener\" target=\"_blank\"><img loading=\"lazy\" decoding=\"async\" alt=\"\" class=\"wp-image-2135652 awpo-lqip awpo-lazy\" width=\"2100\" height=\"1400\" style=\"--aspect-ratio: 1.5\" src=\"https:\/\/www.europesays.com\/fi\/wp-content\/uploads\/2026\/01\/nimeton-malli-60.jpg\"\/><\/a><br \/>\n      Laurence Rees ei kysyisi vuosikymmeni\u00e4 tutkimaltaan Adolf Hitlerilt\u00e4 mit\u00e4\u00e4n, vaikka mahdollisuus tulisi. \u201dSyy on se, ett\u00e4 en uskoisi mit\u00e4\u00e4n, mit\u00e4 h\u00e4n sanoisi.\u201d      <\/p>\n<p>          \u00a9 Tommi Tuomi        <\/p>\n<p>Hitler k\u00e4ytti valheita hyv\u00e4kseen edet\u00e4kseen. Ison-Britannian p\u00e4\u00e4ministeri <strong>Neville Chamberlainille<\/strong> h\u00e4n lupasi, ett\u00e4 alueelliset vaatimukset Euroopassa ovat ohi, mutta hy\u00f6kk\u00e4\u00e4 Prahaan puolta vuotta my\u00f6hemmin.<\/p>\n<p>Reesin tuoreessa kirjassaan Natsin mieli: 12 varoitusta historiasta (<a href=\"https:\/\/www.tammi.fi\/kirjat\/natsin-mieli\/\" target=\"_blank\" rel=\"noreferrer noopener nofollow\">Tammi<\/a>) on toinenkin esimerkki Hitlerin valheista.<\/p>\n<p>\u201dH\u00e4n tiesi <strong>Ernst R\u00f6hmin<\/strong> homoseksuaalisuudesta ennen kuin h\u00e4net nimitettiin Sturmabteilungin (rynn\u00e4kk\u00f6joukkojen) komentajaksi. Kun h\u00e4net teloitetaan, Hitler p\u00e4ivittelee, ett\u00e4 kuka olisi voinut arvata, ett\u00e4 homoseksuaaleja on komentajistossakin.\u201d<\/p>\n<p>Rees huomauttaa, ettei Hitler sanonut ennakkoon aikovansa tappaa juutalaiset, mutta uskoo syyn olleen siin\u00e4, ettei h\u00e4n itsek\u00e4\u00e4n osannut pime\u00e4ss\u00e4 mieless\u00e4\u00e4n kuvitella holokaustia siin\u00e4 muodossa, miss\u00e4 se tapahtui.<\/p>\n<p>\u201dHitler tiesi vain vihaavansa juutalaisia. H\u00e4n ei p\u00e4\u00e4ssyt valtaan valehtelemalla, ett\u00e4 kaikilla juutalaisilla ja muilla etnisill\u00e4 ryhmill\u00e4 olisi asiat sen j\u00e4lkeen hyvin.\u201d<\/p>\n<p>Uskoisitko ihmisuhreihin, Laurence Rees kysyy<\/p>\n<p>Moni ajattelee, ett\u00e4 jos he olisivat asuneet Saksassa 1930\u20131940-luvuilla, he olisivat nousseet natseja vastaan ja tiedostaneet, ett\u00e4 v\u00e4\u00e4ryys tapahtuu.<\/p>\n<p>Laurence Rees on kuitenkin pessimistinen tuollaisesta ajatusleikist\u00e4.<\/p>\n<p>H\u00e4n pyyt\u00e4\u00e4 heitt\u00e4ytym\u00e4\u00e4n ajatusleikkiin: olet syntynyt 1400-luvun alun mesoamerikkalaiseen perheeseen. Sinut kasvatetaan asteekkina ja opetetaan, ett\u00e4 ilman ihmisuhreja ei tule sateita ja kaikki n\u00e4\u00e4ntyv\u00e4t n\u00e4lk\u00e4\u00e4n.<\/p>\n<p>\u201dUskotko, ett\u00e4 genetiikkasi ja dna:si, samat peruskomponentit kuin sinussa on t\u00e4n\u00e4 p\u00e4iv\u00e4n\u00e4, uskoisivat ihmisuhreihin? Kulttuurisilla tilanteilla on valtava merkitys siihen, keit\u00e4 olemme. On muitakin tekij\u00f6it\u00e4, mutta emme voi uskotella, ettei kulttuurilla olisi merkityst\u00e4. Ihminen on kaikkien tekij\u00f6iden summa.\u201d<\/p>\n<p>Rees on huvittunut, kun h\u00e4n muistelee, ett\u00e4 joku \u00e4rsyyntyi esimerkist\u00e4 h\u00e4nen luennollaan. Henkil\u00f6 v\u00e4itti kiven kovaan, ett\u00e4 h\u00e4n olisi protestoinut ihmisuhreja.<\/p>\n<p>Ehk\u00e4 h\u00e4n olisi \u2013 mutta espanjalaisl\u00e4hteiss\u00e4 ei ole merkkej\u00e4 sen aikaisista protestiryhmist\u00e4. Kirjallisten l\u00e4hteiden mukaan kaikki uskoivat ihmisuhreihin.<\/p>\n<p><a href=\"https:\/\/seura.fi\/ilmiot\/historia\/historioitsija-laurence-rees\/\" rel=\"nofollow noopener\" target=\"_blank\">Lue my\u00f6s: \u201dNatsismin keskeiset arvot n\u00e4kyv\u00e4t ymp\u00e4rill\u00e4mme t\u00e4n\u00e4kin p\u00e4iv\u00e4n\u00e4\u201d, sanoo lukuisia natseja tavannut historioitsija Laurence Rees<\/a><\/p>\n","protected":false},"excerpt":{"rendered":"Historioitsija Laurence Rees on tehnyt pitk\u00e4n uran erityisesti natsien tutkijana. H\u00e4n on kuitenkin kirjoittanut aiheesta vain tietokirjoja. Auschwitz&hellip;\n","protected":false},"author":2,"featured_media":131122,"comment_status":"","ping_status":"","sticky":false,"template":"","format":"standard","meta":{"footnotes":""},"categories":[130],"tags":[10400,23211,137,33,31,30,17434,20004,32,109],"class_list":{"0":"post-131121","1":"post","2":"type-post","3":"status-publish","4":"format-standard","5":"has-post-thumbnail","7":"category-viihde","8":"tag-adolf-hitler","9":"tag-auschwitz","10":"tag-entertainment","11":"tag-fi","12":"tag-finland","13":"tag-finnish","14":"tag-holokausti","15":"tag-natsit","16":"tag-suomi","17":"tag-viihde"},"share_on_mastodon":{"url":"https:\/\/pubeurope.com\/@fi\/115822673409313586","error":""},"_links":{"self":[{"href":"https:\/\/www.europesays.com\/fi\/wp-json\/wp\/v2\/posts\/131121","targetHints":{"allow":["GET"]}}],"collection":[{"href":"https:\/\/www.europesays.com\/fi\/wp-json\/wp\/v2\/posts"}],"about":[{"href":"https:\/\/www.europesays.com\/fi\/wp-json\/wp\/v2\/types\/post"}],"author":[{"embeddable":true,"href":"https:\/\/www.europesays.com\/fi\/wp-json\/wp\/v2\/users\/2"}],"replies":[{"embeddable":true,"href":"https:\/\/www.europesays.com\/fi\/wp-json\/wp\/v2\/comments?post=131121"}],"version-history":[{"count":0,"href":"https:\/\/www.europesays.com\/fi\/wp-json\/wp\/v2\/posts\/131121\/revisions"}],"wp:featuredmedia":[{"embeddable":true,"href":"https:\/\/www.europesays.com\/fi\/wp-json\/wp\/v2\/media\/131122"}],"wp:attachment":[{"href":"https:\/\/www.europesays.com\/fi\/wp-json\/wp\/v2\/media?parent=131121"}],"wp:term":[{"taxonomy":"category","embeddable":true,"href":"https:\/\/www.europesays.com\/fi\/wp-json\/wp\/v2\/categories?post=131121"},{"taxonomy":"post_tag","embeddable":true,"href":"https:\/\/www.europesays.com\/fi\/wp-json\/wp\/v2\/tags?post=131121"}],"curies":[{"name":"wp","href":"https:\/\/api.w.org\/{rel}","templated":true}]}}