{"id":131123,"date":"2026-01-02T00:31:07","date_gmt":"2026-01-02T00:31:07","guid":{"rendered":"https:\/\/www.europesays.com\/fi\/131123\/"},"modified":"2026-01-02T00:31:07","modified_gmt":"2026-01-02T00:31:07","slug":"usalla-hurja-ajojahti-atlantilla-nyt-venaja-puuttui-peliin","status":"publish","type":"post","link":"https:\/\/www.europesays.com\/fi\/131123\/","title":{"rendered":"USA:lla hurja ajojahti Atlantilla \u2013 Nyt Ven\u00e4j\u00e4 puuttui peliin"},"content":{"rendered":"<p>Yhdysvaltain jahtaaman tankkerin kylkeen ilmestyi ensin Ven\u00e4j\u00e4n lippu ja sen j\u00e4lkeen se ilmaantui Ven\u00e4j\u00e4n merenkulkuviraston rekisteriin uudella nimell\u00e4.<\/p>\n<p><img decoding=\"async\" class=\"image image-show image-preview\" src=\"https:\/\/www.europesays.com\/fi\/wp-content\/uploads\/2026\/01\/f535999c9a20b6338b5140e0590343d8b83b5dd68a7d9eff98b1556bbea3b075.jpg\" alt=\"\"\/><img decoding=\"async\" class=\"image image-show\" src=\"https:\/\/www.europesays.com\/fi\/wp-content\/uploads\/2026\/01\/1767313867_337_f535999c9a20b6338b5140e0590343d8b83b5dd68a7d9eff98b1556bbea3b075.jpg\" alt=\"\"\/><\/p>\n<p>Yhdysvaltain rannikkovartiostolla on jahdannut \u00f6ljytankkeria kohta kaksi viikkoa Atlantilla. Kuvituskuva. AOP<\/p>\n<p class=\"paragraph\">Yhdysvallat on jahdannut Atlantin valtamerell\u00e4 kohta kaksi viikkoa Iranista Venezuelaan matkalla ollutta \u00f6ljytankkeria.<\/p>\n<p class=\"paragraph\">Yhdysvaltain presidentti <a href=\"https:\/\/www.iltalehti.fi\/henkilot\/Donald Trump\" class=\"article-link-person-page\" rel=\"nofollow noopener\" target=\"_blank\">Donald Trump<\/a> <a href=\"https:\/\/www.iltalehti.fi\/ulkomaat\/f43b3b7e-eaa3-41ec-8f38-b9d3ccc5d199\" rel=\"nofollow noopener\" target=\"_blank\">m\u00e4\u00e4r\u00e4si<\/a> joulukuussa totaalisen saarron Venezuelaan saapuville ja sielt\u00e4 l\u00e4hteville pakotteiden alla oleville \u00f6ljytankkereille. Nyt karkumatkalla oleva Bella 1 -tankkeri ei kuitenkaan suostunut Yhdysvaltain rannikkovartioston pys\u00e4ytett\u00e4v\u00e4ksi.<\/p>\n<p class=\"paragraph\">Tankkerin lippuvaltioksi on merkitty muun muassa meriliikennett\u00e4 seuraavassa Marinetraffic-palvelussa Guyana, mutta Yhdysvaltojen mukaan alus ei todellisuudessa seilaa mink\u00e4\u00e4n maan lipun alla.<\/p>\n<p class=\"paragraph\">Yhdysvaltalaismedia The New York Timesin <a href=\"https:\/\/www.nytimes.com\/2026\/01\/01\/us\/politics\/russia-oil-tanker-venezuela-us-pursuit.html\" target=\"_blank\" rel=\"noopener nofollow\">mukaan<\/a> ajojahti on kuitenkin saanut viime p\u00e4ivin\u00e4 uusia k\u00e4\u00e4nteit\u00e4.<\/p>\n<p class=\"paragraph\">Ensin tankkerin upseeri otti radiolla yhteytt\u00e4 Yhdysvaltain rannikkovartiostoon ja kertoi aluksen seilaavan todellisuudessa Ven\u00e4j\u00e4n lipun alla. T\u00e4m\u00e4n j\u00e4lkeen tankkerin miehist\u00f6 maalasi aluksen kylkeen Ven\u00e4j\u00e4n lipun.<\/p>\n<p class=\"paragraph\">Viime p\u00e4ivin\u00e4 alus on my\u00f6s ilmestynyt Ven\u00e4j\u00e4n merenkulkuviraston rekisteriin uudella nimell\u00e4. Rekisteriss\u00e4 nykyisin Marinera nimell\u00e4 esiintyv\u00e4n aluksen kotisatamaksi on merkattu Sot\u0161i.<\/p>\n<p>Yhdysvaltain presidentti Donald Trump on m\u00e4\u00e4r\u00e4nnyt pakotteiden alla toimivien \u00f6ljytankkereiden \u201dtotaalisen saarron\u201d Venezuelassa. AOP<\/p>\n<p>Suora pyynt\u00f6<\/p>\n<p class=\"paragraph\">NYT huomauttaa, ett\u00e4 kansainv\u00e4lisen lain mukaan alukset ovat niiden lippuvaltioiden suojeluksessa.<\/p>\n<p class=\"paragraph\">Medialle puhuneen nimett\u00f6m\u00e4n l\u00e4hteen mukaan Yhdysvallat n\u00e4kee aluksen edelleen seilaavan ilman lippua, koska se seilasi virheellisen lipun alla, kun maan rannikkovartiosto otti siihen ensimm\u00e4isen kerran yhteyden.<\/p>\n<p class=\"paragraph\">Yhdysvaltain valtiovarainministeri\u00f6n entinen virkamies <strong>David Tannenbaum<\/strong> kommentoi aiemmin t\u00e4ll\u00e4 viikolla, ett\u00e4 on viel\u00e4 ep\u00e4selv\u00e4\u00e4, onko Ven\u00e4j\u00e4n \u00e4killisesti my\u00f6nt\u00e4m\u00e4 rekister\u00f6inti p\u00e4tev\u00e4.<\/p>\n<p class=\"paragraph\">Viimeisin k\u00e4\u00e4nne tapauksessa on se, ett\u00e4 Ven\u00e4j\u00e4 on j\u00e4tt\u00e4nyt Yhdysvalloille virallisen diplomaattisen pyynn\u00f6n lopettaa aluksen takaa-ajo. NYT:in l\u00e4hteiden mukaan pyynt\u00f6 j\u00e4tettiin uudenvuodenaattona.<\/p>\n<p class=\"paragraph\">Vaikka Yhdysvallat ei kunnioittaisikaan tankkerin viime hetken rekister\u00f6inti\u00e4, niin saattaa diplomaattinen pyynt\u00f6 muuttaa tilannetta.<\/p>\n","protected":false},"excerpt":{"rendered":"Yhdysvaltain jahtaaman tankkerin kylkeen ilmestyi ensin Ven\u00e4j\u00e4n lippu ja sen j\u00e4lkeen se ilmaantui Ven\u00e4j\u00e4n merenkulkuviraston rekisteriin uudella nimell\u00e4.&hellip;\n","protected":false},"author":2,"featured_media":131124,"comment_status":"","ping_status":"","sticky":false,"template":"","format":"standard","meta":{"footnotes":""},"categories":[14],"tags":[35,22,23,26,27,33,31,30,17,2187,24,25,121,28,29,15,18,21,637,32,19,20,56,16,2569,2568,59,60,61],"class_list":{"0":"post-131123","1":"post","2":"type-post","3":"status-publish","4":"format-standard","5":"has-post-thumbnail","7":"category-ulkomaat","8":"tag-24h","9":"tag-breaking-news","10":"tag-breakingnews","11":"tag-featured-news","12":"tag-featurednews","13":"tag-fi","14":"tag-finland","15":"tag-finnish","16":"tag-headlines","17":"tag-kulkuneuvot","18":"tag-latest-news","19":"tag-latestnews","20":"tag-liikenne-ja-kuljetus","21":"tag-main-news","22":"tag-mainnews","23":"tag-news","24":"tag-otsikot","25":"tag-paauutiset","26":"tag-politiikka","27":"tag-suomi","28":"tag-top-stories","29":"tag-topstories","30":"tag-ulkomaat","31":"tag-uutiset","32":"tag-vesikulkuneuvot","33":"tag-vesiliikenne","34":"tag-world","35":"tag-world-news","36":"tag-worldnews"},"share_on_mastodon":{"url":"https:\/\/pubeurope.com\/@fi\/115822689320173615","error":""},"_links":{"self":[{"href":"https:\/\/www.europesays.com\/fi\/wp-json\/wp\/v2\/posts\/131123","targetHints":{"allow":["GET"]}}],"collection":[{"href":"https:\/\/www.europesays.com\/fi\/wp-json\/wp\/v2\/posts"}],"about":[{"href":"https:\/\/www.europesays.com\/fi\/wp-json\/wp\/v2\/types\/post"}],"author":[{"embeddable":true,"href":"https:\/\/www.europesays.com\/fi\/wp-json\/wp\/v2\/users\/2"}],"replies":[{"embeddable":true,"href":"https:\/\/www.europesays.com\/fi\/wp-json\/wp\/v2\/comments?post=131123"}],"version-history":[{"count":0,"href":"https:\/\/www.europesays.com\/fi\/wp-json\/wp\/v2\/posts\/131123\/revisions"}],"wp:featuredmedia":[{"embeddable":true,"href":"https:\/\/www.europesays.com\/fi\/wp-json\/wp\/v2\/media\/131124"}],"wp:attachment":[{"href":"https:\/\/www.europesays.com\/fi\/wp-json\/wp\/v2\/media?parent=131123"}],"wp:term":[{"taxonomy":"category","embeddable":true,"href":"https:\/\/www.europesays.com\/fi\/wp-json\/wp\/v2\/categories?post=131123"},{"taxonomy":"post_tag","embeddable":true,"href":"https:\/\/www.europesays.com\/fi\/wp-json\/wp\/v2\/tags?post=131123"}],"curies":[{"name":"wp","href":"https:\/\/api.w.org\/{rel}","templated":true}]}}