{"id":131125,"date":"2026-01-02T00:32:09","date_gmt":"2026-01-02T00:32:09","guid":{"rendered":"https:\/\/www.europesays.com\/fi\/131125\/"},"modified":"2026-01-02T00:32:09","modified_gmt":"2026-01-02T00:32:09","slug":"matti-j-kuronen-on-kuollut","status":"publish","type":"post","link":"https:\/\/www.europesays.com\/fi\/131125\/","title":{"rendered":"Matti J. Kuronen on kuollut"},"content":{"rendered":"<p>Lappeenrantalaisen rovastin Matti J.\u00a0Kurosen kuoleman vahvistaa Ylelle h\u00e4nen poikansa.<\/p>\n<p><img decoding=\"async\" class=\"image image-show image-preview\" src=\"https:\/\/www.europesays.com\/fi\/wp-content\/uploads\/2026\/01\/c1c2009ae553983209f5b48daa361a500769ef9000d6ad7e750f1db9d223604a.jpg\" alt=\"\"\/><img decoding=\"async\" class=\"image image-show\" src=\"https:\/\/www.europesays.com\/fi\/wp-content\/uploads\/2025\/12\/1766378167_984_c1c2009ae553983209f5b48daa361a500769ef9000d6ad7e750f1db9d223604a.jpg\" alt=\"\"\/><\/p>\n<p>Matti J. Kuronen kuoli pitk\u00e4aikaisen sairauden heikent\u00e4m\u00e4n\u00e4, kertoo Etel\u00e4-Saimaa. AOP<\/p>\n<p class=\"paragraph\">Rovasti, kirjailija ja perheneuvoja <a href=\"https:\/\/www.iltalehti.fi\/henkilot\/Matti J. Kuronen\" class=\"article-link-person-page\" rel=\"nofollow noopener\" target=\"_blank\">Matti Juhani Kuronen<\/a> on kuollut, kertoo <a href=\"https:\/\/yle.fi\/a\/74-20194327\" target=\"_blank\" rel=\"noopener nofollow\">Yle<\/a>.<\/p>\n<p class=\"paragraph\">Asian vahvistaa Ylelle ja <a href=\"https:\/\/www.esaimaa.fi\/paikalliset\/9111157\" target=\"_blank\" rel=\"noopener nofollow\">Etel\u00e4-Saimaalle<\/a> Kurosen poika <strong>Jyri Kuronen<\/strong>.<\/p>\n<p class=\"paragraph\">85-vuotias Kuronen kuoli sairaalassa eturauhassy\u00f6v\u00e4n heikent\u00e4m\u00e4n\u00e4, Etel\u00e4-Saimaa kertoo. H\u00e4n kuoli lehden mukaan 31.\u00a0joulukuuta.<\/p>\n<p class=\"paragraph\">Kristillinen <a href=\"https:\/\/www.kotimaa.fi\/rovasti-matti-j-kuronen-toivoi-kuoleman-jalkeiselta-elamalta-hiljaisuutta-ja-hilpeytta\/\" target=\"_blank\" rel=\"noopener nofollow\">Kotimaa-lehti<\/a> kertoo haastatelleensa Kurosta loppuvuodesta. Tuolloin Kuronen \u201dtiedosti jo pian kuolevansa\u201d, lehti kertoo.<\/p>\n<p class=\"paragraph\">Kotimaa kysyi, mit\u00e4 Kuronen toivoo kuoleman j\u00e4lkeiselt\u00e4 el\u00e4m\u00e4lt\u00e4.<\/p>\n<p class=\"paragraph\">\u2013 Hiljaisuutta ja hiukan hilpeytt\u00e4. Jos edes taivaassa uskaltaisimme nauraa sille, miten turhan t\u00e4rkeit\u00e4 olemme olleet t\u00e4\u00e4ll\u00e4 el\u00e4m\u00e4ss\u00e4, Kuronen vastasi lehdelle.<\/p>\n<p class=\"paragraph\">Kuronen toimi el\u00e4ess\u00e4\u00e4n esimerkiksi vankilapappina, mielenterveysseuran puheenjohtajana, seksuaaliterapeuttina sek\u00e4 perheasiain neuvottelukeskuksen johtajana.<\/p>\n<p class=\"paragraph\">Lis\u00e4ksi Kuronen piti pitk\u00e4\u00e4n aamuhartauksia Yle Radio 1:ss\u00e4, Yle kertoo.<\/p>\n<p class=\"paragraph\">Yle luonnehtii Kurosta \u201dsyd\u00e4mellisen\u00e4 ajattelijana ja puhujana tunnetuksi\u201d henkil\u00f6ksi.<\/p>\n","protected":false},"excerpt":{"rendered":"Lappeenrantalaisen rovastin Matti J.\u00a0Kurosen kuoleman vahvistaa Ylelle h\u00e4nen poikansa. Matti J. Kuronen kuoli pitk\u00e4aikaisen sairauden heikent\u00e4m\u00e4n\u00e4, kertoo Etel\u00e4-Saimaa.&hellip;\n","protected":false},"author":2,"featured_media":131126,"comment_status":"","ping_status":"","sticky":false,"template":"","format":"standard","meta":{"footnotes":""},"categories":[12],"tags":[35,22,23,26,27,33,31,30,17,3862,24,25,28,29,15,18,21,2461,32,502,8490,19,20,140,16],"class_list":{"0":"post-131125","1":"post","2":"type-post","3":"status-publish","4":"format-standard","5":"has-post-thumbnail","7":"category-suomi","8":"tag-24h","9":"tag-breaking-news","10":"tag-breakingnews","11":"tag-featured-news","12":"tag-featurednews","13":"tag-fi","14":"tag-finland","15":"tag-finnish","16":"tag-headlines","17":"tag-iltalehti","18":"tag-latest-news","19":"tag-latestnews","20":"tag-main-news","21":"tag-mainnews","22":"tag-news","23":"tag-otsikot","24":"tag-paauutiset","25":"tag-sairaalat-ja-terveyskeskukset","26":"tag-suomi","27":"tag-terveydenhoito","28":"tag-toimittajakunta","29":"tag-top-stories","30":"tag-topstories","31":"tag-tv-ja-elokuvat","32":"tag-uutiset"},"share_on_mastodon":{"url":"https:\/\/pubeurope.com\/@fi\/115822693225211969","error":""},"_links":{"self":[{"href":"https:\/\/www.europesays.com\/fi\/wp-json\/wp\/v2\/posts\/131125","targetHints":{"allow":["GET"]}}],"collection":[{"href":"https:\/\/www.europesays.com\/fi\/wp-json\/wp\/v2\/posts"}],"about":[{"href":"https:\/\/www.europesays.com\/fi\/wp-json\/wp\/v2\/types\/post"}],"author":[{"embeddable":true,"href":"https:\/\/www.europesays.com\/fi\/wp-json\/wp\/v2\/users\/2"}],"replies":[{"embeddable":true,"href":"https:\/\/www.europesays.com\/fi\/wp-json\/wp\/v2\/comments?post=131125"}],"version-history":[{"count":0,"href":"https:\/\/www.europesays.com\/fi\/wp-json\/wp\/v2\/posts\/131125\/revisions"}],"wp:featuredmedia":[{"embeddable":true,"href":"https:\/\/www.europesays.com\/fi\/wp-json\/wp\/v2\/media\/131126"}],"wp:attachment":[{"href":"https:\/\/www.europesays.com\/fi\/wp-json\/wp\/v2\/media?parent=131125"}],"wp:term":[{"taxonomy":"category","embeddable":true,"href":"https:\/\/www.europesays.com\/fi\/wp-json\/wp\/v2\/categories?post=131125"},{"taxonomy":"post_tag","embeddable":true,"href":"https:\/\/www.europesays.com\/fi\/wp-json\/wp\/v2\/tags?post=131125"}],"curies":[{"name":"wp","href":"https:\/\/api.w.org\/{rel}","templated":true}]}}