{"id":131136,"date":"2026-01-02T00:58:12","date_gmt":"2026-01-02T00:58:12","guid":{"rendered":"https:\/\/www.europesays.com\/fi\/131136\/"},"modified":"2026-01-02T00:58:12","modified_gmt":"2026-01-02T00:58:12","slug":"nuoret-ampuivat-yolla-toisiaan-raketeilla","status":"publish","type":"post","link":"https:\/\/www.europesays.com\/fi\/131136\/","title":{"rendered":"Nuoret ampuivat y\u00f6ll\u00e4 toisiaan raketeilla"},"content":{"rendered":"<p>Lapissa k\u00e4siteltiin raketteja tolkuttomasti.<\/p>\n<p><img decoding=\"async\" class=\"image image-show image-preview\" src=\"https:\/\/www.europesays.com\/fi\/wp-content\/uploads\/2026\/01\/12d3c2022865956bd1c4fbcace96d36223a3caf429b3c7f03e2ddf86220e7fda.jpg\" alt=\"\"\/><img decoding=\"async\" class=\"image image-show\" src=\"https:\/\/www.europesays.com\/fi\/wp-content\/uploads\/2026\/01\/1767315492_6_12d3c2022865956bd1c4fbcace96d36223a3caf429b3c7f03e2ddf86220e7fda.jpg\" alt=\"\"\/><\/p>\n<p>Kuvituskuva. Jenni G\u00e4stgivar<\/p>\n<p class=\"paragraph\">Nuoret ampuivat toisiaan raketeilla Rovaniemen keskustassa uudenvuodeny\u00f6n\u00e4, tiedottaa Lapin poliisilaitos. Poliisin mukaan kyse oli yhdest\u00e4 porukasta, jonka j\u00e4senet olivat ampuneet ilotulitteilla toisiaan.<\/p>\n<p class=\"paragraph\">Poliisin mukaan toinen nuorisojoukkio oli puolestaan keksinyt tunkea ilotulitteita Ounasrinteen koulun roskas\u00e4ili\u00f6\u00f6n. Lis\u00e4ksi raketteja oli ammuttu ja paukuteltu keskustan parkkihallissa. H\u00e4t\u00e4keskukseen tuli ilmoituksia my\u00f6s muista ihmisi\u00e4 ja el\u00e4imi\u00e4 p\u00e4in ammutuista ilotulitteista sek\u00e4 holtittomasta rakettien k\u00e4sittelyst\u00e4.<\/p>\n<p class=\"paragraph\">Poliisi havaitsi my\u00f6s Torniossa valvonnan yhteydess\u00e4 ep\u00e4asiallista ilotulitteiden k\u00e4ytt\u00f6\u00e4 alaik\u00e4isilt\u00e4. Poliisi tavoitti yhden nuorisoporukan savuavan roskiksen luota ja heilt\u00e4 poliisi otti heilt\u00e4 ilotulitteet haltuunsa. Toisaalla yhdelle nuorelle kirjoitettiin sakko ilotulitteen varomattomasta k\u00e4sittelyst\u00e4.<\/p>\n","protected":false},"excerpt":{"rendered":"Lapissa k\u00e4siteltiin raketteja tolkuttomasti. Kuvituskuva. Jenni G\u00e4stgivar Nuoret ampuivat toisiaan raketeilla Rovaniemen keskustassa uudenvuodeny\u00f6n\u00e4, tiedottaa Lapin poliisilaitos. Poliisin&hellip;\n","protected":false},"author":2,"featured_media":131137,"comment_status":"","ping_status":"","sticky":false,"template":"","format":"standard","meta":{"footnotes":""},"categories":[12],"tags":[35,22,23,26,27,33,31,30,17,55,24,25,28,29,15,18,21,122,54,52,103,32,19,20,16],"class_list":{"0":"post-131136","1":"post","2":"type-post","3":"status-publish","4":"format-standard","5":"has-post-thumbnail","7":"category-suomi","8":"tag-24h","9":"tag-breaking-news","10":"tag-breakingnews","11":"tag-featured-news","12":"tag-featurednews","13":"tag-fi","14":"tag-finland","15":"tag-finnish","16":"tag-headlines","17":"tag-lainvalvonta","18":"tag-latest-news","19":"tag-latestnews","20":"tag-main-news","21":"tag-mainnews","22":"tag-news","23":"tag-otsikot","24":"tag-paauutiset","25":"tag-pelastaminen","26":"tag-pelastuspalvelut","27":"tag-poliisi","28":"tag-sosiaalikysymykset","29":"tag-suomi","30":"tag-top-stories","31":"tag-topstories","32":"tag-uutiset"},"share_on_mastodon":{"url":"https:\/\/pubeurope.com\/@fi\/115822795403433557","error":""},"_links":{"self":[{"href":"https:\/\/www.europesays.com\/fi\/wp-json\/wp\/v2\/posts\/131136","targetHints":{"allow":["GET"]}}],"collection":[{"href":"https:\/\/www.europesays.com\/fi\/wp-json\/wp\/v2\/posts"}],"about":[{"href":"https:\/\/www.europesays.com\/fi\/wp-json\/wp\/v2\/types\/post"}],"author":[{"embeddable":true,"href":"https:\/\/www.europesays.com\/fi\/wp-json\/wp\/v2\/users\/2"}],"replies":[{"embeddable":true,"href":"https:\/\/www.europesays.com\/fi\/wp-json\/wp\/v2\/comments?post=131136"}],"version-history":[{"count":0,"href":"https:\/\/www.europesays.com\/fi\/wp-json\/wp\/v2\/posts\/131136\/revisions"}],"wp:featuredmedia":[{"embeddable":true,"href":"https:\/\/www.europesays.com\/fi\/wp-json\/wp\/v2\/media\/131137"}],"wp:attachment":[{"href":"https:\/\/www.europesays.com\/fi\/wp-json\/wp\/v2\/media?parent=131136"}],"wp:term":[{"taxonomy":"category","embeddable":true,"href":"https:\/\/www.europesays.com\/fi\/wp-json\/wp\/v2\/categories?post=131136"},{"taxonomy":"post_tag","embeddable":true,"href":"https:\/\/www.europesays.com\/fi\/wp-json\/wp\/v2\/tags?post=131136"}],"curies":[{"name":"wp","href":"https:\/\/api.w.org\/{rel}","templated":true}]}}