{"id":131138,"date":"2026-01-02T00:59:11","date_gmt":"2026-01-02T00:59:11","guid":{"rendered":"https:\/\/www.europesays.com\/fi\/131138\/"},"modified":"2026-01-02T00:59:11","modified_gmt":"2026-01-02T00:59:11","slug":"aatos-koivu-poikkeuksellinen-avautuminen-ilta-sanomat","status":"publish","type":"post","link":"https:\/\/www.europesays.com\/fi\/131138\/","title":{"rendered":"Aatos Koivu: poikkeuksellinen avautuminen &#8211; Ilta-Sanomat"},"content":{"rendered":"<p>Aatos Koivulta suoraa puhetta.<\/p>\n<p class=\"article-body mb-nof-24 px-nof-16\">Saint Paul<\/p>\n<p class=\"article-body mb-nof-24 px-nof-16\">Suomen kakkosketjun laidassa koko turnauksen hy\u00f6k\u00e4nnyt <a class=\"font-bold underline-offset-[0.12em] [text-decoration:var(--person-link-text-decoration)] ![text-decoration-color:var(--person-link-text-decoration-color)]\" href=\"https:\/\/www.is.fi\/haku\/?query=Aatos%20Koivu,\" rel=\"nofollow noopener\" target=\"_blank\">Aatos Koivu,<\/a> 19, sai keskiviikkona Kanadaa vastaan peliaikaa vain reilun minuutin.<\/p>\n<p class=\"article-body mb-nof-24 px-nof-16\">Koivu pelasi kaksi vaihtoa avauser\u00e4ss\u00e4 ja istui sen j\u00e4lkeen viltiss\u00e4.<\/p>\n<p class=\"article-body mb-nof-24 px-nof-16\">Suomen p\u00e4\u00e4valmentaja <a class=\"font-bold underline-offset-[0.12em] [text-decoration:var(--person-link-text-decoration)] ![text-decoration-color:var(--person-link-text-decoration-color)]\" href=\"https:\/\/www.is.fi\/haku\/?query=Lauri%20Mikkola\" rel=\"nofollow noopener\" target=\"_blank\">Lauri Mikkola <\/a>sanoi ottelun j\u00e4lkeen halunneensa fyysisemm\u00e4n <a class=\"font-bold underline-offset-[0.12em] [text-decoration:var(--person-link-text-decoration)] ![text-decoration-color:var(--person-link-text-decoration-color)]\" href=\"https:\/\/www.is.fi\/haku\/?query=Onni%20Kalton\" rel=\"nofollow noopener\" target=\"_blank\">Onni Kalton<\/a> Koivun paikalle.<\/p>\n<p class=\"article-body mb-nof-24 px-nof-16\">Koivu kuitenkin asteli torstaina Nuorten Leijonien harjoitusten j\u00e4lkeen Minnesota Wildin kotiareenan haastattelualueelle ja ilmoitti, ett\u00e4 h\u00e4n teki molemmissa vaihdoissaan isot virheet, jotka johtivat Kanadan maaleihin.<\/p>\n<p class=\"article-body mb-nof-24 px-nof-16\">Siksi h\u00e4net penkitettiin.<\/p>\n<p class=\"article-body mb-nof-24 px-nof-16\">\u2013 Olin vastuussa Kanadan kahdesta ensimm\u00e4isest\u00e4 maalista. Tein parissa ensimm\u00e4isess\u00e4 vaihdossani kaksi isoa virhett\u00e4, joista kannan t\u00e4yden vastuun, Koivu sanoi.<\/p>\n<p class=\"article-body mb-nof-24 px-nof-16\">\u2013 Kannan niist\u00e4 t\u00e4yden vastuun. Olisin voinut pelata ne tilanteet paljon paremmin.<\/p>\n<p class=\"article-body mb-nof-24 px-nof-16\">Kanadan ensimm\u00e4isess\u00e4 maalissa Koivu unohti merkata huippupakki <a class=\"font-bold underline-offset-[0.12em] [text-decoration:var(--person-link-text-decoration)] ![text-decoration-color:var(--person-link-text-decoration-color)]\" href=\"https:\/\/www.is.fi\/haku\/?query=Zayne%20Parekhin\" rel=\"nofollow noopener\" target=\"_blank\">Zayne Parekhin<\/a>, joka laukoi kiekon ohi Rimpisen.<\/p>\n<p class=\"article-body mb-nof-24 px-nof-16\">Kanadan toisessa maalissa Koivulle sattui taas uinahdus. H\u00e4n saapui Nuorten Leijonien puolustusalueelle ensimm\u00e4isen\u00e4 hy\u00f6kk\u00e4\u00e4j\u00e4n\u00e4 mutta unohti maalin eteen vapaaksi <a class=\"font-bold underline-offset-[0.12em] [text-decoration:var(--person-link-text-decoration)] ![text-decoration-color:var(--person-link-text-decoration-color)]\" href=\"https:\/\/www.is.fi\/haku\/?query=Brady%20Martinin\" rel=\"nofollow noopener\" target=\"_blank\">Brady Martinin<\/a>.<\/p>\n<p class=\"article-body mb-nof-24 px-nof-16\">T\u00e4m\u00e4 sai ly\u00f6d\u00e4 kiekon maaliin.<\/p>\n<p class=\"article-body mb-nof-24 px-nof-16\">Koivu sanoi ymm\u00e4rt\u00e4neens\u00e4 p\u00e4\u00e4valmentajan ratkaisun virheidens\u00e4 j\u00e4lkeen.<\/p>\n<p class=\"article-body mb-nof-24 px-nof-16\">\u2013 V\u00e4lill\u00e4 k\u00e4y noin, jos ei ole valmiina pelin alussa. Mutta turha sit\u00e4 on j\u00e4\u00e4d\u00e4 miettim\u00e4\u00e4n.<\/p>\n<p class=\"article-body mb-nof-24 px-nof-16\">\u2013 Toivottavasti saan viel\u00e4 mahdollisuuden, h\u00e4n sanoi.<\/p>\n<p class=\"article-body mb-nof-24 px-nof-16\">Ainakin Nuorten Leijonien harjoituksissa Koivu n\u00e4ytti hy\u00f6kk\u00e4\u00e4v\u00e4n tutulla paikallaan kakkosketjussa.<\/p>\n<p class=\"article-body mb-nof-24 px-nof-16\">Suomi h\u00e4visi Kanadalle lukemin 4\u20137.<\/p>\n<p class=\"article-body mb-nof-24 px-nof-16\">Koivu odotti ottelua erityisen latautuneena. Kanadan joukkueessa on h\u00e4nelle tuttuja pelaajia, kuten Montreal Canadiensin nuorten pelaajien leirill\u00e4 k\u00e4mpp\u00e4kaverina asustellut <a class=\"font-bold underline-offset-[0.12em] [text-decoration:var(--person-link-text-decoration)] ![text-decoration-color:var(--person-link-text-decoration-color)]\" href=\"https:\/\/www.is.fi\/haku\/?query=Michael%20Hage\" rel=\"nofollow noopener\" target=\"_blank\">Michael Hage<\/a>.<\/p>\n<p class=\"article-body mb-nof-24 px-nof-16\">\u2013 Halusin n\u00e4ytt\u00e4\u00e4, onnistua ja auttaa joukkuetta voittamaan. Nyt ei auta kuin oppia virheist\u00e4, Koivu sanoo.<\/p>\n<p class=\"article-body mb-nof-24 px-nof-16\">\u2013 Minulla on onneksi lyhyt muisti, oli peli sitten hyv\u00e4 tai huono.<\/p>\n<p class=\"article-body mb-nof-24 px-nof-16\">Suomi j\u00e4i lohkossaan kolmanneksi ja kohtaa siksi puoliv\u00e4lier\u00e4ss\u00e4 kovan USA:n. Ottelu pelataan perjantain ja lauantain v\u00e4lisen\u00e4 y\u00f6n\u00e4 Suomen aikaa kello 01.<\/p>\n<p class=\"article-body mb-nof-24 px-nof-16\">\u2013 USA muistuttaa Kanadaa. He el\u00e4v\u00e4t meid\u00e4n kiekonmenetyksist\u00e4, ja l\u00e4htev\u00e4t riistojen j\u00e4lkeen aina t\u00e4ysill\u00e4 yl\u00f6sp\u00e4in, Koivu kertoo.<\/p>\n<p class=\"article-body mb-nof-24 px-nof-16\">\u2013 Heid\u00e4n heikkoutensa ovat puolustusp\u00e4\u00e4ss\u00e4. Pyrimme rankaisemaan niist\u00e4.<\/p>\n","protected":false},"excerpt":{"rendered":"Aatos Koivulta suoraa puhetta. Saint Paul Suomen kakkosketjun laidassa koko turnauksen hy\u00f6k\u00e4nnyt Aatos Koivu, 19, sai keskiviikkona Kanadaa&hellip;\n","protected":false},"author":2,"featured_media":131139,"comment_status":"","ping_status":"","sticky":false,"template":"","format":"standard","meta":{"footnotes":""},"categories":[5],"tags":[22,23,26,27,33,31,30,17,34,24,25,28,29,15,18,21,32,19,20,16],"class_list":{"0":"post-131138","1":"post","2":"type-post","3":"status-publish","4":"format-standard","5":"has-post-thumbnail","7":"category-otsikot","8":"tag-breaking-news","9":"tag-breakingnews","10":"tag-featured-news","11":"tag-featurednews","12":"tag-fi","13":"tag-finland","14":"tag-finnish","15":"tag-headlines","16":"tag-ilta-sanomat","17":"tag-latest-news","18":"tag-latestnews","19":"tag-main-news","20":"tag-mainnews","21":"tag-news","22":"tag-otsikot","23":"tag-paauutiset","24":"tag-suomi","25":"tag-top-stories","26":"tag-topstories","27":"tag-uutiset"},"share_on_mastodon":{"url":"https:\/\/pubeurope.com\/@fi\/115822799225982864","error":""},"_links":{"self":[{"href":"https:\/\/www.europesays.com\/fi\/wp-json\/wp\/v2\/posts\/131138","targetHints":{"allow":["GET"]}}],"collection":[{"href":"https:\/\/www.europesays.com\/fi\/wp-json\/wp\/v2\/posts"}],"about":[{"href":"https:\/\/www.europesays.com\/fi\/wp-json\/wp\/v2\/types\/post"}],"author":[{"embeddable":true,"href":"https:\/\/www.europesays.com\/fi\/wp-json\/wp\/v2\/users\/2"}],"replies":[{"embeddable":true,"href":"https:\/\/www.europesays.com\/fi\/wp-json\/wp\/v2\/comments?post=131138"}],"version-history":[{"count":0,"href":"https:\/\/www.europesays.com\/fi\/wp-json\/wp\/v2\/posts\/131138\/revisions"}],"wp:featuredmedia":[{"embeddable":true,"href":"https:\/\/www.europesays.com\/fi\/wp-json\/wp\/v2\/media\/131139"}],"wp:attachment":[{"href":"https:\/\/www.europesays.com\/fi\/wp-json\/wp\/v2\/media?parent=131138"}],"wp:term":[{"taxonomy":"category","embeddable":true,"href":"https:\/\/www.europesays.com\/fi\/wp-json\/wp\/v2\/categories?post=131138"},{"taxonomy":"post_tag","embeddable":true,"href":"https:\/\/www.europesays.com\/fi\/wp-json\/wp\/v2\/tags?post=131138"}],"curies":[{"name":"wp","href":"https:\/\/api.w.org\/{rel}","templated":true}]}}