{"id":131148,"date":"2026-01-02T01:24:07","date_gmt":"2026-01-02T01:24:07","guid":{"rendered":"https:\/\/www.europesays.com\/fi\/131148\/"},"modified":"2026-01-02T01:24:07","modified_gmt":"2026-01-02T01:24:07","slug":"kysely-trump-ja-putin-elakkeelle-hallitus-vaihtoon-ja-rauhaa-toivottiin-lahdessa-vuodelle-2026-paijat-hame","status":"publish","type":"post","link":"https:\/\/www.europesays.com\/fi\/131148\/","title":{"rendered":"Kysely | Trump ja Putin el\u00e4kkeelle, hallitus vaihtoon ja rauhaa, toivottiin Lahdessa vuodelle 2026 | P\u00e4ij\u00e4t-H\u00e4me"},"content":{"rendered":"<p>Uudenvuodenp\u00e4iv\u00e4n\u00e4 Lahden keskustassa jututetut kaupunkilaiset kertoivat toiveistaan ja huolistaan.<\/p>\n<p>Dresdenil\u00e4iset siskokset <strong>Johanna<\/strong> ja <strong>Eva Bretthauer <\/strong>aloittivat uuden vuoden ensimm\u00e4isen p\u00e4iv\u00e4n luistelemalla Lahden torilla. Erasmus-vaihdossa Lahdessa syyslukukauden ollut Eva oli kutsunut siskonsa ja muita tuttuja vuodenvaihteeksi Lahteen. Aurinkoiset pakkasp\u00e4iv\u00e4t ja lumi olivat iloinen yll\u00e4tys seurueelle, vaikka toivottuja revontulia ei ollutkaan n\u00e4hty.<\/p>\n","protected":false},"excerpt":{"rendered":"Uudenvuodenp\u00e4iv\u00e4n\u00e4 Lahden keskustassa jututetut kaupunkilaiset kertoivat toiveistaan ja huolistaan. Dresdenil\u00e4iset siskokset Johanna ja Eva Bretthauer aloittivat uuden vuoden&hellip;\n","protected":false},"author":2,"featured_media":131149,"comment_status":"","ping_status":"","sticky":false,"template":"","format":"standard","meta":{"footnotes":""},"categories":[12],"tags":[22,23,26,27,33,31,30,17,104,1801,24,25,28,29,15,18,21,142,637,710,3911,32,19,20,21377,16],"class_list":{"0":"post-131148","1":"post","2":"type-post","3":"status-publish","4":"format-standard","5":"has-post-thumbnail","7":"category-suomi","8":"tag-breaking-news","9":"tag-breakingnews","10":"tag-featured-news","11":"tag-featurednews","12":"tag-fi","13":"tag-finland","14":"tag-finnish","15":"tag-headlines","16":"tag-helsinki","17":"tag-lahti","18":"tag-latest-news","19":"tag-latestnews","20":"tag-main-news","21":"tag-mainnews","22":"tag-news","23":"tag-otsikot","24":"tag-paauutiset","25":"tag-poliitikot","26":"tag-politiikka","27":"tag-saa","28":"tag-saksa","29":"tag-suomi","30":"tag-top-stories","31":"tag-topstories","32":"tag-ukrainan-kriisi","33":"tag-uutiset"},"share_on_mastodon":{"url":"https:\/\/pubeurope.com\/@fi\/115822897618455458","error":""},"_links":{"self":[{"href":"https:\/\/www.europesays.com\/fi\/wp-json\/wp\/v2\/posts\/131148","targetHints":{"allow":["GET"]}}],"collection":[{"href":"https:\/\/www.europesays.com\/fi\/wp-json\/wp\/v2\/posts"}],"about":[{"href":"https:\/\/www.europesays.com\/fi\/wp-json\/wp\/v2\/types\/post"}],"author":[{"embeddable":true,"href":"https:\/\/www.europesays.com\/fi\/wp-json\/wp\/v2\/users\/2"}],"replies":[{"embeddable":true,"href":"https:\/\/www.europesays.com\/fi\/wp-json\/wp\/v2\/comments?post=131148"}],"version-history":[{"count":0,"href":"https:\/\/www.europesays.com\/fi\/wp-json\/wp\/v2\/posts\/131148\/revisions"}],"wp:featuredmedia":[{"embeddable":true,"href":"https:\/\/www.europesays.com\/fi\/wp-json\/wp\/v2\/media\/131149"}],"wp:attachment":[{"href":"https:\/\/www.europesays.com\/fi\/wp-json\/wp\/v2\/media?parent=131148"}],"wp:term":[{"taxonomy":"category","embeddable":true,"href":"https:\/\/www.europesays.com\/fi\/wp-json\/wp\/v2\/categories?post=131148"},{"taxonomy":"post_tag","embeddable":true,"href":"https:\/\/www.europesays.com\/fi\/wp-json\/wp\/v2\/tags?post=131148"}],"curies":[{"name":"wp","href":"https:\/\/api.w.org\/{rel}","templated":true}]}}