{"id":131150,"date":"2026-01-02T01:25:11","date_gmt":"2026-01-02T01:25:11","guid":{"rendered":"https:\/\/www.europesays.com\/fi\/131150\/"},"modified":"2026-01-02T01:25:11","modified_gmt":"2026-01-02T01:25:11","slug":"stubb-suhde-yhdysvaltoihin-on-murroksessa","status":"publish","type":"post","link":"https:\/\/www.europesays.com\/fi\/131150\/","title":{"rendered":"Stubb: Suhde Yhdysvaltoihin on murroksessa"},"content":{"rendered":"<p>Presidentin puhe|Stubb korosti puheessaan kolmea \u201dtavoitetta\u201d: rauhaa, talouskasvua ja v\u00e4litt\u00e4mist\u00e4. Voit lukea puheen kokonaisuudessaan t\u00e4st\u00e4 artikkelista.<\/p>\n<p>1.1. 11:58 | P\u00e4ivitetty 1.1. 12:23<\/p>\n<p class=\"article-body mb-nof-24 px-nof-16\">Tasavallan presidentti <a class=\"font-bold underline-offset-[0.12em] [text-decoration:var(--person-link-text-decoration)] ![text-decoration-color:var(--person-link-text-decoration-color)]\" href=\"https:\/\/www.hs.fi\/haku\/?query=Alexander%20Stubb\" rel=\"nofollow noopener\" target=\"_blank\">Alexander Stubb<\/a> on pit\u00e4nyt uudenvuodenpuheensa torstaina.<\/p>\n<p class=\"article-body mb-nof-24 px-nof-16\">Stubb piti puheensa ensin suomeksi. H\u00e4n korosti kolmea \u201dtavoitetta\u201d: rauhaa, talouskasvua ja v\u00e4litt\u00e4mist\u00e4.<\/p>\n<p class=\"article-body mb-nof-24 px-nof-16\">\u201dMe suomalaiset olemme rauhanrakentajia. Meid\u00e4n panostamme tarvitaan\u201d, presidentti sanoi.<\/p>\n<p class=\"article-body mb-nof-24 px-nof-16\">H\u00e4nen mukaansa Suomen ja Euroopan suhde Yhdysvaltoihin on murroksessa. Siksi meid\u00e4n on totuttava uuteen.<\/p>\n<p class=\"article-body mb-nof-24 px-nof-16\">\u201dYhteisty\u00f6 on meille molemmille arvokasta. Menneen\u00e4 vuonna t\u00e4st\u00e4 olivat esimerkkein\u00e4 j\u00e4\u00e4nmurtajakaupat, puolustusyhteisty\u00f6 ja rauhanneuvottelut Ukrainassa\u201d, Stubb sanoi.<\/p>\n<p class=\"article-body mb-nof-24 px-nof-16\">Yhteisty\u00f6st\u00e4 huolimatta Suomessa on presidentin mielest\u00e4 tiedostettava, ett\u00e4 \u201daina emme ole Yhdysvaltojen kanssa asioista samaa mielt\u00e4\u201d.<\/p>\n<p class=\"article-body mb-nof-24 px-nof-16\">\u201dOn Suomen ja Euroopan etujen mukaista, ett\u00e4 vahvistamme kansainv\u00e4lisi\u00e4 instituutioita ja s\u00e4\u00e4nt\u00f6j\u00e4, ja ett\u00e4 edist\u00e4mme ilmastonmuutoksen torjumista.\u201d<\/p>\n<p class=\"article-body mb-nof-24 px-nof-16\">Suomen l\u00e4heisimm\u00e4t yst\u00e4v\u00e4t ovat Stubbin mukaan Pohjoismaissa ja Euroopassa.<\/p>\n<p class=\"article-body mb-nof-24 px-nof-16\">\u201dPohjoismaiden v\u00e4list\u00e4 yhteisty\u00f6t\u00e4 on tiivistett\u00e4v\u00e4. Euroopan yhteisty\u00f6t\u00e4 on syvennett\u00e4v\u00e4 entisest\u00e4\u00e4n. Miksi? Koska molempien kohdalla on kyse Suomen arvoista ja intresseist\u00e4.\u201d<\/p>\n<p class=\"article-body mb-nof-24 px-nof-16\">Suomen toiseksi tavoitteeksi presidentti m\u00e4\u00e4ritteli talouskasvun.<\/p>\n<p class=\"article-body mb-nof-24 px-nof-16\">\u201dOlen huolissani Suomen julkisen talouden tilasta. Geopolitiikan ep\u00e4varmuudet ja Ven\u00e4j\u00e4n hy\u00f6kk\u00e4yssota n\u00e4ytt\u00e4v\u00e4t iskev\u00e4n meid\u00e4n talouteemme erityisen kovaa.\u201d<\/p>\n<p class=\"article-body mb-nof-24 px-nof-16\">Stubbin mielest\u00e4 vastuullinen valtiontalous on jatkumo, ei vain yksitt\u00e4isen hallituksen teht\u00e4v\u00e4. Ei voi olla niin, ett\u00e4 yksi sopeuttaa ja seuraava jakaa avok\u00e4tisesti, Stubb sanoi.<\/p>\n<p class=\"article-body mb-nof-24 px-nof-16\">Siksi tarvitaan pitk\u00e4j\u00e4nteisyytt\u00e4. Laaja parlamentaarinen sopu velkajarrusta oli h\u00e4nen mukaansa esimerkki vastuullisesta p\u00e4\u00e4t\u00f6ksest\u00e4, joka luo luottamusta talouteen.<\/p>\n<p class=\"article-body mb-nof-24 px-nof-16\">\u201dKasvu on koko hyvinvointiyhteiskuntamme perusta. Ilman kasvua ei ole hyvinvointia. Meill\u00e4 on kaikki edellytykset kest\u00e4v\u00e4n kasvun tielle. Polkuja on useita. Kaikki l\u00e4htee osaamisesta, tutkimuksesta ja koulutuksesta.\u201d<\/p>\n<p class=\"article-body mb-nof-24 px-nof-16\">Teknologian kehitys vaikuttaa kaikkeen, Stubb sanoi.<\/p>\n<p class=\"article-body mb-nof-24 px-nof-16\">\u201dOnneksi meill\u00e4 on osaamista t\u00e4ll\u00e4 saralla. Tietoverkot, kvanttiteknologia ja kriittiset mineraalit ovat vahvuuksiamme. Niit\u00e4 tarvitaan teknologisen vallankumouksen ytimess\u00e4, eli teko\u00e4lyss\u00e4.\u201d<\/p>\n<p><img decoding=\"async\" src=\"https:\/\/www.europesays.com\/fi\/wp-content\/uploads\/2026\/01\/1767317111_913_468.jpg\" alt=\"Tasavallan presidentti Alexander Stubb piti uudenvuodenpuheensa torstaina.\" class=\"_Img_1rerz_1\" style=\"aspect-ratio:1.3342599027102153\" loading=\"eager\"\/><\/p>\n<p class=\"article-picture-caption\">Tasavallan presidentti Alexander Stubb piti uudenvuodenpuheensa torstaina. Kuva:\u00a0Kalle Koponen \/ HS<\/p>\n<p class=\"article-body mb-nof-24 px-nof-16\">Talouskasvun edellytyksist\u00e4 on pidett\u00e4v\u00e4 huolta my\u00f6s muilla aloilla.<\/p>\n<p class=\"article-body mb-nof-24 px-nof-16\">\u201dMeill\u00e4 on paljon erinomaisia startup-yrityksi\u00e4. Meid\u00e4n on teht\u00e4v\u00e4 voitavamme, jotta kasvuyritykset pysyv\u00e4t Suomessa.\u201d<\/p>\n<p class=\"article-body mb-nof-24 px-nof-16\">Nyky\u00e4\u00e4n maailmalla tarvitaan h\u00e4nen mielest\u00e4\u00e4n v\u00e4lill\u00e4 valtiota avaamaan markkinoiden ovia. Tasavallan presidenttin\u00e4 jatkan Suomen viennin edist\u00e4mist\u00e4 maailmalla, Stubb sanoi.<\/p>\n<p class=\"article-body mb-nof-24 px-nof-16\">\u201dOn my\u00f6s selv\u00e4\u00e4, ett\u00e4 nykyisest\u00e4 v\u00e4est\u00f6nkehityksest\u00e4 ja ik\u00e4rakenteesta johtuen tarvitsemme lis\u00e4\u00e4 ty\u00f6per\u00e4ist\u00e4 maahanmuuttoa. Kyse on siit\u00e4, miten kykenemme yhteiskuntana sopeutumaan t\u00e4h\u00e4n uuteen todellisuuteen.\u201d<\/p>\n<p class=\"article-body mb-nof-24 px-nof-16\">Ilmastonmuutoksen torjuminen uhkaa presidentin mielest\u00e4 j\u00e4\u00e4d\u00e4 maailmanmyllerryksen taustalle.<\/p>\n<p class=\"article-body mb-nof-24 px-nof-16\">\u201dN\u00e4in ei saisi k\u00e4yd\u00e4. Ilmastonmuutos on meille eksistentiaalinen kysymys. Maat, jotka ottavat ilmastonmuutoksen vakavasti, tulevat saamaan etuly\u00f6ntiaseman. My\u00f6s taloudessa Suomen tulee edelleen panostaa vihre\u00e4\u00e4n kasvuun.\u201d<\/p>\n<p class=\"article-body mb-nof-24 px-nof-16\">Kolmantena Suomen tavoitteena presidentti mainitsi v\u00e4litt\u00e4misen.<\/p>\n<p class=\"article-body mb-nof-24 px-nof-16\">\u201dKaiken myllerryksen keskell\u00e4 on aina hyv\u00e4 pys\u00e4hty\u00e4 perusasioiden \u00e4\u00e4reen. Suomi on edelleen l\u00e4hes kaikilla mittareilla mitattuna yksi maailman parhaista maista. Olemme maailman onnellisin kansa.\u201d<\/p>\n<p class=\"article-body mb-nof-24 px-nof-16\">Samalla on tiedostettava, ett\u00e4 kaikki suomalaiset eiv\u00e4t voi hyvin tai ole onnellisia.<\/p>\n<p class=\"article-body mb-nof-24 px-nof-16\">\u201dUsein on kyse siit\u00e4, ett\u00e4 perusasiat eiv\u00e4t ole kunnossa. On taloudellisia vaikeuksia. On ty\u00f6tt\u00f6myytt\u00e4. On turvattomuutta. On terveyshuolia. On perhev\u00e4kivaltaa. On rasismia. Meid\u00e4n on pystytt\u00e4v\u00e4 parempaan.\u201d<\/p>\n<p class=\"article-body mb-nof-24 px-nof-16\">Kun maailma ymp\u00e4rill\u00e4mme n\u00e4ytt\u00e4ytyy \u00e4\u00e4rimm\u00e4isen vakavana, meid\u00e4n on Stubbin mielest\u00e4 l\u00f6ydett\u00e4v\u00e4 sen rinnalle iloa \u2013 muuten kuihdumme ja kyynistymme.<\/p>\n<p class=\"article-body mb-nof-24 px-nof-16\">\u201dUsein tuo ilo l\u00f6ytyy yst\u00e4vist\u00e4, ty\u00f6tovereista ja uteliaasta tekemisest\u00e4.\u201d<\/p>\n<p class=\"article-body mb-nof-24 px-nof-16\">\u201dKovan realismin lis\u00e4ksi tarvitsemme my\u00f6s kuvittelua ja kulttuuria. Moni kaunis asia ja merkitt\u00e4v\u00e4 keksint\u00f6 on saanut alkunsa ihmisen kyvyst\u00e4 kuvitella.\u201d<\/p>\n","protected":false},"excerpt":{"rendered":"Presidentin puhe|Stubb korosti puheessaan kolmea \u201dtavoitetta\u201d: rauhaa, talouskasvua ja v\u00e4litt\u00e4mist\u00e4. Voit lukea puheen kokonaisuudessaan t\u00e4st\u00e4 artikkelista. 1.1. 11:58&hellip;\n","protected":false},"author":2,"featured_media":131151,"comment_status":"","ping_status":"","sticky":false,"template":"","format":"standard","meta":{"footnotes":""},"categories":[5],"tags":[22,23,26,27,33,31,30,17,46,24,25,28,29,15,18,21,32,19,20,16],"class_list":{"0":"post-131150","1":"post","2":"type-post","3":"status-publish","4":"format-standard","5":"has-post-thumbnail","7":"category-otsikot","8":"tag-breaking-news","9":"tag-breakingnews","10":"tag-featured-news","11":"tag-featurednews","12":"tag-fi","13":"tag-finland","14":"tag-finnish","15":"tag-headlines","16":"tag-helsingin-sanomat","17":"tag-latest-news","18":"tag-latestnews","19":"tag-main-news","20":"tag-mainnews","21":"tag-news","22":"tag-otsikot","23":"tag-paauutiset","24":"tag-suomi","25":"tag-top-stories","26":"tag-topstories","27":"tag-uutiset"},"share_on_mastodon":{"url":"https:\/\/pubeurope.com\/@fi\/115822901506528020","error":""},"_links":{"self":[{"href":"https:\/\/www.europesays.com\/fi\/wp-json\/wp\/v2\/posts\/131150","targetHints":{"allow":["GET"]}}],"collection":[{"href":"https:\/\/www.europesays.com\/fi\/wp-json\/wp\/v2\/posts"}],"about":[{"href":"https:\/\/www.europesays.com\/fi\/wp-json\/wp\/v2\/types\/post"}],"author":[{"embeddable":true,"href":"https:\/\/www.europesays.com\/fi\/wp-json\/wp\/v2\/users\/2"}],"replies":[{"embeddable":true,"href":"https:\/\/www.europesays.com\/fi\/wp-json\/wp\/v2\/comments?post=131150"}],"version-history":[{"count":0,"href":"https:\/\/www.europesays.com\/fi\/wp-json\/wp\/v2\/posts\/131150\/revisions"}],"wp:featuredmedia":[{"embeddable":true,"href":"https:\/\/www.europesays.com\/fi\/wp-json\/wp\/v2\/media\/131151"}],"wp:attachment":[{"href":"https:\/\/www.europesays.com\/fi\/wp-json\/wp\/v2\/media?parent=131150"}],"wp:term":[{"taxonomy":"category","embeddable":true,"href":"https:\/\/www.europesays.com\/fi\/wp-json\/wp\/v2\/categories?post=131150"},{"taxonomy":"post_tag","embeddable":true,"href":"https:\/\/www.europesays.com\/fi\/wp-json\/wp\/v2\/tags?post=131150"}],"curies":[{"name":"wp","href":"https:\/\/api.w.org\/{rel}","templated":true}]}}