{"id":131152,"date":"2026-01-02T01:37:14","date_gmt":"2026-01-02T01:37:14","guid":{"rendered":"https:\/\/www.europesays.com\/fi\/131152\/"},"modified":"2026-01-02T01:37:14","modified_gmt":"2026-01-02T01:37:14","slug":"vuoden-eroissa-hajosi-monta-ikuiseksi-sanottua-paria","status":"publish","type":"post","link":"https:\/\/www.europesays.com\/fi\/131152\/","title":{"rendered":"Vuoden eroissa hajosi monta ikuiseksi sanottua paria"},"content":{"rendered":"<p>            Seiskan arkisto\n        <\/p>\n<p class=\"subtitle \">Kuluneena vuonna rikkoutui j\u00e4lleen useampi ikuiseksi tarkoitettu suhde.<\/p>\n<p class=\"article-content article-content-width !bg-background\">Purjehtijaksi heitt\u00e4ytyneen\u00a0 ja somepersoona  liitto solmittiin 2023 viiden vuoden seurustelun j\u00e4lkeen, mutta onni ei ollut kest\u00e4v\u00e4\u00e4 sorttia.\u00a0<\/p>\n<p class=\"font-weight-bold m-font-weight-bold article-content article-content-width !bg-background\">Videolla Martina Aitolehteen yhdistetyn Matias Pet\u00e4ist\u00f6n erodraamasta<\/p>\n<p class=\"article-content article-content-width !bg-background\">Erohuhuja tiiviisti kiist\u00e4nyt pari my\u00f6nsi eronneensa vihdoin hein\u00e4kuussa.\u00a0<\/p>\n<p>                <img decoding=\"async\" src=\"https:\/\/www.europesays.com\/fi\/wp-content\/uploads\/2026\/01\/2003153.webp.jpeg\" width=\"576\" height=\"720\" alt=\"Jannin ja Jollen onnen piti olla kest\u00e4v\u00e4\u00e4 sorttia.\" loading=\"lazy\" \/>            <\/p>\n<p>\n            Jannin ja Jollen onnen piti olla kest\u00e4v\u00e4\u00e4 sorttia.<br \/>\n            Seiskan arkisto\n        <\/p>\n<p class=\"article-content article-content-width !bg-background\">Erityist\u00e4 erossa oli se, ett\u00e4 pariskunta vetosi asuneensa kaksi vuotta eri paikkakunnilla ja sai n\u00e4in tuomion erosta vain kuukaudessa, normaalin puolen vuoden harkinta-ajan sijaan. Ex-parista Jolle on valitellut somessaan eron j\u00e4lkeist\u00e4 huonoa fiilist\u00e4.<\/p>\n<p>                <img decoding=\"async\" src=\"https:\/\/www.europesays.com\/fi\/wp-content\/uploads\/2026\/01\/2003151.webp.jpeg\" width=\"576\" height=\"1104\" alt=\"H\u00e4it\u00e4 juhlittiin 2023 Valkosaaren NJK:lta.\" loading=\"lazy\" \/>            <\/p>\n<p>\n            H\u00e4it\u00e4 juhlittiin 2023 Valkosaaren NJK:lta.<br \/>\n            Seiskan arkisto\n        <\/p>\n<p>Laulut vihjasivat erosta<\/p>\n<p class=\"article-content article-content-width !bg-background\">Laulaja  ja ex-missi, juontaja  olivat erityisen seurattu avopari, joka kertoi yhteistuumin erostaan hein\u00e4kuussa. Shirly totesi elokuussa podcastissa, ett\u00e4 ero oli tapahtunut jo tovi sitten ja kaikki oli hyvin.\u00a0<\/p>\n<p>        <a itemprop=\"url\" href=\"https:\/\/www.seiska.fi\/kotimaa\/oho-nain-tienasivat-eronneet-janni-hussi-ja-joel-harkimo\/1982008\" rel=\"nofollow noopener\" target=\"_blank\"><\/p>\n<p>\nOho!\n<\/p>\n<p class=\"section-date\">\n        <strong class=\"article-section\" data-section=\"kotimaa\"><br \/>\n            kotimaa<br \/>\n        <\/strong><br \/>\n        12.11.2025 08:35\n    <\/p>\n<p>Oho! N\u00e4in tienasivat eronneet Janni Hussi ja Joel Harkimo\n    <\/p>\n<p itemprop=\"description\" class=\"subtitle \">\n    Janni ja Joel tuomittiin avioeroon 14. lokakuuta.\n<\/p>\n<p>        <\/a><\/p>\n<p>                <img decoding=\"async\" src=\"https:\/\/www.europesays.com\/fi\/wp-content\/uploads\/2026\/01\/2003155.webp.jpeg\" width=\"576\" height=\"720\" alt=\"Sannin ja Shirlyn suhde oli kotimaan seuratuimpia rakkaustarinoita viime vuosina.\" loading=\"lazy\" \/>            <\/p>\n<p>\n            Sannin ja Shirlyn suhde oli kotimaan seuratuimpia rakkaustarinoita viime vuosina.<br \/>\n            Seiskan arkisto\n        <\/p>\n<p class=\"article-content article-content-width !bg-background\">Shirly my\u00f6s kertoi aiemmin, ett\u00e4 vanhempansa olivat rakastuneet heti kerralla tytt\u00e4rens\u00e4 ensimm\u00e4iseen tytt\u00f6yst\u00e4v\u00e4\u00e4n, vaikka eiv\u00e4t voineet siet\u00e4\u00e4 aikaisempia poikayst\u00e4vi\u00e4. Sanni sivusi samaa teemaa erohenkisess\u00e4 uutuuskappaleessaan.\u00a0<\/p>\n<p class=\"article-content article-content-width !bg-background\">Nyttemmin Shirly on n\u00e4hty kuhertelemassa rap-artisti  kanssa.<\/p>\n<p>S\u00f6p\u00f6ilyt loppuivat sein\u00e4\u00e4n<\/p>\n<p class=\"article-content article-content-width !bg-background\">Erovuosi alkoi rytin\u00e4ll\u00e4 tammikuussa, kun ex-nyrkkeilij\u00e4  ja TTK-opettajansa  ilmoittivat erostaan mustavalkokuvan kera Instagramissa. Syyksi eri teille l\u00e4ht\u00f6\u00f6n kaksikko kuvasi erilleen kasvamista.\u00a0<\/p>\n<p>                <img decoding=\"async\" src=\"https:\/\/www.europesays.com\/fi\/wp-content\/uploads\/2026\/01\/2003159.webp.jpeg\" width=\"576\" height=\"322\" alt=\"Elina ja Ansku hehkuttivat suhdettaan estoitta.\" loading=\"lazy\" \/>            <\/p>\n<p>\n            Elina ja Ansku hehkuttivat suhdettaan estoitta.<br \/>\n            Kai Joronen\n        <\/p>\n<p class=\"article-content article-content-width !bg-background\">Yll\u00e4tt\u00e4v\u00e4\u00e4 erossa oli se, ett\u00e4 pariskunta jakoi runsaasti materiaalia suhteestaan ja esiintyi paljon julkisuudessa umpirakastuneina. Erikoinen yksityiskohta oli saman hammasharjan k\u00e4ytt\u00f6. Loppuvuodesta Ansku kertoi olevansa j\u00e4lleen onnellisesti rakastunut.<\/p>\n<p>        <a itemprop=\"url\" href=\"https:\/\/www.seiska.fi\/kotimaa\/ansku-bergstrom-paljastus-parisuhteesta\/1999431\" rel=\"nofollow noopener\" target=\"_blank\"><\/p>\n<p>\nAnsku ja rakas\n<\/p>\n<p class=\"section-date\">\n        <strong class=\"article-section\" data-section=\"kotimaa\"><br \/>\n            kotimaa<br \/>\n        <\/strong><br \/>\n        21.11.2025 08:00\n    <\/p>\n<p>Ansku Bergstr\u00f6m: Paljastus parisuhteesta!\n    <\/p>\n<p itemprop=\"description\" class=\"subtitle \">\n    Ansku raottaa j\u00e4lleen verhoa rakkaansa ja julkisuuden v\u00e4lill\u00e4.\n<\/p>\n<p>        <\/a><\/p>\n<p>Imoittautui sinkuksi<\/p>\n<p class=\"article-content article-content-width !bg-background\">Euroviisuedustajamme  kertoi Seiskassa kev\u00e4\u00e4ll\u00e4 lopettaneensa seurustelun l\u00e4\u00e4k\u00e4rimiehen kanssa kahden vuoden j\u00e4lkeen.\u00a0<\/p>\n<p>                <img decoding=\"async\" src=\"https:\/\/www.europesays.com\/fi\/wp-content\/uploads\/2026\/01\/2003165.webp.jpeg\" width=\"576\" height=\"317\" alt=\"Erika k\u00e4vi l\u00e4pi viel\u00e4 pidemm\u00e4n parisuhteen Jyrkin j\u00e4lkeen.\" loading=\"lazy\" \/>            <\/p>\n<p>\n            Erika k\u00e4vi l\u00e4pi viel\u00e4 pidemm\u00e4n parisuhteen Jyrkin j\u00e4lkeen.<br \/>\n            Petri Aho\n        <\/p>\n<p class=\"article-content article-content-width !bg-background\">Kaikkensa Euroviisuihin panostanut laulaja ei ole sittemmin esitellyt tai maininnut uusia ihastuksia. Erikan aiemmista suhteista muistetaan Vain el\u00e4m\u00e4\u00e4 -ohjelman seurauksena syttynyt romanssi rokkari  kanssa.<\/p>\n<p>Kolmas liitto karille<\/p>\n<p class=\"article-content article-content-width !bg-background\">Ex-uimari  reissasi viel\u00e4 viime vuonna vaimonsa Maria Nyqvistin kanssa Amazing Race Suomi -kisassa, ja kaiken piti olla hyvin.\u00a0<\/p>\n<p>                <img decoding=\"async\" src=\"https:\/\/www.europesays.com\/fi\/wp-content\/uploads\/2026\/01\/2003167.webp.jpeg\" width=\"576\" height=\"322\" alt=\"Janin ja Marian suhteessa ei ollut ulkoisia merkkej\u00e4 eroaikeista.\" loading=\"lazy\" \/>            <\/p>\n<p>\n            Janin ja Marian suhteessa ei ollut ulkoisia merkkej\u00e4 eroaikeista.<br \/>\n            Timo Korhonen\n        <\/p>\n<p class=\"article-content article-content-width !bg-background\">Eri osoitteissa asunut aviopari ilmoitti kuitenkin syksyll\u00e4 erostaan, ja n\u00e4in p\u00e4\u00e4ttyi Janin kolmas avioliitto. Ex-uimari kertoi eropostauksessaan, ett\u00e4 olisi viel\u00e4 halunnut jatkaa yhdess\u00e4.<\/p>\n<p>H\u00e4ist\u00e4 tulikin ero<\/p>\n<p class=\"article-content article-content-width !bg-background\">Kohukaunotar  oli m\u00e4\u00e4r\u00e4 astella avioliiton satamaan toistamiseen t\u00e4m\u00e4n vuoden kes\u00e4n\u00e4, mutta toisin k\u00e4vi.\u00a0<\/p>\n<p>                <img decoding=\"async\" src=\"https:\/\/www.europesays.com\/fi\/wp-content\/uploads\/2026\/01\/2003169.webp.jpeg\" width=\"576\" height=\"720\" alt=\"Martina on kertonut ajatuksiaan parisuhteistaan ja eroista yhdess\u00e4 ex-miehens\u00e4 ja esikoisensa is\u00e4n, Esko Eerik\u00e4isen kanssa pit\u00e4m\u00e4ss\u00e4\u00e4n podcastissa.\" loading=\"lazy\" \/>            <\/p>\n<p>\n            Martina on kertonut ajatuksiaan parisuhteistaan ja eroista yhdess\u00e4 ex-miehens\u00e4 ja esikoisensa is\u00e4n, Esko Eerik\u00e4isen kanssa pit\u00e4m\u00e4ss\u00e4\u00e4n podcastissa.<br \/>\n            Jere Viinikainen\n        <\/p>\n<p class=\"article-content article-content-width !bg-background\">Ibizalle suunnitellut h\u00e4\u00e4t &#8221;aussirakkaan&#8221; kanssa kuopattiin v\u00e4hin \u00e4\u00e4nin, ja hiukan my\u00f6hemmin Martina kertoi olevansa sinkku.\u00a0<\/p>\n<p>                <img decoding=\"async\" src=\"https:\/\/www.europesays.com\/fi\/wp-content\/uploads\/2026\/01\/2022710.webp.jpeg\" width=\"576\" height=\"456\" alt=\"Aussirakas oli tuttu n\u00e4ky Martinan koiranulkoiluttajana.\" loading=\"lazy\" \/>            <\/p>\n<p>\n            Aussirakas oli tuttu n\u00e4ky Martinan koiranulkoiluttajana.<br \/>\n            Seiskan arkisto\n        <\/p>\n<p>Somet\u00e4hdet sotajalla<\/p>\n<p class=\"article-content article-content-width !bg-background\">Sosiaalisen median vaikuttajapari  ja  kertoivat alkuvuodesta erostaan. Aihe nousi j\u00e4lleen esille marraskuussa, kun Naakka k\u00e4sitteli blogikirjoituksessaan eroa ja siihen vaikuttanutta pett\u00e4mist\u00e4 Sandbergin puolelta.\u00a0<\/p>\n<p>                <img decoding=\"async\" src=\"https:\/\/www.europesays.com\/fi\/wp-content\/uploads\/2026\/01\/2003171.webp.jpeg\" width=\"576\" height=\"720\" alt=\"Janne Naakka halusi avata loppuvuonna tuntojaan alkuvuoden erosta.\" loading=\"lazy\" \/>            <\/p>\n<p>\n            Janne Naakka halusi avata loppuvuonna tuntojaan alkuvuoden erosta.<br \/>\n            Seiskan arkisto\n        <\/p>\n<p class=\"article-content article-content-width !bg-background\">Naakka mainitsi my\u00f6s toisen somevaikuttajan,  nimelt\u00e4. Renwall puolestaan kiisti kanssak\u00e4ymisen Sandbergin kanssa ja toivoi voimia Naakalle. Sandberg on aiemmin my\u00f6nt\u00e4nyt olleensa suhteessa uskoton.<\/p>\n<p>        <a itemprop=\"url\" href=\"https:\/\/www.seiska.fi\/kotimaa\/mikael-renwall-uusi-tunnustus-pettamiskohusta\/2000555\" rel=\"nofollow noopener\" target=\"_blank\"><\/p>\n<p>\nMikael Renwall:\n<\/p>\n<p class=\"section-date\">\n        <strong class=\"article-section\" data-section=\"kotimaa\"><br \/>\n            kotimaa<br \/>\n        <\/strong><br \/>\n        21.11.2025 19:30\n    <\/p>\n<p>Mikael Renwall: Uusi tunnustus pett\u00e4miskohusta!\n    <\/p>\n<p itemprop=\"description\" class=\"subtitle \">\n    Mikael on osana somen r\u00e4j\u00e4ytt\u00e4nytt\u00e4 pett\u00e4miskohua. Nyt Mikael tunnustaa, miten asiat h\u00e4nen mukaansa todella meniv\u00e4t.\n<\/p>\n<p>        <\/a><\/p>\n<p>                <img decoding=\"async\" src=\"https:\/\/www.europesays.com\/fi\/wp-content\/uploads\/2026\/01\/2003173.webp.jpeg\" width=\"576\" height=\"322\" alt=\"Valtteri viime vuoden Tubecon-tapahtumassa Pinja Potasevin kanssa.\" loading=\"lazy\" \/>            <\/p>\n<p>\n            Valtteri viime vuoden Tubecon-tapahtumassa Pinja Potasevin kanssa.<br \/>\n            Seiskan arkisto\n        <\/p>\n<p class=\"font-weight-bold m-font-weight-bold article-content article-content-width !bg-background\">Hekin ilmoittautuivat sinkuiksi:<\/p>\n<p class=\"article-content article-content-width !bg-background\">, salarakas ja Onlyfans-yritt\u00e4j\u00e4<\/p>\n<p class=\"article-content article-content-width !bg-background\">, kohu-DJ<\/p>\n<p class=\"article-content article-content-width !bg-background\">, somepersoona<\/p>\n","protected":false},"excerpt":{"rendered":"Seiskan arkisto Kuluneena vuonna rikkoutui j\u00e4lleen useampi ikuiseksi tarkoitettu suhde. Purjehtijaksi heitt\u00e4ytyneen\u00a0 ja somepersoona liitto solmittiin 2023 viiden&hellip;\n","protected":false},"author":2,"featured_media":131153,"comment_status":"","ping_status":"","sticky":false,"template":"","format":"standard","meta":{"footnotes":""},"categories":[136],"tags":[407,137,33,31,30,3084,2597,3520,408,5458,5457,651,32,109,23212],"class_list":{"0":"post-131152","1":"post","2":"type-post","3":"status-publish","4":"format-standard","5":"has-post-thumbnail","7":"category-julkkikset","8":"tag-celebrities","9":"tag-entertainment","10":"tag-fi","11":"tag-finland","12":"tag-finnish","13":"tag-jani-sievinen","14":"tag-janni-hussi","15":"tag-joel-harkimo","16":"tag-julkkikset","17":"tag-sanni","18":"tag-shirly-karvinen","19":"tag-suhteet","20":"tag-suomi","21":"tag-viihde","22":"tag-vuoden-erot"},"share_on_mastodon":{"url":"https:\/\/pubeurope.com\/@fi\/115822948757536838","error":""},"_links":{"self":[{"href":"https:\/\/www.europesays.com\/fi\/wp-json\/wp\/v2\/posts\/131152","targetHints":{"allow":["GET"]}}],"collection":[{"href":"https:\/\/www.europesays.com\/fi\/wp-json\/wp\/v2\/posts"}],"about":[{"href":"https:\/\/www.europesays.com\/fi\/wp-json\/wp\/v2\/types\/post"}],"author":[{"embeddable":true,"href":"https:\/\/www.europesays.com\/fi\/wp-json\/wp\/v2\/users\/2"}],"replies":[{"embeddable":true,"href":"https:\/\/www.europesays.com\/fi\/wp-json\/wp\/v2\/comments?post=131152"}],"version-history":[{"count":0,"href":"https:\/\/www.europesays.com\/fi\/wp-json\/wp\/v2\/posts\/131152\/revisions"}],"wp:featuredmedia":[{"embeddable":true,"href":"https:\/\/www.europesays.com\/fi\/wp-json\/wp\/v2\/media\/131153"}],"wp:attachment":[{"href":"https:\/\/www.europesays.com\/fi\/wp-json\/wp\/v2\/media?parent=131152"}],"wp:term":[{"taxonomy":"category","embeddable":true,"href":"https:\/\/www.europesays.com\/fi\/wp-json\/wp\/v2\/categories?post=131152"},{"taxonomy":"post_tag","embeddable":true,"href":"https:\/\/www.europesays.com\/fi\/wp-json\/wp\/v2\/tags?post=131152"}],"curies":[{"name":"wp","href":"https:\/\/api.w.org\/{rel}","templated":true}]}}