{"id":131154,"date":"2026-01-02T01:44:11","date_gmt":"2026-01-02T01:44:11","guid":{"rendered":"https:\/\/www.europesays.com\/fi\/131154\/"},"modified":"2026-01-02T01:44:11","modified_gmt":"2026-01-02T01:44:11","slug":"teemu-pukin-koirankoppiin-asettanut-koutsi-nousi-esiin-chelsea-spekulaatioissa","status":"publish","type":"post","link":"https:\/\/www.europesays.com\/fi\/131154\/","title":{"rendered":"Teemu Pukin koirankoppiin asettanut koutsi nousi esiin Chelsea-spekulaatioissa"},"content":{"rendered":"<p>Chelsea antoi kenk\u00e4\u00e4 Enzo Marescalle. <\/p>\n<p><img decoding=\"async\" class=\"image image-show image-preview\" src=\"https:\/\/www.europesays.com\/fi\/wp-content\/uploads\/2026\/01\/bd165a6a3c394a5ebbeb3e56125d278d456ebfbf5ea823a65ab8c6152b21168a.jpg\" alt=\"\"\/><img decoding=\"async\" class=\"image image-show\" src=\"https:\/\/www.europesays.com\/fi\/wp-content\/uploads\/2026\/01\/1767318250_124_bd165a6a3c394a5ebbeb3e56125d278d456ebfbf5ea823a65ab8c6152b21168a.jpg\" alt=\"\"\/><\/p>\n<p>Enzo Marescan viimeiseksi Chelsea-peliksi j\u00e4i tiistainen kotitasapeli.  EPA \/ AOP<\/p>\n<p class=\"paragraph\">Chelsea-manageri <strong>Enzo Marescan<\/strong> vuosi k\u00e4ynnistyi k\u00e4yt\u00e4nn\u00f6ss\u00e4 pahimmalla mahdollisella tavalla.<\/p>\n<p class=\"paragraph\">Seuran johtokunta kokoontui torstaina h\u00e4t\u00e4istuntoon ja p\u00e4\u00e4tti, ettei italialainen saa en\u00e4\u00e4 jatkaa ty\u00f6t\u00e4\u00e4n Stamford Bridgell\u00e4.<\/p>\n<p class=\"paragraph\">Vaikka Chelsea on viime aikoina pelannut ailahtelevasti, tulokset kent\u00e4ll\u00e4 eiv\u00e4t yksin selit\u00e4 potkup\u00e4\u00e4t\u00f6st\u00e4. Maresca johdatti lontoolaiset esimerkiksi viel\u00e4 viime kes\u00e4n\u00e4 Fifan seurajoukkueiden maailmanmestariksi.<\/p>\n<p class=\"paragraph\">H\u00e4net valittiin viel\u00e4 marraskuussa Valioliigan kuukauden manageriksi.<\/p>\n<p class=\"paragraph\">Toki Valioliigassa joukkue on voittanut vain yhden viimeisist\u00e4 seitsem\u00e4st\u00e4 pelist\u00e4 ja tiistainen 2\u20132-tasapeli Bournemouthin kanssa kirvoitti fanit vihelt\u00e4m\u00e4\u00e4n managerilleen.<\/p>\n<p class=\"paragraph\">\u2013\u2009Kun kaikki tavoitteet nelj\u00e4ss\u00e4 kilpailussa ovat yh\u00e4 auki, Enzo ja seura uskovat, ett\u00e4 t\u00e4m\u00e4 muutos antaa joukkueelle parhaan mahdollisuuden onnistua, Chelsean lyhytsanaisessa <a href=\"https:\/\/www.chelseafc.com\/en\/news\/article\/club-statement-enzo-maresca\" rel=\"noopener nofollow\" target=\"_blank\">tiedotteessa<\/a> sanottiin.<\/p>\n<p class=\"paragraph\">\u2013\u2009Toivomme Enzolle kaikkea hyv\u00e4\u00e4 jatkossa.<\/p>\n<p class=\"paragraph\">Marescan oma kurssi on yh\u00e4 korkealla, ja h\u00e4nt\u00e4 pidet\u00e4\u00e4n k\u00e4yt\u00e4nn\u00f6ss\u00e4 varmasti seuraavana Manchester Cityn managerina, jos <strong>Pep Guardiola<\/strong> todellakin siirtyy ainakin sapattivapaalle t\u00e4m\u00e4n kauden j\u00e4lkeen.<\/p>\n<p class=\"paragraph\">Marescan Chelsea-sopimus olisi jatkunut aina vuoteen 2029 asti.<\/p>\n<p class=\"paragraph\">Lehtitietojen mukaan uudeksi Chelsea-manageriksi olisi tarjolla ainakin Strasbourgin p\u00e4\u00e4valmentaja <strong>Liam Rosenior<\/strong>, joka irtoaisi Ranskasta helpolla, koska Strasbourg kuuluu samaan BlueCo-sijoitusyhti\u00f6n kansioon kuin Chelsea.<\/p>\n<p>Eric Ramsay ei l\u00f6yt\u00e4nyt k\u00e4ytt\u00f6\u00e4 Teemu Pukille MLS-liigassa. AOP<\/p>\n<p class=\"paragraph\">Samalla Rosenierille pit\u00e4isi l\u00f6yt\u00e4\u00e4 oma korvaaja. Teht\u00e4v\u00e4\u00e4 on sovitettu ainakin nykyiselle Minnesota United -koutsi <strong>Eric Ramsaylle<\/strong>.<\/p>\n<p class=\"paragraph\">Vasta 34-vuotias walesilainen muistetaan Suomessa miehen\u00e4, joka j\u00e4tti <strong>Teemu Pukin<\/strong> tylysti ulos Unitedin pelaajavahvuudesta ja k\u00e4yt\u00e4nn\u00f6ss\u00e4 pakotti Huuhkajat-ikonin aikaiselle paluumatkalle Veikkausliigaan.<\/p>\n<p class=\"paragraph\"><strong>Robin Lod<\/strong> nauttii edelleen Ramsayn luottamuksesta MLS-liigassa.<\/p>\n<p><a href=\"https:\/\/www.iltalehti.fi\/telkku\/valioliiga?utm_source=iltalehti.fi&amp;utm_medium=almainternal&amp;utm_campaign=Valioliiga_artikkelibanneri&amp;utm_content=banner_612_a\" rel=\"nofollow noopener\" target=\"_blank\"><img decoding=\"async\" src=\"https:\/\/www.europesays.com\/fi\/wp-content\/uploads\/2025\/08\/6164524b824fbb392d3dffa965091e0cadf62b6aeaa856f842add11928a7bc73.png\" alt=\"Siirry Telkkuun\"\/><\/a><\/p>\n","protected":false},"excerpt":{"rendered":"Chelsea antoi kenk\u00e4\u00e4 Enzo Marescalle. Enzo Marescan viimeiseksi Chelsea-peliksi j\u00e4i tiistainen kotitasapeli. EPA \/ AOP Chelsea-manageri Enzo Marescan&hellip;\n","protected":false},"author":2,"featured_media":131155,"comment_status":"","ping_status":"","sticky":false,"template":"","format":"standard","meta":{"footnotes":""},"categories":[158],"tags":[35,33,31,30,43,42,1745,41,159,32,860,160],"class_list":{"0":"post-131154","1":"post","2":"type-post","3":"status-publish","4":"format-standard","5":"has-post-thumbnail","7":"category-urheilu","8":"tag-24h","9":"tag-fi","10":"tag-finland","11":"tag-finnish","12":"tag-jalkapallo","13":"tag-jalkapalloon-perustuvat-lajit","14":"tag-jalkapallopelaajat","15":"tag-liikunta-ja-urheilu","16":"tag-sports","17":"tag-suomi","18":"tag-tyoelama","19":"tag-urheilu"},"share_on_mastodon":{"url":"https:\/\/pubeurope.com\/@fi\/115822976472593240","error":""},"_links":{"self":[{"href":"https:\/\/www.europesays.com\/fi\/wp-json\/wp\/v2\/posts\/131154","targetHints":{"allow":["GET"]}}],"collection":[{"href":"https:\/\/www.europesays.com\/fi\/wp-json\/wp\/v2\/posts"}],"about":[{"href":"https:\/\/www.europesays.com\/fi\/wp-json\/wp\/v2\/types\/post"}],"author":[{"embeddable":true,"href":"https:\/\/www.europesays.com\/fi\/wp-json\/wp\/v2\/users\/2"}],"replies":[{"embeddable":true,"href":"https:\/\/www.europesays.com\/fi\/wp-json\/wp\/v2\/comments?post=131154"}],"version-history":[{"count":0,"href":"https:\/\/www.europesays.com\/fi\/wp-json\/wp\/v2\/posts\/131154\/revisions"}],"wp:featuredmedia":[{"embeddable":true,"href":"https:\/\/www.europesays.com\/fi\/wp-json\/wp\/v2\/media\/131155"}],"wp:attachment":[{"href":"https:\/\/www.europesays.com\/fi\/wp-json\/wp\/v2\/media?parent=131154"}],"wp:term":[{"taxonomy":"category","embeddable":true,"href":"https:\/\/www.europesays.com\/fi\/wp-json\/wp\/v2\/categories?post=131154"},{"taxonomy":"post_tag","embeddable":true,"href":"https:\/\/www.europesays.com\/fi\/wp-json\/wp\/v2\/tags?post=131154"}],"curies":[{"name":"wp","href":"https:\/\/api.w.org\/{rel}","templated":true}]}}