{"id":131156,"date":"2026-01-02T01:45:09","date_gmt":"2026-01-02T01:45:09","guid":{"rendered":"https:\/\/www.europesays.com\/fi\/131156\/"},"modified":"2026-01-02T01:45:09","modified_gmt":"2026-01-02T01:45:09","slug":"is-lenita-airisto-tanaan-89-vuotta-tuomas-enbuske-kertoo-tapaamisestaan-lenitan-kanssa","status":"publish","type":"post","link":"https:\/\/www.europesays.com\/fi\/131156\/","title":{"rendered":"IS: Lenita Airisto t\u00e4n\u00e4\u00e4n 89 vuotta &#8211; Tuomas Enbuske kertoo tapaamisestaan Lenitan kanssa"},"content":{"rendered":"<p>Tietokirjailija, muodin edist\u00e4j\u00e4, luennoitsija, televisiotoimittaja, liike-el\u00e4m\u00e4n vaikuttaja, yritt\u00e4j\u00e4 sek\u00e4 diplomiekonomi Hymmi Lenita Aulikki Airisto t\u00e4ytt\u00e4\u00e4 t\u00e4n\u00e4\u00e4n 89 vuotta.<\/p>\n<p>Como onnittelee!<\/p>\n<p>Lenitasta ei ole saatu julkisuuteen tietoja pariin vuoteen, eiv\u00e4tk\u00e4 mediat ole tavoittaneet parrasvaloissa ja seurapiireiss\u00e4kin viihtynytt\u00e4 naista aikoihin.<\/p>\n<p>Lue my\u00f6s: <a href=\"https:\/\/www.como.fi\/uutiset\/lenita-airistoon-liittyen-kolmen-paivan-takaista-tietoa\/\" title=\"Lenita Airistoon liittyen kolmen p\u00e4iv\u00e4n takaista tietoa\" class=\"underline-custom !font-montserrat !font-bold !underline-offset-4 !decoration-4 !decoration-red-600 !text-md\" rel=\"nofollow noopener\" target=\"_blank\">Lenita Airistoon liittyen kolmen p\u00e4iv\u00e4n takaista tietoa<\/a><\/p>\n<p>On kerrottu h\u00e4nen olleen sairaalassa, mutta kukaan ei ole saanut h\u00e4nt\u00e4 langan p\u00e4\u00e4h\u00e4n. <\/p>\n<p><a href=\"https:\/\/www.is.fi\/viihde\/art-2000011697974.html\" rel=\"nofollow noopener\" target=\"_blank\">Ilta-Sanomat<\/a> tavoitti Lenitan hyv\u00e4n yst\u00e4v\u00e4n viime kuussa. <\/p>\n<p>\u2013 Lenitan asioista kertoo vain Lenita itse, yst\u00e4v\u00e4 totesi.<\/p>\n<p>Naisen katoaminen julkisuudesta vuosikymmenten j\u00e4lkeen on luonnollisesti her\u00e4tt\u00e4nyt paljon ajatuksia. Viimeisi\u00e4 kertoja, kun Lenitaa kuultiin julkisuudessa oli hein\u00e4kuussa 2023, kun h\u00e4n vieraili Tuomas Enbusken podcast-vieraana. Muutama kuukausi t\u00e4m\u00e4n j\u00e4lkeen h\u00e4n katosi parrasvaloista. <\/p>\n<p>\u201dOma normaali itsens\u00e4\u201d<\/p>\n<p>Enbuske on kertonut Ilta-Sanomille, ett\u00e4 h\u00e4n oli yritt\u00e4nyt tavoitella Lenitaa podcast-nauhoitusten j\u00e4lkeen, mutta h\u00e4nt\u00e4 ei en\u00e4\u00e4 saanut kiinni.<\/p>\n<p>Podcast-jakson nauhoituksissa Airisto oli ollut Enbusken mukaan oma itsens\u00e4. H\u00e4n kertoi podcastissa el\u00e4m\u00e4st\u00e4\u00e4n ja sivusi my\u00f6s v\u00e4rik\u00e4st\u00e4 parisuhdehistoriaansa.<\/p>\n<p>Lue my\u00f6s: <a href=\"https:\/\/www.como.fi\/uutiset\/vuoden-3-luetuin-juttu-lenita-airistoon-liittyen-kuului-uutisia\/\" title=\"Vuoden 3. luetuin juttu: Lenita Airistoon liittyen kuului uutta\" class=\"underline-custom !font-montserrat !font-bold !underline-offset-4 !decoration-4 !decoration-red-600 !text-md\" rel=\"nofollow noopener\" target=\"_blank\">Vuoden 3. luetuin juttu: Lenita Airistoon liittyen kuului uutta<\/a><\/p>\n<p>\u2013 Lenita oli normaali ihana itsens\u00e4, ei ollut huomattavissa mit\u00e4\u00e4n erikoista. H\u00e4n on aina ollut samanlainen, h\u00e4n oli tosi energinen, Enbuske muistelee Ilta-Sanomille.<\/p>\n<p>Lue my\u00f6s: <a href=\"https:\/\/www.como.fi\/tilaa-comon-uutiskirje\/\" title=\"Tilaa Comon uutiskirje ja tied\u00e4t mist\u00e4 kahvitauolla puhutaan! Nappaa kotimaan tv-vinkit ja puheenaiheet suoraan s\u00e4hk\u00f6postiin t\u00e4st\u00e4.\" class=\"underline-custom !font-montserrat !font-bold !underline-offset-4 !decoration-4 !decoration-red-600 !text-md\" rel=\"nofollow noopener\" target=\"_blank\">Tilaa Comon uutiskirje ja tied\u00e4t mist\u00e4 kahvitauolla puhutaan! Nappaa kotimaan tv-vinkit ja puheenaiheet suoraan s\u00e4hk\u00f6postiin t\u00e4st\u00e4.<\/a><\/p>\n","protected":false},"excerpt":{"rendered":"Tietokirjailija, muodin edist\u00e4j\u00e4, luennoitsija, televisiotoimittaja, liike-el\u00e4m\u00e4n vaikuttaja, yritt\u00e4j\u00e4 sek\u00e4 diplomiekonomi Hymmi Lenita Aulikki Airisto t\u00e4ytt\u00e4\u00e4 t\u00e4n\u00e4\u00e4n 89 vuotta.&hellip;\n","protected":false},"author":2,"featured_media":131157,"comment_status":"","ping_status":"","sticky":false,"template":"","format":"standard","meta":{"footnotes":""},"categories":[130],"tags":[137,33,31,30,8554,32,109],"class_list":{"0":"post-131156","1":"post","2":"type-post","3":"status-publish","4":"format-standard","5":"has-post-thumbnail","7":"category-viihde","8":"tag-entertainment","9":"tag-fi","10":"tag-finland","11":"tag-finnish","12":"tag-lenita-airisto","13":"tag-suomi","14":"tag-viihde"},"share_on_mastodon":{"url":"https:\/\/pubeurope.com\/@fi\/115822980132614602","error":""},"_links":{"self":[{"href":"https:\/\/www.europesays.com\/fi\/wp-json\/wp\/v2\/posts\/131156","targetHints":{"allow":["GET"]}}],"collection":[{"href":"https:\/\/www.europesays.com\/fi\/wp-json\/wp\/v2\/posts"}],"about":[{"href":"https:\/\/www.europesays.com\/fi\/wp-json\/wp\/v2\/types\/post"}],"author":[{"embeddable":true,"href":"https:\/\/www.europesays.com\/fi\/wp-json\/wp\/v2\/users\/2"}],"replies":[{"embeddable":true,"href":"https:\/\/www.europesays.com\/fi\/wp-json\/wp\/v2\/comments?post=131156"}],"version-history":[{"count":0,"href":"https:\/\/www.europesays.com\/fi\/wp-json\/wp\/v2\/posts\/131156\/revisions"}],"wp:featuredmedia":[{"embeddable":true,"href":"https:\/\/www.europesays.com\/fi\/wp-json\/wp\/v2\/media\/131157"}],"wp:attachment":[{"href":"https:\/\/www.europesays.com\/fi\/wp-json\/wp\/v2\/media?parent=131156"}],"wp:term":[{"taxonomy":"category","embeddable":true,"href":"https:\/\/www.europesays.com\/fi\/wp-json\/wp\/v2\/categories?post=131156"},{"taxonomy":"post_tag","embeddable":true,"href":"https:\/\/www.europesays.com\/fi\/wp-json\/wp\/v2\/tags?post=131156"}],"curies":[{"name":"wp","href":"https:\/\/api.w.org\/{rel}","templated":true}]}}