{"id":131158,"date":"2026-01-02T01:49:07","date_gmt":"2026-01-02T01:49:07","guid":{"rendered":"https:\/\/www.europesays.com\/fi\/131158\/"},"modified":"2026-01-02T01:49:07","modified_gmt":"2026-01-02T01:49:07","slug":"sitran-megatrendit-2026-raportti-myos-suomen-rooli-on-murroksessa-konfliktien-myllerryksessa-uutisia-lyhyesti","status":"publish","type":"post","link":"https:\/\/www.europesays.com\/fi\/131158\/","title":{"rendered":"Sitran Megatrendit 2026 -raportti: my\u00f6s Suomen rooli on murroksessa konfliktien myllerryksess\u00e4 | Uutisia lyhyesti"},"content":{"rendered":"<p class=\"aw-1gybjub aw-1p7kakr kEtdKx cEmitX yle__article__paragraph\">Alkanut vuosi ja sit\u00e4 seuraavat l\u00e4hivuodet ovat uuden protektionismin ja sotien aikaa, arvioi Sitran tuore raportti.<\/p>\n<p class=\"aw-1gybjub aw-1p7kakr kEtdKx cEmitX yle__article__paragraph\">Sitran Megatrendit 2026 -selvityksen mukaan el\u00e4mme nyt rauhattomuuden ja murrosten ajassa, jossa my\u00f6s Suomen rooli kansainv\u00e4lisell\u00e4 kent\u00e4ll\u00e4 on murroksessa.<\/p>\n<p class=\"aw-1gybjub aw-1p7kakr kEtdKx cEmitX yle__article__paragraph\">Kun kylm\u00e4n sodan j\u00e4lkeen aina vuoden 2008 finanssikriisiin asti Suomi pysyi pitk\u00e4lti liittoutumattomana, on se nyt ottanut uuden roolin sotilasliitto Naton etulinjamaana.<\/p>\n<p class=\"aw-1gybjub aw-1p7kakr kEtdKx cEmitX yle__article__paragraph\">Suomi hyv\u00e4ksyttiin Naton j\u00e4seneksi huhtikuussa 2023.<\/p>\n<p class=\"aw-1gybjub aw-1p7kakr kEtdKx cEmitX yle__article__paragraph\">\u2013 Nykyinen maailmantilanne sek\u00e4 Suomen tulevaisuuteen vaikuttavat isot kehityskulut alleviivaavat tarvetta siirty\u00e4 reagoimisesta tavoitteelliseen toimintaan, jossa yhteiskuntaa uudistetaan m\u00e4\u00e4r\u00e4tietoisesti tulevaisuuden muutokset kest\u00e4v\u00e4ksi, Sitran yliasiamies <strong class=\"aw-ak79eh KyCXm yle__article__strong\">Atte J\u00e4\u00e4skel\u00e4inen<\/strong> sanoo tiedotteessa.<\/p>\n<p class=\"aw-1gybjub aw-1p7kakr kEtdKx cEmitX yle__article__paragraph\">Sitran mukaan l\u00e4hitulevaisuudessa Suomen on varauduttava etenkin n\u00e4ihin nelj\u00e4\u00e4n kehityskulkuun: maailmanj\u00e4rjestyksen murrokseen, teko\u00e4lyn tuomiin muutoksiin, v\u00e4est\u00f6n ik\u00e4rakenteen muutokseen sek\u00e4 ymp\u00e4rist\u00f6kriisiin.<\/p>\n<p class=\"aw-1gybjub aw-1p7kakr kEtdKx cEmitX yle__article__paragraph\">Sitran tuore raportti tarjoaa ymm\u00e4rryst\u00e4 megatrendeist\u00e4 eli useista ilmi\u00f6ist\u00e4 koostuvista kehityssuunnista.<\/p>\n<p class=\"aw-1gybjub aw-1p7kakr kEtdKx cEmitX yle__article__paragraph\">Sitran Megatrendit-raportti julkaistiin nyt kolmannen kerran.<\/p>\n<p>Aika hirvi\u00f6iden syntymiselle<\/p>\n<p class=\"aw-1gybjub aw-1p7kakr kEtdKx cEmitX yle__article__paragraph\">2020-luvulla maailma on joutunut suureen myllerrykseen merkitt\u00e4vien sotien ja konflitien jyll\u00e4tess\u00e4 niin Euroopassa, L\u00e4hi-id\u00e4ss\u00e4, Aasiassa kuin l\u00e4nsimaiden keskin\u00e4isiss\u00e4 suhteissa muun muassa Euroopan ja Yhdysvaltojen v\u00e4lill\u00e4.<\/p>\n<p class=\"aw-1gybjub aw-1p7kakr kEtdKx cEmitX yle__article__paragraph\">Jo vuoden 2023 raportissaan Sitra kuvasi maailman olevan niin sanotussa postnormaalissa ajassa. Euroopassa oli alkanut sota Ven\u00e4j\u00e4n hy\u00f6k\u00e4tty\u00e4 Ukrainaan ja globalisaatio oli muuttanut maailman suuntaa.<\/p>\n<p class=\"aw-1gybjub aw-1p7kakr kEtdKx cEmitX yle__article__paragraph\">Viime vuonna kansainv\u00e4linen j\u00e4rjestys koki kuitenkin uuden kolauksen Yhdysvaltain presidentti <strong class=\"aw-ak79eh KyCXm yle__article__strong\">Donald Trumpin<\/strong> astuttua valtaan. Ensin kev\u00e4\u00e4ll\u00e4 maailmaa vavahduttivat Trumpin maan kauppakumppaneille asettamat valtavat tuontitullit.<\/p>\n<p>Yhdysvaltain presidentti Donald Trump esitteli tulleja tiedotustilaisuudessa huhtikuun alussa. <\/p>\n<p class=\"aw-1gybjub aw-1p7kakr kEtdKx cEmitX yle__article__paragraph\">Sittemmin my\u00f6s Yhdysvaltojen suhde Eurooppaan on muuttunut. Esimerkiksi joulukuussa Trumpin hallinto julkaisi kansallisen turvallisuuden strategiansa, jossa muun muassa eurooppalaisia instituutioita syytettiin poliittisten vapauksien murentamisesta.<\/p>\n<p class=\"aw-1gybjub aw-1p7kakr kEtdKx cEmitX yle__article__paragraph\">Alkuper\u00e4isess\u00e4 rauhansuunnitelmassaan Ukrainalle Trumpin hallinnon on puolestaan pel\u00e4tty my\u00f6t\u00e4ilev\u00e4n Ven\u00e4j\u00e4n intressej\u00e4 Euroopan ohitse.<\/p>\n<p class=\"aw-1gybjub aw-1p7kakr kEtdKx cEmitX yle__article__paragraph\">Sitran ennakointi- ja koulutustoiminnon johtaja <strong class=\"aw-ak79eh KyCXm yle__article__strong\">Veera Heinonen<\/strong> kuvasi avauspuheessaan raportin tiedotustilaisuudessa joulukuussa nykyisen murroksen mahdollistavan protektionismin ja populismin nousun maailmalla.<\/p>\n<p class=\"aw-1gybjub aw-1p7kakr kEtdKx cEmitX yle__article__paragraph\">\u2013 Maailmanhistoria on osoittanut, ett\u00e4 kuolevan ja syntyv\u00e4n j\u00e4rjestelm\u00e4n v\u00e4liss\u00e4 on aikaa hirvi\u00f6iden syntymiselle, Heinonen sanoi.<\/p>\n<p>Suomen reagoitava<\/p>\n<p class=\"aw-1gybjub aw-1p7kakr kEtdKx cEmitX yle__article__paragraph\">Sitran tuoreen raportin yksi tutkijoista, <strong class=\"aw-ak79eh KyCXm yle__article__strong\">Elina Kiiski-Kataja<\/strong>, korosti raportin tiedotustilaisuudessa kuitenkin uuden ja vanhan murroksessa olevan tilaa my\u00f6s toimia.<\/p>\n<p class=\"aw-1gybjub aw-1p7kakr kEtdKx cEmitX yle__article__paragraph\">Sitran raportin mukaan nyt olisi oiva hetki Suomelle sopia uusi yhteiskuntasopimus, jossa kuvataan mill\u00e4 ehdoilla ihmiset el\u00e4v\u00e4t yhdess\u00e4 ja jakavat vallan, vastuun ja oikeudet yhteiskunnassa.<\/p>\n<p class=\"aw-1gybjub aw-1p7kakr kEtdKx cEmitX yle__article__paragraph\">Aiemmin Suomi on toiminut Sitran mukaan pitk\u00e4lti konsensusvetoisen, pohjoismaisen hyvinvointimallin mukaisesti.<\/p>\n<p class=\"aw-1gybjub aw-1p7kakr kEtdKx cEmitX yle__article__paragraph\">Uuden yhteiskuntasopimuksen tulee Sitran ennakoinnin johtavan asiantuntijan <strong class=\"aw-ak79eh KyCXm yle__article__strong\">Mikko Dufvan<\/strong> mukaan olla innostava lupaus tulevaisuudesta.<\/p>\n<p class=\"aw-1gybjub aw-1p7kakr kEtdKx cEmitX yle__article__paragraph\">\u2013 Se voi pohjautua esimerkiksi uudistuvaan demokratiaan, luonnon elinvoiman lis\u00e4\u00e4miseen, teknologian rohkeaan ja kest\u00e4v\u00e4\u00e4n k\u00e4ytt\u00f6\u00f6n, hyvinvointivaltion uudistamisen sek\u00e4 n\u00e4kemykselliseen maahanmuuton malliin, h\u00e4n sanoo tiedotteessa.<\/p>\n<p>Teko\u00e4ly haaste sek\u00e4 mahdollisuus<\/p>\n<p class=\"aw-1gybjub aw-1p7kakr kEtdKx cEmitX yle__article__paragraph\">Sitran reportissa my\u00f6s teko\u00e4lyn nykyisen kehityksen kuvataan mullistavan yhteiskunnan perustaa.<\/p>\n<p class=\"aw-1gybjub aw-1p7kakr kEtdKx cEmitX yle__article__paragraph\">Teko\u00e4lyn osalta keskeinen kysymys on Sitran raportin mukaan se, kenell\u00e4 on valta p\u00e4\u00e4tt\u00e4\u00e4, kuinka ja miten teko\u00e4ly\u00e4 kehitet\u00e4\u00e4n ja k\u00e4ytet\u00e4\u00e4n.<\/p>\n<p class=\"aw-1gybjub aw-1p7kakr kEtdKx cEmitX yle__article__paragraph\">Teko\u00e4lyn k\u00e4yt\u00f6n yleistyess\u00e4 niin koulutus, osaaminen kuin ihmisen tekem\u00e4 ty\u00f6 ovat murroksessa internetin syntymiseen verrattavalla tavalla, Sitran raportissa kuvataan.<\/p>\n<p class=\"aw-1gybjub aw-1p7kakr kEtdKx cEmitX yle__article__paragraph\">Teko\u00e4lyn vastuullinen kehitt\u00e4minen luo yhteiskunnalle kuitenkin Sitran mukaan my\u00f6s mahdollisuuksia.<\/p>\n<p class=\"aw-1gybjub aw-1p7kakr kEtdKx cEmitX yle__article__paragraph\">Demokratiaa haastavat tulevaisuudessa edelleen luottamuksen rapautuminen, populistinen vallank\u00e4ytt\u00f6, matala osallistuminen sek\u00e4 kaoottinen informaatioymp\u00e4rist\u00f6, jossa tiedon luetettavuudesta ei voi olla varma.<\/p>\n<p>Populismi uhka vihre\u00e4lle siirtym\u00e4lle<\/p>\n<p class=\"aw-1gybjub aw-1p7kakr kEtdKx cEmitX yle__article__paragraph\">Tulevaisuudessa Suomen on my\u00f6s osattava huomioida Sitran mukaan v\u00e4est\u00f6\u00f6n liittyv\u00e4t muutokset.<\/p>\n<p class=\"aw-1gybjub aw-1p7kakr kEtdKx cEmitX yle__article__paragraph\">Suomen syntyvyys on ollut pitk\u00e4\u00e4n laskussa, ja v\u00e4est\u00f6nkasvu on tullut pitk\u00e4lti maahanmuutosta. T\u00e4m\u00e4 tarkoittaa, ett\u00e4 maamme v\u00e4est\u00f6 muuttuu ik\u00e4\u00e4ntyneemm\u00e4ksi ja monikulttuurisemmaksi.<\/p>\n<p class=\"aw-1gybjub aw-1p7kakr kEtdKx cEmitX yle__article__paragraph\">Sitra ennustaakin tulevaisuudessa alueiden, sukupolvien ja kulttuurien eriytymisen kasvavan.<\/p>\n<p class=\"aw-1gybjub aw-1p7kakr kEtdKx cEmitX yle__article__paragraph\">Lis\u00e4ksi vihre\u00e4 siirtym\u00e4 on tulevaisuudessa Sitran raportin mukaan globaalin populismin paineessa. Ilmastonmuutoksen hillitsemiseksi vaaditun 1,5 asteen pysyv\u00e4n l\u00e4mpenemisen pys\u00e4ytt\u00e4minen vaikuttaa yh\u00e4 ep\u00e4todenn\u00e4k\u00f6isemm\u00e4lt\u00e4, eik\u00e4 tiukkoja poliittisia p\u00e4\u00e4t\u00f6ksi\u00e4 asian suhteen ole saatu tehty\u00e4.<\/p>\n<p class=\"aw-1gybjub aw-1p7kakr kEtdKx cEmitX yle__article__paragraph\">Vuosi 2024 oli mittaushistorian l\u00e4mpimin vuosi. Tuolloin maailman keskil\u00e4mp\u00f6tilan nousu ylitti jo ilmastonmuutoksen kannalta kriittisen\u00e4 pidetyn 1,5 asteen rajan.<\/p>\n","protected":false},"excerpt":{"rendered":"Alkanut vuosi ja sit\u00e4 seuraavat l\u00e4hivuodet ovat uuden protektionismin ja sotien aikaa, arvioi Sitran tuore raportti. Sitran Megatrendit&hellip;\n","protected":false},"author":2,"featured_media":131159,"comment_status":"","ping_status":"","sticky":false,"template":"","format":"standard","meta":{"footnotes":""},"categories":[14],"tags":[22,23,26,27,33,31,30,17,71,24,25,28,29,15,18,21,23213,32,19,20,56,16,59,60,61,796],"class_list":{"0":"post-131158","1":"post","2":"type-post","3":"status-publish","4":"format-standard","5":"has-post-thumbnail","7":"category-ulkomaat","8":"tag-breaking-news","9":"tag-breakingnews","10":"tag-featured-news","11":"tag-featurednews","12":"tag-fi","13":"tag-finland","14":"tag-finnish","15":"tag-headlines","16":"tag-kotimaa","17":"tag-latest-news","18":"tag-latestnews","19":"tag-main-news","20":"tag-mainnews","21":"tag-news","22":"tag-otsikot","23":"tag-paauutiset","24":"tag-sitra","25":"tag-suomi","26":"tag-top-stories","27":"tag-topstories","28":"tag-ulkomaat","29":"tag-uutiset","30":"tag-world","31":"tag-world-news","32":"tag-worldnews","33":"tag-yhteiskunta"},"share_on_mastodon":{"url":"https:\/\/pubeurope.com\/@fi\/115822995963405355","error":""},"_links":{"self":[{"href":"https:\/\/www.europesays.com\/fi\/wp-json\/wp\/v2\/posts\/131158","targetHints":{"allow":["GET"]}}],"collection":[{"href":"https:\/\/www.europesays.com\/fi\/wp-json\/wp\/v2\/posts"}],"about":[{"href":"https:\/\/www.europesays.com\/fi\/wp-json\/wp\/v2\/types\/post"}],"author":[{"embeddable":true,"href":"https:\/\/www.europesays.com\/fi\/wp-json\/wp\/v2\/users\/2"}],"replies":[{"embeddable":true,"href":"https:\/\/www.europesays.com\/fi\/wp-json\/wp\/v2\/comments?post=131158"}],"version-history":[{"count":0,"href":"https:\/\/www.europesays.com\/fi\/wp-json\/wp\/v2\/posts\/131158\/revisions"}],"wp:featuredmedia":[{"embeddable":true,"href":"https:\/\/www.europesays.com\/fi\/wp-json\/wp\/v2\/media\/131159"}],"wp:attachment":[{"href":"https:\/\/www.europesays.com\/fi\/wp-json\/wp\/v2\/media?parent=131158"}],"wp:term":[{"taxonomy":"category","embeddable":true,"href":"https:\/\/www.europesays.com\/fi\/wp-json\/wp\/v2\/categories?post=131158"},{"taxonomy":"post_tag","embeddable":true,"href":"https:\/\/www.europesays.com\/fi\/wp-json\/wp\/v2\/tags?post=131158"}],"curies":[{"name":"wp","href":"https:\/\/api.w.org\/{rel}","templated":true}]}}