{"id":13116,"date":"2025-08-22T12:02:09","date_gmt":"2025-08-22T12:02:09","guid":{"rendered":"https:\/\/www.europesays.com\/fi\/13116\/"},"modified":"2025-08-22T12:02:09","modified_gmt":"2025-08-22T12:02:09","slug":"ttk-kilpailija-minna-kuukka-ei-ole-tanssinut-juuri-koskaan","status":"publish","type":"post","link":"https:\/\/www.europesays.com\/fi\/13116\/","title":{"rendered":"TTK-kilpailija Minna Kuukka ei ole tanssinut juuri koskaan"},"content":{"rendered":"<p>\n  Tanssii t\u00e4htien kanssa -kisaan osallistuva Minna Kuukka aikoo yhdist\u00e4\u00e4 radioty\u00f6t ja tanssin.<\/p>\n<p>\n            Teksti:          <\/p>\n<p>\n            Linda Martikainen          <\/p>\n<p>Radiojuontaja <strong>Minna Kuukka<\/strong> oli ehtinyt py\u00f6r\u00e4ht\u00e4\u00e4 muun muassa Tokiossa ennen <a href=\"https:\/\/www.mtv.fi\/ohjelma\/5d872b916e7968c4206a\/tanssii-tahtien-kanssa\" rel=\"nofollow noopener\" target=\"_blank\">Tanssii t\u00e4htien kanssa <\/a>-ohjelmaa ja tanssitreenien alkamista.<\/p>\n<p>\u201dAasiassa ei ollut viel\u00e4 tanssit mieless\u00e4. Ensi viikko menee hengitelless\u00e4 ja koiraa ulkoiluttaessa, mutta sitten luulen, ett\u00e4 olen tehok\u00e4sittelyss\u00e4 ja tanssia tulee ovista ja ikkunoista\u201d, Minna Kuukka naurahti ohjelman pressitilaisuudessa Valkoisessa salissa Helsingiss\u00e4.<\/p>\n<p>Tanssiminen ei ole aiemmin kuulunut Kuukan el\u00e4m\u00e4\u00e4n juurikaan. Harvinaisina hippailtoinakaan h\u00e4n ei \u00e4idy tanssimaan.<\/p>\n<p>Tanssisyksyn aikana Kuukka jatkaa normaalisti samalla my\u00f6s Radio Novan aamul\u00e4hetyksiss\u00e4. H\u00e4n uskoo tanssin ja aamuradion sopivan yhteen. <\/p>\n<p>\u201dVoihan se olla, ett\u00e4 ne jopa tukevat toisiaan. Jos aamuvedon j\u00e4lkeen k\u00e4velee sohvan ohi, niin aika nopeasti saa liikkua, ettei se imaise sinne!\u201d<\/p>\n<p>Erilaisiin haasteisiin tarttuminen ei pelota Kuukkaa, mutta h\u00e4n on huomannut pysyttelev\u00e4ns\u00e4 i\u00e4n my\u00f6t\u00e4 enemm\u00e4n mukavuusalueellaan. H\u00e4n onkin valmis ottamaan vastaan kritiikki\u00e4 tanssinopettajaltaan <strong>Mikko Ahdilta<\/strong>.<\/p>\n<p>\u201dRumasti ilmaistuna perse kest\u00e4\u00e4 merivett\u00e4 jo n\u00e4ill\u00e4 kilometreill\u00e4! Pit\u00e4\u00e4 voida sanoa suoraan asioista. Seh\u00e4n on vain huijaamista, jos Mikko \u00adkehuu ja olenkin ihan susi!\u201d<\/p>\n<p>Mit\u00e4 muille kuuluu?<\/p>\n<p><a href=\"https:\/\/seura.fi\/viihde\/julkkikset\/anna-lehti-minna-kuukka-ei-piittaa-ikavista-kommenteista\/\" rel=\"nofollow noopener\" target=\"_blank\">Lue my\u00f6s: Anna-lehti: Minna Kuukka ei ole v\u00e4lttynyt ulkon\u00e4\u00f6n arvostelulta edes radioty\u00f6ss\u00e4 \u2013 \u201dMiksi min\u00e4 heist\u00e4 piittaisin?\u201d<\/a><\/p>\n","protected":false},"excerpt":{"rendered":"Tanssii t\u00e4htien kanssa -kisaan osallistuva Minna Kuukka aikoo yhdist\u00e4\u00e4 radioty\u00f6t ja tanssin. Teksti: Linda Martikainen Radiojuontaja Minna Kuukka&hellip;\n","protected":false},"author":2,"featured_media":13117,"comment_status":"","ping_status":"","sticky":false,"template":"","format":"standard","meta":{"footnotes":""},"categories":[133],"tags":[137,33,31,30,2429,907,3945,4800,5448,3446,32,903,206,156,109],"class_list":{"0":"post-13116","1":"post","2":"type-post","3":"status-publish","4":"format-standard","5":"has-post-thumbnail","7":"category-televisiot","8":"tag-entertainment","9":"tag-fi","10":"tag-finland","11":"tag-finnish","12":"tag-marko-anttila","13":"tag-mikko-silvennoinen","14":"tag-minna-kuukka","15":"tag-mira-luoti","16":"tag-paulus-arajuuri","17":"tag-pippa-laukka","18":"tag-suomi","19":"tag-tanssii-tahtien-kanssa","20":"tag-televisiot","21":"tag-tv","22":"tag-viihde"},"share_on_mastodon":{"url":"","error":""},"_links":{"self":[{"href":"https:\/\/www.europesays.com\/fi\/wp-json\/wp\/v2\/posts\/13116","targetHints":{"allow":["GET"]}}],"collection":[{"href":"https:\/\/www.europesays.com\/fi\/wp-json\/wp\/v2\/posts"}],"about":[{"href":"https:\/\/www.europesays.com\/fi\/wp-json\/wp\/v2\/types\/post"}],"author":[{"embeddable":true,"href":"https:\/\/www.europesays.com\/fi\/wp-json\/wp\/v2\/users\/2"}],"replies":[{"embeddable":true,"href":"https:\/\/www.europesays.com\/fi\/wp-json\/wp\/v2\/comments?post=13116"}],"version-history":[{"count":0,"href":"https:\/\/www.europesays.com\/fi\/wp-json\/wp\/v2\/posts\/13116\/revisions"}],"wp:featuredmedia":[{"embeddable":true,"href":"https:\/\/www.europesays.com\/fi\/wp-json\/wp\/v2\/media\/13117"}],"wp:attachment":[{"href":"https:\/\/www.europesays.com\/fi\/wp-json\/wp\/v2\/media?parent=13116"}],"wp:term":[{"taxonomy":"category","embeddable":true,"href":"https:\/\/www.europesays.com\/fi\/wp-json\/wp\/v2\/categories?post=13116"},{"taxonomy":"post_tag","embeddable":true,"href":"https:\/\/www.europesays.com\/fi\/wp-json\/wp\/v2\/tags?post=13116"}],"curies":[{"name":"wp","href":"https:\/\/api.w.org\/{rel}","templated":true}]}}