{"id":131163,"date":"2026-01-02T02:03:09","date_gmt":"2026-01-02T02:03:09","guid":{"rendered":"https:\/\/www.europesays.com\/fi\/131163\/"},"modified":"2026-01-02T02:03:09","modified_gmt":"2026-01-02T02:03:09","slug":"krista-parmakoski-jattaa-tour-de-skin-kesken-happi-ei-kierra","status":"publish","type":"post","link":"https:\/\/www.europesays.com\/fi\/131163\/","title":{"rendered":"Krista P\u00e4rm\u00e4koski j\u00e4tt\u00e4\u00e4 Tour de Skin kesken: \u201dHappi ei kierr\u00e4\u201d"},"content":{"rendered":"<p>Suomalaist\u00e4hti sairasti koronaviruksen kolmisen viikkoa sitten.<\/p>\n<p>1.1. 16:30<\/p>\n<p class=\"article-body mb-nof-24 px-nof-16\">Toblach<\/p>\n<p class=\"article-body mb-nof-24 px-nof-16\">Suomen <a class=\"font-bold underline-offset-[0.12em] [text-decoration:var(--person-link-text-decoration)] ![text-decoration-color:var(--person-link-text-decoration-color)]\" href=\"https:\/\/www.aamulehti.fi\/haku\/?query=Krista%20P%C3%A4rm%C3%A4koski\" rel=\"nofollow noopener\" target=\"_blank\">Krista P\u00e4rm\u00e4koski <\/a>l\u00f6i homman l\u00e4skiksi torstaina 20 kilometrin perinteisen takaa-ajokisassa.<\/p>\n<p class=\"article-body mb-nof-24 px-nof-16\">Aaltol\u00e4hd\u00f6ss\u00e4 startannut suomalainen kertoo kaasutelleensa kisan alun lappu lattiassa, mutta kun hiihto ei ottanut kulkeakseen, h\u00e4n p\u00e4\u00e4tti siirty\u00e4 \u201dmukavuusalueelle\u201d.<\/p>\n<p class=\"article-body mb-nof-24 px-nof-16\">P\u00e4rm\u00e4koski l\u00e4hestulkoon k\u00e4veli radan jyrkimpi\u00e4 kohtia.<\/p>\n<p class=\"article-body mb-nof-24 px-nof-16\">\u201dSiin\u00e4 vaiheessa oli mukavaa, kun ei hiiht\u00e4nyt en\u00e4\u00e4 kovaa eik\u00e4 ahdistanut. Mutta eih\u00e4n t\u00e4m\u00e4 tuloksellisesti ollut tietysti kivaa.\u201d<\/p>\n<p class=\"article-body mb-nof-24 px-nof-16\">P\u00e4rm\u00e4koski tuli maaliin sijalla 36. Eroa Tour de Skin k\u00e4rkinaiseen<a class=\"font-bold underline-offset-[0.12em] [text-decoration:var(--person-link-text-decoration)] ![text-decoration-color:var(--person-link-text-decoration-color)]\" href=\"https:\/\/www.aamulehti.fi\/haku\/?query=%20Jessie%20Digginsiin\" rel=\"nofollow noopener\" target=\"_blank\"> Jessie Digginsiin<\/a> tuli yli kolme minuuttia lis\u00e4\u00e4.<\/p>\n<p class=\"article-body mb-nof-24 px-nof-16\">H\u00e4n ilmoitti jo kesken kisan naisten p\u00e4\u00e4valmentajalle <a class=\"font-bold underline-offset-[0.12em] [text-decoration:var(--person-link-text-decoration)] ![text-decoration-color:var(--person-link-text-decoration-color)]\" href=\"https:\/\/www.aamulehti.fi\/haku\/?query=Reijo%20Jylh%C3%A4lle\" rel=\"nofollow noopener\" target=\"_blank\">Reijo Jylh\u00e4lle<\/a> l\u00e4htev\u00e4ns\u00e4 v\u00e4litt\u00f6m\u00e4sti kotiin Tourilta.<\/p>\n<p class=\"article-body mb-nof-24 px-nof-16\">\u201dH\u00e4n huusi takaisin, ett\u00e4 hyv\u00e4 ratkaisu. Ilmeisesti t\u00e4\u00e4lt\u00e4 l\u00e4htee t\u00e4n\u00e4\u00e4n joku kyyti M\u00f6venpickiin. Yritin huudella, ett\u00e4 \u00e4lk\u00e4\u00e4 minua j\u00e4tt\u00e4k\u00f6 t\u00e4nne.\u201d<\/p>\n<p class=\"article-body mb-nof-24 px-nof-16\">P\u00e4rm\u00e4koskella ehti nousta kierrokset ennen kuin h\u00e4n h\u00f6ll\u00e4si tahtiaan.<\/p>\n<p class=\"article-body mb-nof-24 px-nof-16\">\u201dKauheaa s\u00e4hl\u00e4\u00e4mist\u00e4 oli siin\u00e4 porukassa, jossa alussa olin. Meni hermo, kun kaikilla oli kauhea kiire ja kaikki suhasivat edestakaisin. Paljon mukavampaa oli hiiht\u00e4\u00e4 yksin, kun kukaan ei tullut kannoille.\u201d<\/p>\n<p class=\"article-body mb-nof-24 px-nof-16\">P\u00e4rm\u00e4kosken Tour oli melkoinen koettelemus. H\u00e4nen toinen p\u00e4\u00e4matkansa, maanantaina 10 kilometri\u00e4 (p) p\u00e4\u00e4ttyi sijaan 38.<\/p>\n<p class=\"article-body mb-nof-24 px-nof-16\">P\u00e4rm\u00e4koski sairasti koronaviruksen kolmisen viikkoa sitten.<\/p>\n<p class=\"article-body mb-nof-24 px-nof-16\">\u201dHappi ei kierr\u00e4. Yl\u00e4vartalo toimii, mutta jalat on poissa pelist\u00e4. Happi ei varmaan riit\u00e4 sinne asti. Hiihto ei tunnu helpolta.\u201d<\/p>\n<p class=\"article-body mb-nof-24 px-nof-16\">Vireen katoaminen on ollut yll\u00e4tt\u00e4v\u00e4n raju terveysmurheista huolimatta.<\/p>\n<p class=\"article-body mb-nof-24 px-nof-16\">\u201dTavallaan se on yll\u00e4tt\u00e4nyt ja tavallaan ei, kun tiet\u00e4\u00e4, ett\u00e4 oli tukkoisuutta ennen Touriakin. Koko ajan odotan, milloin homma aukeaa. Luotan, ett\u00e4 kyll\u00e4 se sielt\u00e4 tulee. \u201d<\/p>\n<p class=\"article-body mb-nof-24 px-nof-16\">Tulevat ajat P\u00e4rm\u00e4koski aikoo harjoitella mahdollisimman kevyesti. H\u00e4n ei osannut arvioida, milloin kisaa seuraavan kerran.<\/p>\n<p class=\"article-body mb-nof-24 px-nof-16\">Olympialaisten suhteen konkari ei ole viel\u00e4 heitt\u00e4nyt kirvest\u00e4 kaivoon.<\/p>\n<p class=\"article-body mb-nof-24 px-nof-16\">\u201dUskon olevani siell\u00e4 kauden parhaassa kunnossa.\u201d<\/p>\n<p>Tour de Ski 4\/6Naiset<\/p>\n<ol class=\"mb-nof-16 px-nof-16 article-ordered-list ordered-list\">\n<li class=\"ordered-list-item\">\n<p class=\"article-body\">Jessie Diggins, USA<\/p>\n<\/li>\n<li class=\"ordered-list-item\">\n<p class=\"article-body\">Moa Ilar, Ruotsi +1.36<\/p>\n<\/li>\n<li class=\"ordered-list-item\">\n<p class=\"article-body\">Teresa Stadlober, It\u00e4valta +1.36<\/p>\n<\/li>\n<li class=\"ordered-list-item\">\n<p class=\"article-body\">Jasmi Joensuu, Suomi +1.55<\/p>\n<\/li>\n<li class=\"ordered-list-item\">\n<p class=\"article-body\">Heidi Weng, Norja +1.55<\/p>\n<\/li>\n<li class=\"ordered-list-item\">\n<p class=\"article-body\">Johanna Matintalo, Suomi +1.56<\/p>\n<\/li>\n<li class=\"ordered-list-item\">\n<p class=\"article-body\">Kerttu Niskanen, Suomi +1.57<\/p>\n<\/li>\n<li class=\"ordered-list-item\">\n<p class=\"article-body\">Ebba Andersson, Ruotsi +1.59<\/p>\n<\/li>\n<li class=\"ordered-list-item\">\n<p class=\"article-body\">Julie Drivenes, Norja +2.08<\/p>\n<\/li>\n<li class=\"ordered-list-item\">\n<p class=\"article-body\">Frida Karlsson, Ruotsi +2.51<\/p>\n<\/li>\n<\/ol>\n<p class=\"article-body mb-nof-24 px-nof-16\">22. Vilma Nissinen +3.35<\/p>\n<p class=\"article-body mb-nof-24 px-nof-16\">27. Vilma Ryytty +4.08<\/p>\n<p class=\"article-body mb-nof-24 px-nof-16\">37. Jasmin K\u00e4h\u00e4r\u00e4 +5.16<\/p>\n<p class=\"article-body mb-nof-24 px-nof-16\">46. Krista P\u00e4rm\u00e4koski +6.56 (Keskeytti)<\/p>\n<p>Miehet<\/p>\n<ol class=\"mb-nof-16 px-nof-16 article-ordered-list ordered-list\">\n<li class=\"ordered-list-item\">\n<p class=\"article-body\">Johannes Kl\u00e4bo, Norja<\/p>\n<\/li>\n<li class=\"ordered-list-item\">\n<p class=\"article-body\">Mattis Stenshagen, Norja +0.51<\/p>\n<\/li>\n<li class=\"ordered-list-item\">\n<p class=\"article-body\">Edvin Anger, Ruotsi +1.00<\/p>\n<\/li>\n<li class=\"ordered-list-item\">\n<p class=\"article-body\">Federico Pellegrino, Italia +1.00<\/p>\n<\/li>\n<li class=\"ordered-list-item\">\n<p class=\"article-body\">Emil Iversen, Norja +1.00<\/p>\n<\/li>\n<li class=\"ordered-list-item\">\n<p class=\"article-body\">Gus Schumacher, USA +1.00<\/p>\n<\/li>\n<li class=\"ordered-list-item\">\n<p class=\"article-body\">Lars Heggen, Norja +1.01<\/p>\n<\/li>\n<li class=\"ordered-list-item\">\n<p class=\"article-body\">Benjamin Moser, It\u00e4valta +1.01<\/p>\n<\/li>\n<li class=\"ordered-list-item\">\n<p class=\"article-body\">Harald Amundsen, Norja +1.03<\/p>\n<\/li>\n<li class=\"ordered-list-item\">\n<p class=\"article-body\">Iivo Niskanen, Suomi +1.54 (Keskeytti)<\/p>\n<\/li>\n<\/ol>\n<p class=\"article-body mb-nof-24 px-nof-16\">18. Perttu Hyv\u00e4rinen +2.00<\/p>\n<p class=\"article-body mb-nof-24 px-nof-16\">24. Petteri Koivisto +2.46<\/p>\n<p class=\"article-body mb-nof-24 px-nof-16\">36. Joni M\u00e4ki +3.34<\/p>\n<p class=\"article-body mb-nof-24 px-nof-16\">40. Niilo Moilanen +3.47<\/p>\n","protected":false},"excerpt":{"rendered":"Suomalaist\u00e4hti sairasti koronaviruksen kolmisen viikkoa sitten. 1.1. 16:30 Toblach Suomen Krista P\u00e4rm\u00e4koski l\u00f6i homman l\u00e4skiksi torstaina 20 kilometrin&hellip;\n","protected":false},"author":2,"featured_media":131164,"comment_status":"","ping_status":"","sticky":false,"template":"","format":"standard","meta":{"footnotes":""},"categories":[136],"tags":[157,407,137,33,31,30,408,32,109],"class_list":{"0":"post-131163","1":"post","2":"type-post","3":"status-publish","4":"format-standard","5":"has-post-thumbnail","7":"category-julkkikset","8":"tag-aamulehti","9":"tag-celebrities","10":"tag-entertainment","11":"tag-fi","12":"tag-finland","13":"tag-finnish","14":"tag-julkkikset","15":"tag-suomi","16":"tag-viihde"},"share_on_mastodon":{"url":"https:\/\/pubeurope.com\/@fi\/115823050894596716","error":""},"_links":{"self":[{"href":"https:\/\/www.europesays.com\/fi\/wp-json\/wp\/v2\/posts\/131163","targetHints":{"allow":["GET"]}}],"collection":[{"href":"https:\/\/www.europesays.com\/fi\/wp-json\/wp\/v2\/posts"}],"about":[{"href":"https:\/\/www.europesays.com\/fi\/wp-json\/wp\/v2\/types\/post"}],"author":[{"embeddable":true,"href":"https:\/\/www.europesays.com\/fi\/wp-json\/wp\/v2\/users\/2"}],"replies":[{"embeddable":true,"href":"https:\/\/www.europesays.com\/fi\/wp-json\/wp\/v2\/comments?post=131163"}],"version-history":[{"count":0,"href":"https:\/\/www.europesays.com\/fi\/wp-json\/wp\/v2\/posts\/131163\/revisions"}],"wp:featuredmedia":[{"embeddable":true,"href":"https:\/\/www.europesays.com\/fi\/wp-json\/wp\/v2\/media\/131164"}],"wp:attachment":[{"href":"https:\/\/www.europesays.com\/fi\/wp-json\/wp\/v2\/media?parent=131163"}],"wp:term":[{"taxonomy":"category","embeddable":true,"href":"https:\/\/www.europesays.com\/fi\/wp-json\/wp\/v2\/categories?post=131163"},{"taxonomy":"post_tag","embeddable":true,"href":"https:\/\/www.europesays.com\/fi\/wp-json\/wp\/v2\/tags?post=131163"}],"curies":[{"name":"wp","href":"https:\/\/api.w.org\/{rel}","templated":true}]}}