{"id":131168,"date":"2026-01-02T02:15:07","date_gmt":"2026-01-02T02:15:07","guid":{"rendered":"https:\/\/www.europesays.com\/fi\/131168\/"},"modified":"2026-01-02T02:15:07","modified_gmt":"2026-01-02T02:15:07","slug":"ainakin-kuusi-ihmista-kuollut-iranin-mielenosoituksissa","status":"publish","type":"post","link":"https:\/\/www.europesays.com\/fi\/131168\/","title":{"rendered":"Ainakin kuusi ihmist\u00e4 kuollut Iranin mielenosoituksissa"},"content":{"rendered":"<p><strong class=\"typography-bold\">Iranissa viime viikonloppuna alkaneissa mielenosoituksissa on kuollut ainakin kuusi ihmist\u00e4.<\/strong><\/p>\n<p>Iranilaisen uutistoimisto Farsin mukaan tuoreissa yhteenotoissa mielenosoittajien ja turvallisuusjoukkojen v\u00e4lill\u00e4 Iranissa kuoli kolme ihmist\u00e4 ja loukkaantui parikymment\u00e4 L\u00e4nsi-Iranissa uudenvuodenp\u00e4iv\u00e4n\u00e4 torstaina. Uhrit olivat tiett\u00e4v\u00e4sti siviilej\u00e4.<\/p>\n<p>Aiemmin torstaina Fars kertoi kahden siviilin kuolleen yhteenotoissa turvallisuusjoukkojen ja mielenosoittajien v\u00e4lill\u00e4 maan lounaisosassa.<\/p>\n<p>Samana p\u00e4iv\u00e4n\u00e4 Iranin valtiontelevisio raportoi, ett\u00e4 yksi turvallisuusjoukkojen j\u00e4sen sai surmansa mielenosoituksissa Iranin l\u00e4nsiosassa.<\/p>\n<p>Uutistoimisto Tasnim kertoi, ett\u00e4 Iranin viranomaiset ovat ottaneet maan p\u00e4\u00e4kaupungissa Teheranissa kiinni kolmisenkymment\u00e4 ihmist\u00e4 ep\u00e4iltyin\u00e4 yleisen j\u00e4rjestyksen h\u00e4iritsemisest\u00e4.<\/p>\n<p><strong class=\"typography-bold\">Inflaatio heikent\u00e4nyt ostovoimaa<\/strong><\/p>\n<p>Mielenosoitukset alkoivat sunnuntaina Teheranissa, kun kauppiaat ryhtyiv\u00e4t lakkoon korkeiden hintojen ja heikon talouskehityksen takia. Sittemmin mielenosoitukset ovat levinneet muualle Iraniin.<\/p>\n<p>Mielenosoituksiin on liittynyt my\u00f6s opiskelijoita.<\/p>\n<p>Iranin valuutan arvo on romahtanut, ja vauhdilla laukkaava inflaatio on sy\u00f6nyt kansalaisten ostovoimaa.<\/p>\n<p>L\u00e4nsimaiden asettamat pakotteet ovat murjoneet Iranin taloutta vuosikymmeni\u00e4. Viimeisin isku tuli syyskuussa, kun YK palautti voimaan laajat Iranin vastaiset pakotteet. Syyn\u00e4 oli Iranin ja l\u00e4nsimaiden v\u00e4listen ydinohjelmaneuvottelujen kariutuminen.<\/p>\n<p>Juttua t\u00e4ydennetty 1.1.2026 kello 22.53.<\/p>\n","protected":false},"excerpt":{"rendered":"Iranissa viime viikonloppuna alkaneissa mielenosoituksissa on kuollut ainakin kuusi ihmist\u00e4. Iranilaisen uutistoimisto Farsin mukaan tuoreissa yhteenotoissa mielenosoittajien ja&hellip;\n","protected":false},"author":2,"featured_media":131169,"comment_status":"","ping_status":"","sticky":false,"template":"","format":"standard","meta":{"footnotes":""},"categories":[14],"tags":[22,23,26,27,33,31,30,17,24,25,28,29,15,18,21,32,19,20,56,16,59,60,61],"class_list":{"0":"post-131168","1":"post","2":"type-post","3":"status-publish","4":"format-standard","5":"has-post-thumbnail","7":"category-ulkomaat","8":"tag-breaking-news","9":"tag-breakingnews","10":"tag-featured-news","11":"tag-featurednews","12":"tag-fi","13":"tag-finland","14":"tag-finnish","15":"tag-headlines","16":"tag-latest-news","17":"tag-latestnews","18":"tag-main-news","19":"tag-mainnews","20":"tag-news","21":"tag-otsikot","22":"tag-paauutiset","23":"tag-suomi","24":"tag-top-stories","25":"tag-topstories","26":"tag-ulkomaat","27":"tag-uutiset","28":"tag-world","29":"tag-world-news","30":"tag-worldnews"},"share_on_mastodon":{"url":"https:\/\/pubeurope.com\/@fi\/115823098166100669","error":""},"_links":{"self":[{"href":"https:\/\/www.europesays.com\/fi\/wp-json\/wp\/v2\/posts\/131168","targetHints":{"allow":["GET"]}}],"collection":[{"href":"https:\/\/www.europesays.com\/fi\/wp-json\/wp\/v2\/posts"}],"about":[{"href":"https:\/\/www.europesays.com\/fi\/wp-json\/wp\/v2\/types\/post"}],"author":[{"embeddable":true,"href":"https:\/\/www.europesays.com\/fi\/wp-json\/wp\/v2\/users\/2"}],"replies":[{"embeddable":true,"href":"https:\/\/www.europesays.com\/fi\/wp-json\/wp\/v2\/comments?post=131168"}],"version-history":[{"count":0,"href":"https:\/\/www.europesays.com\/fi\/wp-json\/wp\/v2\/posts\/131168\/revisions"}],"wp:featuredmedia":[{"embeddable":true,"href":"https:\/\/www.europesays.com\/fi\/wp-json\/wp\/v2\/media\/131169"}],"wp:attachment":[{"href":"https:\/\/www.europesays.com\/fi\/wp-json\/wp\/v2\/media?parent=131168"}],"wp:term":[{"taxonomy":"category","embeddable":true,"href":"https:\/\/www.europesays.com\/fi\/wp-json\/wp\/v2\/categories?post=131168"},{"taxonomy":"post_tag","embeddable":true,"href":"https:\/\/www.europesays.com\/fi\/wp-json\/wp\/v2\/tags?post=131168"}],"curies":[{"name":"wp","href":"https:\/\/api.w.org\/{rel}","templated":true}]}}