{"id":131170,"date":"2026-01-02T02:16:11","date_gmt":"2026-01-02T02:16:11","guid":{"rendered":"https:\/\/www.europesays.com\/fi\/131170\/"},"modified":"2026-01-02T02:16:11","modified_gmt":"2026-01-02T02:16:11","slug":"ikaihmiset-paasevat-nyt-ilmaiseksi-uimaan-helsingissa-naissa-halleissa-vuorot-muuttuivat-maksuttomiksi-paikalliset","status":"publish","type":"post","link":"https:\/\/www.europesays.com\/fi\/131170\/","title":{"rendered":"Ik\u00e4ihmiset p\u00e4\u00e4sev\u00e4t nyt ilmaiseksi uimaan Helsingiss\u00e4 \u2013 n\u00e4iss\u00e4 halleissa vuorot muuttuivat maksuttomiksi | Paikalliset"},"content":{"rendered":"<p>68 vuotta t\u00e4ytt\u00e4neet p\u00e4\u00e4sev\u00e4t perjantaista (2. tammikuuta) alkaen maksutta uimaan arkisin kello 11\u201315 kaupungin uimahalleissa.<\/p>\n<p>Kaupungin uimahalleja ovat It\u00e4keskuksen, Pirkkolan, Jakom\u00e4en ja Yrj\u00f6nkadun uimahallit.<\/p>\n<p><strong class=\"diks-storyline__impact\">Etu<\/strong> ei koske ainoastaan helsinkil\u00e4isi\u00e4 uimareita, vaan my\u00f6s 68 vuotta t\u00e4ytt\u00e4neet ulkopaikkakuntalaiset ja turistit p\u00e4\u00e4sev\u00e4t maksutta uimahalliin.<\/p>\n<p>Uintiaika on kaksi tuntia.<\/p>\n<p><strong class=\"diks-storyline__impact\">Jakom\u00e4en<\/strong> uimahallin k\u00e4ytt\u00f6 arkip\u00e4ivisin kello 11\u201315 on rajallista, sill\u00e4 hallia k\u00e4ytet\u00e4\u00e4n arkip\u00e4ivisin koululaisten uimaopetuksessa.<\/p>\n<p>Jakom\u00e4ess\u00e4 68 vuotta t\u00e4ytt\u00e4neet p\u00e4\u00e4sev\u00e4t maksutta uimaan keskiviikosta perjantaihin kello 14\u201315.<\/p>\n<p><strong class=\"diks-storyline__impact\">Yrj\u00f6nkadun<\/strong> uimahalli on viel\u00e4 tammikuun kiinni remontin takia.<\/p>\n<p>Yrj\u00f6nkadun uimahallin osalta maksuton uinti koskee vain uimahallin ensimm\u00e4ist\u00e4 kerrosta ja etu on k\u00e4ytett\u00e4viss\u00e4 naisille ja miehille vuorop\u00e4ivin\u00e4.<\/p>\n<p>Yrj\u00f6nkadun uimahalli avautuu n\u00e4ill\u00e4 n\u00e4kymin 2. helmikuuta.<\/p>\n<p>\t\t\t\t\t<img class=\"diks-card__image\" src=\"https:\/\/www.europesays.com\/fi\/wp-content\/uploads\/2026\/01\/11150249.jpg\"   loading=\"lazy\" decoding=\"sync\" alt=\"\"\/><\/p>\n<p><strong class=\"diks-storyline__impact\">Vakituiset <\/strong>asiakkaat voivat helpottaa asiointia hankkimalla asiakaskortin, jolle maksuton uintioikeus ladataan vuodeksi kerrallaan.<\/p>\n<p>Ensimm\u00e4isen latauksen yhteydess\u00e4 tarkistetaan ik\u00e4 henkil\u00f6llisyystodistuksesta (passi, henkil\u00f6kortti tai ajokortti), Kela-kortista tai vastaanottokeskuksen asiakaskortista, kaupunki kertoo tiedotteessa.<\/p>\n<p><strong class=\"diks-storyline__impact\">Maksuttomuus<\/strong> ei koske Helsingin maauimaloita, liikuntahalleja eik\u00e4 Urheiluhallit oy:n uimahalleja.<\/p>\n<p><strong class=\"diks-storyline__impact\">Kaupunginvaltuusto<\/strong> p\u00e4\u00e4tti ik\u00e4ihmisten maksuttomista vuoroista hyv\u00e4ksyess\u00e4\u00e4n kaupunkistrategian alkusyksyst\u00e4.<\/p>\n<p>\t\t\t\t\t<img class=\"diks-card__image\" src=\"https:\/\/www.europesays.com\/fi\/wp-content\/uploads\/2026\/01\/11087780.jpg\"   loading=\"lazy\" decoding=\"sync\" alt=\"\"\/><\/p>\n<p>\t\t\t\t\t<img class=\"diks-card__image\" src=\"https:\/\/www.europesays.com\/fi\/wp-content\/uploads\/2026\/01\/11198250.jpg\"   loading=\"lazy\" decoding=\"sync\" alt=\"\"\/><\/p>\n","protected":false},"excerpt":{"rendered":"68 vuotta t\u00e4ytt\u00e4neet p\u00e4\u00e4sev\u00e4t perjantaista (2. tammikuuta) alkaen maksutta uimaan arkisin kello 11\u201315 kaupungin uimahalleissa. Kaupungin uimahalleja ovat&hellip;\n","protected":false},"author":2,"featured_media":131171,"comment_status":"","ping_status":"","sticky":false,"template":"","format":"standard","meta":{"footnotes":""},"categories":[12],"tags":[22,23,26,27,33,31,30,17,104,2111,24,25,28,29,15,18,21,32,19,20,16],"class_list":{"0":"post-131170","1":"post","2":"type-post","3":"status-publish","4":"format-standard","5":"has-post-thumbnail","7":"category-suomi","8":"tag-breaking-news","9":"tag-breakingnews","10":"tag-featured-news","11":"tag-featurednews","12":"tag-fi","13":"tag-finland","14":"tag-finnish","15":"tag-headlines","16":"tag-helsinki","17":"tag-kuntourheilu","18":"tag-latest-news","19":"tag-latestnews","20":"tag-main-news","21":"tag-mainnews","22":"tag-news","23":"tag-otsikot","24":"tag-paauutiset","25":"tag-suomi","26":"tag-top-stories","27":"tag-topstories","28":"tag-uutiset"},"share_on_mastodon":{"url":"https:\/\/pubeurope.com\/@fi\/115823102136351880","error":""},"_links":{"self":[{"href":"https:\/\/www.europesays.com\/fi\/wp-json\/wp\/v2\/posts\/131170","targetHints":{"allow":["GET"]}}],"collection":[{"href":"https:\/\/www.europesays.com\/fi\/wp-json\/wp\/v2\/posts"}],"about":[{"href":"https:\/\/www.europesays.com\/fi\/wp-json\/wp\/v2\/types\/post"}],"author":[{"embeddable":true,"href":"https:\/\/www.europesays.com\/fi\/wp-json\/wp\/v2\/users\/2"}],"replies":[{"embeddable":true,"href":"https:\/\/www.europesays.com\/fi\/wp-json\/wp\/v2\/comments?post=131170"}],"version-history":[{"count":0,"href":"https:\/\/www.europesays.com\/fi\/wp-json\/wp\/v2\/posts\/131170\/revisions"}],"wp:featuredmedia":[{"embeddable":true,"href":"https:\/\/www.europesays.com\/fi\/wp-json\/wp\/v2\/media\/131171"}],"wp:attachment":[{"href":"https:\/\/www.europesays.com\/fi\/wp-json\/wp\/v2\/media?parent=131170"}],"wp:term":[{"taxonomy":"category","embeddable":true,"href":"https:\/\/www.europesays.com\/fi\/wp-json\/wp\/v2\/categories?post=131170"},{"taxonomy":"post_tag","embeddable":true,"href":"https:\/\/www.europesays.com\/fi\/wp-json\/wp\/v2\/tags?post=131170"}],"curies":[{"name":"wp","href":"https:\/\/api.w.org\/{rel}","templated":true}]}}