{"id":131172,"date":"2026-01-02T02:17:09","date_gmt":"2026-01-02T02:17:09","guid":{"rendered":"https:\/\/www.europesays.com\/fi\/131172\/"},"modified":"2026-01-02T02:17:09","modified_gmt":"2026-01-02T02:17:09","slug":"vuodenvaihde-helsingissa-156-ensihoitotehtavaa-ja-43-pelastustehtavaa-ilotulitteet-tyollistivat-pelastusta","status":"publish","type":"post","link":"https:\/\/www.europesays.com\/fi\/131172\/","title":{"rendered":"Vuodenvaihde Helsingiss\u00e4: 156 ensihoitoteht\u00e4v\u00e4\u00e4 ja 43 pelastusteht\u00e4v\u00e4\u00e4 \u2013 Ilotulitteet ty\u00f6llistiv\u00e4t pelastusta"},"content":{"rendered":"<p><strong>Ensihoitopalvelun teht\u00e4vien kokonaism\u00e4\u00e4r\u00e4 uuden vuoden aattona oli 156 kpl 09:00 \u2013 01:20 v\u00e4lill\u00e4.<\/strong><\/p>\n<p>Helsingin ensihoitopalvelu oli varautunut vuodenvaihteeseen lis\u00e4\u00e4m\u00e4ll\u00e4 y\u00f6n valmiuteen ylim\u00e4\u00e4r\u00e4isi\u00e4 ambulansseja. Teht\u00e4viss\u00e4 korostuivat tyypilliseen tapaan p\u00e4ihteiden k\u00e4ytt\u00f6\u00f6n liittyv\u00e4t myrkytykset ja kaatumiset. Ilotulitteiden aiheuttamia vammoja ei ole t\u00e4n\u00e4 vuonna noussut esiin ensihoidossa.\u2028\u2028<\/p>\n<p>&#8211; Teht\u00e4v\u00e4m\u00e4\u00e4r\u00e4t ovat olleet vaihtelevia. Jossain kohtaa p\u00e4iv\u00e4\u00e4 oli kiireisemp\u00e4\u00e4 ja sitten rauhoittui hetkeksi, kunnes teht\u00e4v\u00e4m\u00e4\u00e4r\u00e4t alkoivat taas lis\u00e4\u00e4ntym\u00e4\u00e4n, ensihoitomestari Timo Vesterback toteaa.\u2028\u2028<\/p>\n<p>&#8211;\u00a0Kansalaistorilla oli suhteellisen rauhallista, vaikka paikalla oli oman pikaisen arvion mukaan ainakin 40\u00a0000 ihmist\u00e4. Ihmiset juhlivat hyv\u00e4tapaisesti, Ensihoidon kentt\u00e4johtaja Mika Korhonen kertoo Kansalaistorilta.<\/p>\n<p><strong>Ilotulitteet ty\u00f6llistiv\u00e4t pelastusyksik\u00f6it\u00e4<br \/><\/strong><br \/>Pelastuslaitoksen osalta uuden vuoden aatto sujui melko kiireisiss\u00e4 merkeiss\u00e4. 09:00 \u2013 01:00 aikana kirjattiin yhteens\u00e4 43 h\u00e4lytyst\u00e4, joista suurin osa liittyi ilotulitteista aiheutuneisiin tulipaloihin.<\/p>\n<p>\u2028\u2028- Iltaa kohti tilanne kiihtyi. Iltap\u00e4iv\u00e4st\u00e4 l\u00e4htien teht\u00e4vi\u00e4 alkoi tulla, mutta alku oli viel\u00e4 rauhallinen. Kaikkiaan kirjattiin kuusi h\u00e4lytysteht\u00e4v\u00e4\u00e4, joista osa liittyi palovaroittimen tarkistuksiin. Meillekin osui h\u00e4lytysteht\u00e4v\u00e4, jossa raketti ammuttiin rappuk\u00e4yt\u00e4v\u00e4ss\u00e4. Vahingot olisivat voineet olla huomattavasti suurempia, nyt lattiamateriaali joudutaan vaihtamaan, sill\u00e4 normaali pesu ei riit\u00e4. Onneksi henkil\u00f6vahinkoja ei syntynyt, asemamestari Kimmo Vallgren kertoo.<\/p>\n<p><strong>H\u00e4lytysten jakauma pelastusyksik\u00f6ill\u00e4 09 \u2013 19:00, yhteens\u00e4 11 teht\u00e4v\u00e4\u00e4<br \/><\/strong><br \/>\u00a0 \u00a0 \u2022 \u00a0 \u00a06 teht\u00e4v\u00e4\u00e4 koski palovaroittimen soimista eri kohteissa: asunnoissa, rappuk\u00e4yt\u00e4v\u00e4ss\u00e4 ja taloyhti\u00f6n ullakolla.<br \/>\u00a0 \u00a0 \u2022 \u00a0 \u00a01 pieni liikenneonnettomuus, joka ei aiheuttanut henkil\u00f6vahinkoja.<br \/>\u00a0 \u00a0 \u2022 \u00a0 \u00a01 virka-apu poliisille, jossa pelastuslaitos auttoi poistamaan ajoneuvon moottoritien rampilta liikennehaitan v\u00e4ltt\u00e4miseksi.<br \/>\u00a0 \u00a0 \u2022 \u00a0 \u00a01 tapaus, jossa maahan upotettu Molok-j\u00e4teastia sytytettiin palamaan r\u00e4j\u00e4ytt\u00e4m\u00e4ll\u00e4 ilotulite.<br \/>\u00a0 \u00a0 \u2022 \u00a0 \u00a02 h\u00e4lytyst\u00e4 liittyi ilotulitteiden r\u00e4j\u00e4ytt\u00e4miseen kerrostalon portaikossa.\u2028\u2028<\/p>\n<p><strong>\u00a0H\u00e4lytysten jakauma pelastusyksik\u00f6ill\u00e4 19:00 \u2013 01:00, yhteens\u00e4 32 teht\u00e4v\u00e4\u00e4<br \/><\/strong><br \/>\u00a0 \u00a0 \u2022 \u00a0 \u00a013 tulipalo, muu pieni teht\u00e4v\u00e4\u00e4<br \/>\u00a0 \u00a0 \u2022 \u00a0 \u00a06 Automaattinen paloilmoitin tarkistusteht\u00e4v\u00e4<br \/>\u00a0 \u00a0 \u2022 \u00a0 \u00a04 rakennuspalo pieni<br \/>\u00a0 \u00a0 \u2022 \u00a0 \u00a02 Liikenneonnettomuutta<br \/>\u00a0 \u00a0 \u2022 \u00a0 \u00a02 palovaroittimen tarkistusteht\u00e4v\u00e4\u00e4<br \/>\u00a0 \u00a0 \u2022 \u00a0 \u00a02 tarkistusteht\u00e4v\u00e4\u00e4, muu<br \/>\u00a0 \u00a0 \u2022 \u00a0 \u00a01 Liikennev\u00e4linepalo<br \/>\u00a0 \u00a0 \u2022 \u00a0 \u00a01 El\u00e4inpelastusteht\u00e4v\u00e4<br \/>\u00a0 \u00a0 \u2022 \u00a0 \u00a01 Vahingontorjuntateht\u00e4v\u00e4<br \/>\u00a0<br \/>&#8211;\u00a0Viime uuteen vuoteen verrattuna t\u00e4m\u00e4 oli rauhallisempi. Onko pakkass\u00e4\u00e4ll\u00e4 vaikutusta asiaan, mahdollisesti, p\u00e4ivyst\u00e4v\u00e4 palomestari Petri Strandberg pohtii.<\/p>\n<p><strong>Vahvistetut resurssit<br \/><\/strong><br \/>Pelastuslaitos oli varautunut vuodenvaihteeseen vahvistamalla resursseja normaalin vahvuuden lis\u00e4ksi. Kansalaistorilla oli osa pelastusyksik\u00f6ist\u00e4 valmiudessa tapahtuman ajan. Helsingin alueella juhlintaa turvasi my\u00f6s seitsem\u00e4n sopimuspalokuntaa: Tammisalon VPK, Helsingin VPK, Tapanilan VPK, Lauttasaaren VPK, Marjaniemen VPK, L\u00e4nsi-Helsingin VPK ja Vuosaaren VPK.<\/p>\n<p>\u2028\u2028- Helsingin VPK:lla oli kolme teht\u00e4v\u00e4\u00e4: autopalo, j\u00e4teastiapalo ja tieliikenneonnettomuus. Meid\u00e4n osalta ilta on ollut kiireinen. Yleens\u00e4 teht\u00e4v\u00e4t suuntautuvat esikaupunkialueille, mutta nyt niit\u00e4 tuli my\u00f6s keskustaan. Sopimuspalokunta on tiivis yhteis\u00f6, ja t\u00e4m\u00e4 on meille my\u00f6s tapa viett\u00e4\u00e4 uutta vuotta. Autopalo saatiin sammutettua itsen\u00e4isesti, mik\u00e4 vapautti pelastuslaitoksen pelastusyksik\u00f6n huoneistopaloteht\u00e4v\u00e4lle, Helsingin VPK:n yksik\u00f6njohtaja Lassi Rinne kommentoi.<\/p>\n<p><strong>Pelastuslaitoksen viestint\u00e4 p\u00e4ivitti tehostetusti somekanavia<\/strong><\/p>\n<p>Sosiaalisen median kanavilla julkaistut kuvat ovat medioiden k\u00e4yt\u00f6ss\u00e4. Kuvaajatietoihin merkit\u00e4\u00e4n:\u00a0Helsingin kaupungin pelastuslaitos.<\/p>\n","protected":false},"excerpt":{"rendered":"Ensihoitopalvelun teht\u00e4vien kokonaism\u00e4\u00e4r\u00e4 uuden vuoden aattona oli 156 kpl 09:00 \u2013 01:20 v\u00e4lill\u00e4. Helsingin ensihoitopalvelu oli varautunut vuodenvaihteeseen&hellip;\n","protected":false},"author":2,"featured_media":131173,"comment_status":"","ping_status":"","sticky":false,"template":"","format":"standard","meta":{"footnotes":""},"categories":[5],"tags":[22,23,26,27,33,31,30,17,24,25,28,29,15,18,21,32,19,20,16],"class_list":{"0":"post-131172","1":"post","2":"type-post","3":"status-publish","4":"format-standard","5":"has-post-thumbnail","7":"category-otsikot","8":"tag-breaking-news","9":"tag-breakingnews","10":"tag-featured-news","11":"tag-featurednews","12":"tag-fi","13":"tag-finland","14":"tag-finnish","15":"tag-headlines","16":"tag-latest-news","17":"tag-latestnews","18":"tag-main-news","19":"tag-mainnews","20":"tag-news","21":"tag-otsikot","22":"tag-paauutiset","23":"tag-suomi","24":"tag-top-stories","25":"tag-topstories","26":"tag-uutiset"},"share_on_mastodon":{"url":"https:\/\/pubeurope.com\/@fi\/115823105963911891","error":""},"_links":{"self":[{"href":"https:\/\/www.europesays.com\/fi\/wp-json\/wp\/v2\/posts\/131172","targetHints":{"allow":["GET"]}}],"collection":[{"href":"https:\/\/www.europesays.com\/fi\/wp-json\/wp\/v2\/posts"}],"about":[{"href":"https:\/\/www.europesays.com\/fi\/wp-json\/wp\/v2\/types\/post"}],"author":[{"embeddable":true,"href":"https:\/\/www.europesays.com\/fi\/wp-json\/wp\/v2\/users\/2"}],"replies":[{"embeddable":true,"href":"https:\/\/www.europesays.com\/fi\/wp-json\/wp\/v2\/comments?post=131172"}],"version-history":[{"count":0,"href":"https:\/\/www.europesays.com\/fi\/wp-json\/wp\/v2\/posts\/131172\/revisions"}],"wp:featuredmedia":[{"embeddable":true,"href":"https:\/\/www.europesays.com\/fi\/wp-json\/wp\/v2\/media\/131173"}],"wp:attachment":[{"href":"https:\/\/www.europesays.com\/fi\/wp-json\/wp\/v2\/media?parent=131172"}],"wp:term":[{"taxonomy":"category","embeddable":true,"href":"https:\/\/www.europesays.com\/fi\/wp-json\/wp\/v2\/categories?post=131172"},{"taxonomy":"post_tag","embeddable":true,"href":"https:\/\/www.europesays.com\/fi\/wp-json\/wp\/v2\/tags?post=131172"}],"curies":[{"name":"wp","href":"https:\/\/api.w.org\/{rel}","templated":true}]}}