{"id":131178,"date":"2026-01-02T02:37:30","date_gmt":"2026-01-02T02:37:30","guid":{"rendered":"https:\/\/www.europesays.com\/fi\/131178\/"},"modified":"2026-01-02T02:37:30","modified_gmt":"2026-01-02T02:37:30","slug":"madeleinen-pariisi-hatkahdyttaa-yhteiskunnallisena-puheenvuorona","status":"publish","type":"post","link":"https:\/\/www.europesays.com\/fi\/131178\/","title":{"rendered":"Madeleinen Pariisi h\u00e4tk\u00e4hdytt\u00e4\u00e4 yhteiskunnallisena puheenvuorona"},"content":{"rendered":"<p>\n  Madeleinen Pariisi sis\u00e4lt\u00e4\u00e4 ihastuttavia el\u00e4m\u00e4nviisauksia.<\/p>\n<p>\u00a0Ranskalaisten rakastama <strong>Line Renaud <\/strong>esitt\u00e4\u00e4 Madeleinen Pariisi -elokuvassa 92-vuotiasta pariisilaisrouvaa Madeleinea, jonka t\u00e4ytyy muuttaa vanhainkotiin. <\/p>\n<p>Matka tehd\u00e4\u00e4n taksilla, jota ajaa 46-vuotias omien huoliensa painama pirssikuski (<strong>Dany Boon<\/strong>). Juttu luistaa, v\u00e4lill\u00e4 tehd\u00e4\u00e4n koukkauksia tuttuihin paikkoihin. Madeleine muistelee vaiheitaan nuorena jazzlaulajana, joka tekee 1950-luvulla h\u00e4tk\u00e4hdytt\u00e4v\u00e4n teon katumatta siit\u00e4 maksettavaa raskasta hintaa.<\/p>\n<p><strong>Christian Carionin<\/strong> elokuva h\u00e4tk\u00e4hdytt\u00e4\u00e4 yhteiskunnallisena puheenvuorona ja muistutuksena patriarkaalisuuden kiroista ennen kuin tarina palaa herttaisempiin nykytunnelmiin \u2013 ja el\u00e4m\u00e4nviisauksiin, joita nainen itse ei ole kadottanut. Arvattavat loppuratkaisut eiv\u00e4t heikenn\u00e4 elokuvan l\u00e4mp\u00f6\u00e4 ja kauneutta, joka saa l\u00e4ksi\u00e4issointuihinsa viel\u00e4 ripauksen sadunomaista taikaa.<\/p>\n<p> \u272a\u272a\u272a\u00bd<\/p>\n<p> Madeleinen Pariisi, torstai 1.1. klo 21.00, <a href=\"https:\/\/areena.yle.fi\/1-74717474\" target=\"_blank\" rel=\"noreferrer noopener nofollow\">Teema &amp; Fem<\/a><\/p>\n","protected":false},"excerpt":{"rendered":"Madeleinen Pariisi sis\u00e4lt\u00e4\u00e4 ihastuttavia el\u00e4m\u00e4nviisauksia. \u00a0Ranskalaisten rakastama Line Renaud esitt\u00e4\u00e4 Madeleinen Pariisi -elokuvassa 92-vuotiasta pariisilaisrouvaa Madeleinea, jonka t\u00e4ytyy&hellip;\n","protected":false},"author":2,"featured_media":131179,"comment_status":"","ping_status":"","sticky":false,"template":"","format":"standard","meta":{"footnotes":""},"categories":[130],"tags":[2023,137,33,31,30,1422,32,109],"class_list":{"0":"post-131178","1":"post","2":"type-post","3":"status-publish","4":"format-standard","5":"has-post-thumbnail","7":"category-viihde","8":"tag-draamaelokuvat","9":"tag-entertainment","10":"tag-fi","11":"tag-finland","12":"tag-finnish","13":"tag-ranska","14":"tag-suomi","15":"tag-viihde"},"share_on_mastodon":{"url":"https:\/\/pubeurope.com\/@fi\/115823184648016330","error":""},"_links":{"self":[{"href":"https:\/\/www.europesays.com\/fi\/wp-json\/wp\/v2\/posts\/131178","targetHints":{"allow":["GET"]}}],"collection":[{"href":"https:\/\/www.europesays.com\/fi\/wp-json\/wp\/v2\/posts"}],"about":[{"href":"https:\/\/www.europesays.com\/fi\/wp-json\/wp\/v2\/types\/post"}],"author":[{"embeddable":true,"href":"https:\/\/www.europesays.com\/fi\/wp-json\/wp\/v2\/users\/2"}],"replies":[{"embeddable":true,"href":"https:\/\/www.europesays.com\/fi\/wp-json\/wp\/v2\/comments?post=131178"}],"version-history":[{"count":0,"href":"https:\/\/www.europesays.com\/fi\/wp-json\/wp\/v2\/posts\/131178\/revisions"}],"wp:featuredmedia":[{"embeddable":true,"href":"https:\/\/www.europesays.com\/fi\/wp-json\/wp\/v2\/media\/131179"}],"wp:attachment":[{"href":"https:\/\/www.europesays.com\/fi\/wp-json\/wp\/v2\/media?parent=131178"}],"wp:term":[{"taxonomy":"category","embeddable":true,"href":"https:\/\/www.europesays.com\/fi\/wp-json\/wp\/v2\/categories?post=131178"},{"taxonomy":"post_tag","embeddable":true,"href":"https:\/\/www.europesays.com\/fi\/wp-json\/wp\/v2\/tags?post=131178"}],"curies":[{"name":"wp","href":"https:\/\/api.w.org\/{rel}","templated":true}]}}