{"id":13118,"date":"2025-08-22T12:03:08","date_gmt":"2025-08-22T12:03:08","guid":{"rendered":"https:\/\/www.europesays.com\/fi\/13118\/"},"modified":"2025-08-22T12:03:08","modified_gmt":"2025-08-22T12:03:08","slug":"katy-perry-kuvasi-musiikkivideota-luonnonsuojelualueella-ilman-lupaa","status":"publish","type":"post","link":"https:\/\/www.europesays.com\/fi\/13118\/","title":{"rendered":"Katy Perry kuvasi musiikkivideota luonnonsuojelualueella ilman lupaa"},"content":{"rendered":"<p>Katy Perryn kuvaustiimi ei ollut hankkinut virallista lupaa.<\/p>\n<p class=\"article-body margin-bottom-24 padding-x-16\">Laulaja <a class=\"article-personlink\" href=\"https:\/\/www.is.fi\/haku\/?query=Katy%20Perrylle\" rel=\"nofollow noopener\" target=\"_blank\">Katy Perrylle<\/a> p\u00e4r\u00e4hti sakot, kun h\u00e4n kuvasi luvattomasti musiikkivideota luonnonsuojelualueella, kertoo <a class=\"article-genericlink\" href=\"https:\/\/www.mirror.co.uk\/3am\/celebrity-news\/katy-perry-fined-filming-music-35708953\" rel=\"nofollow noopener\" target=\"_blank\">Mirror<\/a>.<\/p>\n<p class=\"article-body margin-bottom-24 padding-x-16\">Viime kes\u00e4n\u00e4 Perry sai luonnonsuojeluaktivistit kimppuunsa, kun h\u00e4n kuvasi Lifetmes -kappaleelle musiikkivideota Espanjan Baleaareilla. Kuvauspaikaksi valikoitui Ses Salinesin luonnonpuiston hiekkadyynit.<\/p>\n<p class=\"article-body margin-bottom-24 padding-x-16\">Alue on saaristossa, jonne tarvitsee erillisen p\u00e4\u00e4syluvan. Perryn kuvaustiimi ei kuitenkaan ollut hankkinut virallista lupaa, joten kuvauksista napsahti mojova sakko.<\/p>\n<p><img decoding=\"async\" src=\"https:\/\/www.europesays.com\/fi\/wp-content\/uploads\/2025\/08\/1755864188_226_468.jpg\" alt=\"Katy Perry kuvasi osan musiikkivideosta rannalla.\" class=\"_Img_tdqg8_1\" style=\"aspect-ratio:1.5011727912431587\" loading=\"eager\"\/><\/p>\n<p class=\"article-picture-caption\">Katy Perry kuvasi osan musiikkivideosta rannalla. Kuva:\u00a0Alamy \/ MVPhotos<\/p>\n<p class=\"article-body margin-bottom-24 padding-x-16\">Yhteens\u00e4 Baleaarien hallitus m\u00e4\u00e4r\u00e4si Perryn maksamaan 6\u202f000 euroa sakkoja. Maksu kuitenkin hoidettiin pois alta nopeasti.<\/p>\n<p class=\"article-body margin-bottom-24 padding-x-16\">Luonnonpuisto on tarkoitettu erityisesti muuttavien lintujen pesim\u00e4alueeksi ja se on yksi UNESCO:n maailmanperint\u00f6kohteista. Musiikkivideolla Perry tanssii rannalla, joka on tunnettu erityisest\u00e4 maisemastaan ja hyppii veteen kalliolta.<\/p>\n<p class=\"article-body margin-bottom-24 padding-x-16\">Viranomaisten mukaan rike oli vakava, mutta pysyv\u00e4\u00e4 vahinkoa ei kuitenkaan sattunut.<\/p>\n<p class=\"article-body margin-bottom-24 padding-x-16\">Sosiaalisessa mediassa Perryn kielletyt kuvaukset her\u00e4ttiv\u00e4t keskustelua.<\/p>\n<p class=\"article-body margin-bottom-24 padding-x-16\">\u2013 Todellista roolimallin k\u00e4yt\u00f6st\u00e4, h\u00e4nell\u00e4 on \u201dkolonialistin kausi\u201d menossa. Onko seuraava kuvauspaikka entinen plantaasi? yksi henkil\u00f6 kommentoi <a class=\"article-genericlink\" href=\"https:\/\/x.com\/BuzzingPop\/status\/1823390586302255239\" rel=\"nofollow\">X:ss\u00e4<\/a>.<\/p>\n<p class=\"article-body margin-bottom-24 padding-x-16\">\u2013 Noloa h\u00e4nelle, kommentoi toinen.<\/p>\n<p class=\"article-body margin-bottom-24 padding-x-16\">\u2013 T\u00e4m\u00e4 on h\u00e4nen kuvaustiimins\u00e4 vika, miksi he eiv\u00e4t kysyneet lupaa? T\u00e4m\u00e4 ei ole h\u00e4nen vikansa, kuului kolmannen kommentti.<\/p>\n<p class=\"article-body margin-bottom-24 padding-x-16\">\u2013 Olisi ollut parempi k\u00e4ytt\u00e4\u00e4 green screen -taustaa, summasi nelj\u00e4s.<\/p>\n","protected":false},"excerpt":{"rendered":"Katy Perryn kuvaustiimi ei ollut hankkinut virallista lupaa. Laulaja Katy Perrylle p\u00e4r\u00e4hti sakot, kun h\u00e4n kuvasi luvattomasti musiikkivideota&hellip;\n","protected":false},"author":2,"featured_media":13119,"comment_status":"","ping_status":"","sticky":false,"template":"","format":"standard","meta":{"footnotes":""},"categories":[132],"tags":[137,33,31,30,34,195,47,32,109],"class_list":{"0":"post-13118","1":"post","2":"type-post","3":"status-publish","4":"format-standard","5":"has-post-thumbnail","7":"category-musiikki","8":"tag-entertainment","9":"tag-fi","10":"tag-finland","11":"tag-finnish","12":"tag-ilta-sanomat","13":"tag-music","14":"tag-musiikki","15":"tag-suomi","16":"tag-viihde"},"share_on_mastodon":{"url":"","error":""},"_links":{"self":[{"href":"https:\/\/www.europesays.com\/fi\/wp-json\/wp\/v2\/posts\/13118","targetHints":{"allow":["GET"]}}],"collection":[{"href":"https:\/\/www.europesays.com\/fi\/wp-json\/wp\/v2\/posts"}],"about":[{"href":"https:\/\/www.europesays.com\/fi\/wp-json\/wp\/v2\/types\/post"}],"author":[{"embeddable":true,"href":"https:\/\/www.europesays.com\/fi\/wp-json\/wp\/v2\/users\/2"}],"replies":[{"embeddable":true,"href":"https:\/\/www.europesays.com\/fi\/wp-json\/wp\/v2\/comments?post=13118"}],"version-history":[{"count":0,"href":"https:\/\/www.europesays.com\/fi\/wp-json\/wp\/v2\/posts\/13118\/revisions"}],"wp:featuredmedia":[{"embeddable":true,"href":"https:\/\/www.europesays.com\/fi\/wp-json\/wp\/v2\/media\/13119"}],"wp:attachment":[{"href":"https:\/\/www.europesays.com\/fi\/wp-json\/wp\/v2\/media?parent=13118"}],"wp:term":[{"taxonomy":"category","embeddable":true,"href":"https:\/\/www.europesays.com\/fi\/wp-json\/wp\/v2\/categories?post=13118"},{"taxonomy":"post_tag","embeddable":true,"href":"https:\/\/www.europesays.com\/fi\/wp-json\/wp\/v2\/tags?post=13118"}],"curies":[{"name":"wp","href":"https:\/\/api.w.org\/{rel}","templated":true}]}}