{"id":131180,"date":"2026-01-02T02:41:06","date_gmt":"2026-01-02T02:41:06","guid":{"rendered":"https:\/\/www.europesays.com\/fi\/131180\/"},"modified":"2026-01-02T02:41:06","modified_gmt":"2026-01-02T02:41:06","slug":"brasilian-ex-presidentti-bolsonaro-paasi-pois-sairaalasta-siirretaan-vankilaan-uutissuomalainen-3","status":"publish","type":"post","link":"https:\/\/www.europesays.com\/fi\/131180\/","title":{"rendered":"Brasilian ex-presidentti Bolsonaro p\u00e4\u00e4si pois sairaalasta, siirret\u00e4\u00e4n vankilaan | Uutissuomalainen"},"content":{"rendered":"<p>Brasilian entinen presidentti Jair Bolsonaro p\u00e4\u00e4si torstaina paikallista aikaa pois sairaalasta.<\/p>\n<p>Bolsonaro siirrettiin jouluaattona sairaalaan nivustyr\u00e4leikkausta varten Brasilian p\u00e4\u00e4kaupungissa. Joulup\u00e4iv\u00e4n\u00e4 tehty leikkaus onnistui Bolsonaron vaimon mukaan hyvin.<\/p>\n<p>Noin viikon mittaisen sairaalajakson j\u00e4lkeen Bolsonaro siirret\u00e4\u00e4n vankilaan. H\u00e4nen n\u00e4htiin torstaina poistuvan sairaalalta poliisin huostassa.<\/p>\n<p>Bolsonaro sai vuoden 2022 vaalien j\u00e4lkeisest\u00e4 vallankaappausyrityksest\u00e4 27 vuoden vankeustuomion, jota h\u00e4n alkoi istua marraskuussa.<\/p>\n<p>70-vuotiaalla Bolsonarolla on ollut lukuisia terveysongelmia sen j\u00e4lkeen, kun h\u00e4nt\u00e4 puukotettiin vuonna 2018.<\/p>\n<p>Bolsonaron asianajajat pyysiv\u00e4t keskiviikkona paikallista aikaa terveyssyihin vedoten, ett\u00e4 Bolsonaro voisi jatkaa tuomionsa suorittamista kotiarestissa. Oikeus kumosi pyynn\u00f6n torstaina linjaten, ettei entisen presidentin terveydentila ollut heikentynyt.<\/p>\n<p>Bolsonaro oli kotiarestissa marraskuun loppupuolelle saakka, jolloin h\u00e4net siirrettiin poliisilaitoksen tiloihin jalkapantansa t\u00e4rvelemisen vuoksi. Bolsonaro sanoi tuolloin, ett\u00e4 h\u00e4n oli t\u00e4rvellyt valvontapantansa l\u00e4\u00e4kityksen aiheuttaman vainoharhaisuuden vuoksi.<\/p>\n<p>\t\t\t\tTuomio voi olla lyhenem\u00e4ss\u00e4<\/p>\n<p>Brasilian senaatti hyv\u00e4ksyi joulun alla lakiesityksen, joka voi merkitt\u00e4v\u00e4sti lyhent\u00e4\u00e4 \u00e4\u00e4rioikeistolaiselle Bolsonarolle langetettua vankeustuomiota.<\/p>\n<p>Istuva presidentti Luiz Inacio Lula da Silva on sanonut k\u00e4ytt\u00e4v\u00e4ns\u00e4 veto-oikeuttaan lakia vastaan. Asiasta p\u00e4\u00e4tt\u00e4\u00e4 kuitenkin viime k\u00e4dess\u00e4 konservatiivien hallussa oleva kongressi, joka voi kumota Lulan p\u00e4\u00e4t\u00f6ksen.<\/p>\n<p>Vankeustuomio liittyy Bolsonaron vuoden 2022 presidentinvaalitappion j\u00e4lkeisiin tapahtumiin. Tammikuussa 2023 tuhannet Bolsonaron kannattajat valtasivat hallintorakennuksia p\u00e4\u00e4kaupunki Brasiliassa ja vaativat, ett\u00e4 maan asevoimat syrj\u00e4ytt\u00e4isiv\u00e4t vaalit voittaneen Lulan. Brasilian liittovaltion poliisin mukaan vallankumoussuunnitelmaan kuului lis\u00e4ksi Lulan salamurhaaminen.<\/p>\n<p>Syytt\u00e4jien mukaan suunnitelma ep\u00e4onnistui vain siksi, ett\u00e4 se ei saanut tukea maan asevoimilta.<\/p>\n<p>\t\t\t\tHalunnut pojastaan seuraajaa<\/p>\n<p>Bolsonaron tuomio on nostattanut kysymysmerkkej\u00e4 Brasilian ensi syksyn presidentinvaalien ylle.<\/p>\n<p>Bolsonaro on esitt\u00e4nyt seuraajakseen konservatiivien johtoon poikaansa, 44-vuotiasta senaattoria Flavio Bolsonaroa.<\/p>\n<p>Voittaakseen presidentinvaalit nuoremman Bolsonaron t\u00e4ytyisi p\u00e4ihitt\u00e4\u00e4 sek\u00e4 haastajansa konservatiivien riveist\u00e4 ett\u00e4 80-vuotias presidentti Lula, joka on vihjannut mahdollisesti tavoittelevansa nelj\u00e4tt\u00e4 kautta.<\/p>\n","protected":false},"excerpt":{"rendered":"Brasilian entinen presidentti Jair Bolsonaro p\u00e4\u00e4si torstaina paikallista aikaa pois sairaalasta. Bolsonaro siirrettiin jouluaattona sairaalaan nivustyr\u00e4leikkausta varten Brasilian&hellip;\n","protected":false},"author":2,"featured_media":131181,"comment_status":"","ping_status":"","sticky":false,"template":"","format":"standard","meta":{"footnotes":""},"categories":[14],"tags":[22,23,26,27,33,31,30,17,5856,53,24,25,28,29,15,18,21,142,637,144,32,679,19,20,56,16,638,59,60,61],"class_list":{"0":"post-131180","1":"post","2":"type-post","3":"status-publish","4":"format-standard","5":"has-post-thumbnail","7":"category-ulkomaat","8":"tag-breaking-news","9":"tag-breakingnews","10":"tag-featured-news","11":"tag-featurednews","12":"tag-fi","13":"tag-finland","14":"tag-finnish","15":"tag-headlines","16":"tag-joulu","17":"tag-laki-oikeus-ja-rikos","18":"tag-latest-news","19":"tag-latestnews","20":"tag-main-news","21":"tag-mainnews","22":"tag-news","23":"tag-otsikot","24":"tag-paauutiset","25":"tag-poliitikot","26":"tag-politiikka","27":"tag-presidentti","28":"tag-suomi","29":"tag-terveydenhuollon-toimintalaitokset","30":"tag-top-stories","31":"tag-topstories","32":"tag-ulkomaat","33":"tag-uutiset","34":"tag-valtiovalta","35":"tag-world","36":"tag-world-news","37":"tag-worldnews"},"share_on_mastodon":{"url":"https:\/\/pubeurope.com\/@fi\/115823200395945459","error":""},"_links":{"self":[{"href":"https:\/\/www.europesays.com\/fi\/wp-json\/wp\/v2\/posts\/131180","targetHints":{"allow":["GET"]}}],"collection":[{"href":"https:\/\/www.europesays.com\/fi\/wp-json\/wp\/v2\/posts"}],"about":[{"href":"https:\/\/www.europesays.com\/fi\/wp-json\/wp\/v2\/types\/post"}],"author":[{"embeddable":true,"href":"https:\/\/www.europesays.com\/fi\/wp-json\/wp\/v2\/users\/2"}],"replies":[{"embeddable":true,"href":"https:\/\/www.europesays.com\/fi\/wp-json\/wp\/v2\/comments?post=131180"}],"version-history":[{"count":0,"href":"https:\/\/www.europesays.com\/fi\/wp-json\/wp\/v2\/posts\/131180\/revisions"}],"wp:featuredmedia":[{"embeddable":true,"href":"https:\/\/www.europesays.com\/fi\/wp-json\/wp\/v2\/media\/131181"}],"wp:attachment":[{"href":"https:\/\/www.europesays.com\/fi\/wp-json\/wp\/v2\/media?parent=131180"}],"wp:term":[{"taxonomy":"category","embeddable":true,"href":"https:\/\/www.europesays.com\/fi\/wp-json\/wp\/v2\/categories?post=131180"},{"taxonomy":"post_tag","embeddable":true,"href":"https:\/\/www.europesays.com\/fi\/wp-json\/wp\/v2\/tags?post=131180"}],"curies":[{"name":"wp","href":"https:\/\/api.w.org\/{rel}","templated":true}]}}