{"id":131182,"date":"2026-01-02T02:42:07","date_gmt":"2026-01-02T02:42:07","guid":{"rendered":"https:\/\/www.europesays.com\/fi\/131182\/"},"modified":"2026-01-02T02:42:07","modified_gmt":"2026-01-02T02:42:07","slug":"puolustusministeri-hakkanen-illle-venaja-tarjonnut-apua-fitburg-aluksen-miehistolle-uutissuomalainen","status":"publish","type":"post","link":"https:\/\/www.europesays.com\/fi\/131182\/","title":{"rendered":"Puolustusministeri H\u00e4kk\u00e4nen IL:lle: Ven\u00e4j\u00e4 tarjonnut apua Fitburg-aluksen miehist\u00f6lle | Uutissuomalainen"},"content":{"rendered":"<p>Puolustusministeri Antti H\u00e4kk\u00e4nen (kok.) vahvisti <a href=\"https:\/\/www.iltalehti.fi\/politiikka\/a\/d0ba407f-e8a0-4fa5-b7d9-eaba4833d295\" rel=\"nofollow noopener\" target=\"_blank\">Iltalehden<\/a> haastattelussa, ett\u00e4 Ven\u00e4j\u00e4 on tarjonnut apua merikaapelin vaurioittamisesta uudenvuodenaattona ep\u00e4illyn Fitburg-rahtialuksen miehist\u00f6lle. Esitutkintaa tekev\u00e4 poliisi on kertonut, ett\u00e4 aluksen miehist\u00f6\u00f6n kuuluu Ven\u00e4j\u00e4n, Georgian, Kazakstanin ja Azerbaidzhanin kansalaisia.<\/p>\n<p>H\u00e4kk\u00e4sen mukaan Ven\u00e4j\u00e4 on tarjonnut kaikissa eri hybridivaikuttamisen tapauksissa aina jonkinlaista apua.<\/p>\n<p>\u2013\u2009T\u00e4ss\u00e4 tapauksessa en ota kantaa, mit\u00e4 taustalla varsinaisesti on. Siihen pit\u00e4\u00e4 suhtautua ihan normaalisti ja rauhallisesti, H\u00e4kk\u00e4nen sanoi IL:lle.<\/p>\n<p>Rahtialus oli l\u00e4htenyt Pietarista ja matkalla Israelin Haifaan.<\/p>\n<p>H\u00e4kk\u00e4sen mukaan on luontevaa, ett\u00e4 Ven\u00e4j\u00e4 esitt\u00e4\u00e4 t\u00e4llaisia avuntarjouksia.<\/p>\n<p>\u2013\u2009Mutta me toimimme omien prosessien mukaisesti.<\/p>\n<p>H\u00e4kk\u00e4nen vastasi median kysymyksiin puolustusministerin uudenvuodenp\u00e4iv\u00e4n vastaanoton yhteydess\u00e4.<\/p>\n","protected":false},"excerpt":{"rendered":"Puolustusministeri Antti H\u00e4kk\u00e4nen (kok.) vahvisti Iltalehden haastattelussa, ett\u00e4 Ven\u00e4j\u00e4 on tarjonnut apua merikaapelin vaurioittamisesta uudenvuodenaattona ep\u00e4illyn Fitburg-rahtialuksen miehist\u00f6lle.&hellip;\n","protected":false},"author":2,"featured_media":131183,"comment_status":"","ping_status":"","sticky":false,"template":"","format":"standard","meta":{"footnotes":""},"categories":[12],"tags":[22,23,26,27,33,31,30,17,24,25,121,28,29,15,18,21,687,142,637,2535,32,19,20,21377,16,2568],"class_list":{"0":"post-131182","1":"post","2":"type-post","3":"status-publish","4":"format-standard","5":"has-post-thumbnail","7":"category-suomi","8":"tag-breaking-news","9":"tag-breakingnews","10":"tag-featured-news","11":"tag-featurednews","12":"tag-fi","13":"tag-finland","14":"tag-finnish","15":"tag-headlines","16":"tag-latest-news","17":"tag-latestnews","18":"tag-liikenne-ja-kuljetus","19":"tag-main-news","20":"tag-mainnews","21":"tag-news","22":"tag-otsikot","23":"tag-paauutiset","24":"tag-pietari-st-petersburg","25":"tag-poliitikot","26":"tag-politiikka","27":"tag-puolustuspolitiikka","28":"tag-suomi","29":"tag-top-stories","30":"tag-topstories","31":"tag-ukrainan-kriisi","32":"tag-uutiset","33":"tag-vesiliikenne"},"share_on_mastodon":{"url":"https:\/\/pubeurope.com\/@fi\/115823204371480806","error":""},"_links":{"self":[{"href":"https:\/\/www.europesays.com\/fi\/wp-json\/wp\/v2\/posts\/131182","targetHints":{"allow":["GET"]}}],"collection":[{"href":"https:\/\/www.europesays.com\/fi\/wp-json\/wp\/v2\/posts"}],"about":[{"href":"https:\/\/www.europesays.com\/fi\/wp-json\/wp\/v2\/types\/post"}],"author":[{"embeddable":true,"href":"https:\/\/www.europesays.com\/fi\/wp-json\/wp\/v2\/users\/2"}],"replies":[{"embeddable":true,"href":"https:\/\/www.europesays.com\/fi\/wp-json\/wp\/v2\/comments?post=131182"}],"version-history":[{"count":0,"href":"https:\/\/www.europesays.com\/fi\/wp-json\/wp\/v2\/posts\/131182\/revisions"}],"wp:featuredmedia":[{"embeddable":true,"href":"https:\/\/www.europesays.com\/fi\/wp-json\/wp\/v2\/media\/131183"}],"wp:attachment":[{"href":"https:\/\/www.europesays.com\/fi\/wp-json\/wp\/v2\/media?parent=131182"}],"wp:term":[{"taxonomy":"category","embeddable":true,"href":"https:\/\/www.europesays.com\/fi\/wp-json\/wp\/v2\/categories?post=131182"},{"taxonomy":"post_tag","embeddable":true,"href":"https:\/\/www.europesays.com\/fi\/wp-json\/wp\/v2\/tags?post=131182"}],"curies":[{"name":"wp","href":"https:\/\/api.w.org\/{rel}","templated":true}]}}