{"id":131188,"date":"2026-01-02T03:03:23","date_gmt":"2026-01-02T03:03:23","guid":{"rendered":"https:\/\/www.europesays.com\/fi\/131188\/"},"modified":"2026-01-02T03:03:23","modified_gmt":"2026-01-02T03:03:23","slug":"17-kohdan-jattilista-poimimme-alkavalta-vuodelta-kiinnostavia-kirjoja-tapahtumia-elokuvia-ja-peleja-kulttuuri","status":"publish","type":"post","link":"https:\/\/www.europesays.com\/fi\/131188\/","title":{"rendered":"17 kohdan j\u00e4ttilista: poimimme alkavalta vuodelta kiinnostavia kirjoja, tapahtumia, elokuvia ja pelej\u00e4 | Kulttuuri"},"content":{"rendered":"<p class=\"aw-1gybjub aw-1p7kakr kEtdKx cEmitX yle__article__paragraph\">Mit\u00e4 peli\u00e4 pelaisi? Mink\u00e4 elokuvan katsoisi? Pit\u00e4isik\u00f6 l\u00e4hte\u00e4 teatteriin?<\/p>\n<p class=\"aw-1gybjub aw-1p7kakr kEtdKx cEmitX yle__article__paragraph\">N\u00e4ill\u00e4 vinkeill\u00e4 l\u00f6yd\u00e4t kiinnostavaa tekemist\u00e4 alkavalle vuodelle.<\/p>\n<p>1. Omakohtainen ty\u00f6tt\u00f6myyssimulaattori<\/p>\n<p><img decoding=\"async\" alt=\"Videopeliss\u00e4 mies seisoo huoneessa, ruudulla lukee &quot;press c to cry&quot;.\" src=\"https:\/\/www.europesays.com\/fi\/wp-content\/uploads\/2026\/01\/39-1568939693c1243709c8.jpeg\" loading=\"lazy\" class=\"aw-1l9m598 hKVVvP\"\/><\/p>\n<p>Avaa kuvien katselu<\/p>\n<p>Paina c:t\u00e4 itke\u00e4ksesi on pys\u00e4ytt\u00e4v\u00e4 kehote videopeliss\u00e4. Kuva: turbolento publishing<\/p>\n<p class=\"aw-1gybjub aw-1p7kakr kEtdKx cEmitX yle__article__paragraph\">Yksi tulevan vuoden kiinnostavimmista pelierikoisuuksista tulee Suomesta.<\/p>\n<p class=\"aw-1gybjub aw-1p7kakr kEtdKx cEmitX yle__article__paragraph\"><strong class=\"aw-ak79eh KyCXm yle__article__strong\">Samuel Lehikoisen<\/strong> kehitt\u00e4m\u00e4ss\u00e4 ty\u00f6tt\u00f6myyssimulaattorissa (Unemployment Simulator 2018) on tarkoitus selvit\u00e4 ty\u00f6tt\u00f6myyden ja syrj\u00e4ytymisen ikeest\u00e4 pit\u00e4en pelihahmon rutiinit k\u00e4ynniss\u00e4 ja ahdistusmittarit kurissa.<\/p>\n<p class=\"aw-1gybjub aw-1p7kakr kEtdKx cEmitX yle__article__paragraph\">Peli perustuu kehitt\u00e4j\u00e4n omiin kokemuksiin ty\u00f6tt\u00f6myydest\u00e4, ja se on voittanut palkintoja Los Angelesin OTK Game Expossa sek\u00e4 Tallinnan taidehallin n\u00e4yttelyss\u00e4.<\/p>\n<p class=\"aw-1gybjub aw-1p7kakr kEtdKx cEmitX yle__article__paragraph\">Taiteenedist\u00e4miskeskus ja Suomen kulttuurirahasto ovat tukeneet projektia. Peli on saanut ylistyst\u00e4 kansainv\u00e4lisilt\u00e4 striimaajat\u00e4hdilt\u00e4.<\/p>\n<p class=\"aw-1gybjub aw-1p7kakr kEtdKx cEmitX yle__article__paragraph\">Unemployment Simulator 2018 julkaistaan kokonaisuudessaan 3. helmikuuta 2026, ja pelattava demo on jo saatavilla Steam-palvelussa.<\/p>\n<p>2. Elokuva, jossa maailmanloppu oli vasta alkua<\/p>\n<p><img decoding=\"async\" alt=\"Mies pitelee pojan p\u00e4\u00e4t\u00e4 rakastavasti, vieress\u00e4 nainen, taustalla rotkomaisema.\" src=\"https:\/\/www.europesays.com\/fi\/wp-content\/uploads\/2026\/01\/39-156123969297103736d3.jpeg\" loading=\"lazy\" class=\"aw-1l9m598 hKVVvP\"\/><\/p>\n<p>Avaa kuvien katselu<\/p>\n<p>Greenland-elokuvissa Butler (kesk.) p\u00e4\u00e4see n\u00e4ytt\u00e4m\u00e4\u00e4n pehme\u00e4mp\u00e4\u00e4 puoltaan. \u00c4iti\u00e4 n\u00e4yttelee Morena Baccarin (vas.), poikaa Roban Griffin Davis. Kuva: Lionsgate<\/p>\n<p class=\"aw-1gybjub aw-1p7kakr kEtdKx cEmitX yle__article__paragraph\">Alkuvuosi on Yhdysvalloissa <a class=\"aw-iao6s4 iHOxEa yle__article__link\" href=\"https:\/\/www.theringer.com\/2025\/01\/22\/movies\/dumpuary-canon-best-january-movies-flight-risk\" role=\"link\" rel=\"nofollow noopener\" target=\"_blank\">roskaelokuvasesonkia<\/a>, ja <strong class=\"aw-ak79eh KyCXm yle__article__strong\">Gerard Butler<\/strong> on kauden t\u00e4hti\u00e4. 56-vuotias skotti on kuin jalkapallojoukkue, joka on liian hyv\u00e4 ykk\u00f6sliigaan, mutta dominoi divarissa. H\u00e4nen keskibudjetin toimintapl\u00e4j\u00e4yksens\u00e4 ovat usein parempia kuin luulisi.<\/p>\n<p class=\"aw-1gybjub aw-1p7kakr kEtdKx cEmitX yle__article__paragraph\">Vuoden 2020 mainiossa, koskettavassakin Greenlandissa Butler n\u00e4ytteli is\u00e4\u00e4, joka vie perheens\u00e4 turvaan maahan iskeytyv\u00e4n komeetan tielt\u00e4. Jatko-osassa ihmiskunnan rippeet ovat kituuttaneet viisi vuotta bunkkerissa, ja nyt on aika astua ulos. <a class=\"aw-iao6s4 iHOxEa yle__article__link\" href=\"https:\/\/www.youtube.com\/watch?v=qa15DIoer38\" role=\"link\" rel=\"nofollow noopener\" target=\"_blank\">Maailmanloppu oli kuitenkin vasta alkua<\/a>.<\/p>\n<p class=\"aw-1gybjub aw-1p7kakr kEtdKx cEmitX yle__article__paragraph\">Greenland 2: Migration \u2013 ensi-ilta 6. helmikuuta<\/p>\n<p>3. Turun kulttuuriranta tekee tuloaan<\/p>\n<p>Videolla n\u00e4hd\u00e4\u00e4n silm\u00e4ys Turun kulttuurirannasta.<\/p>\n<p class=\"aw-1gybjub aw-1p7kakr kEtdKx cEmitX yle__article__paragraph\">Turun kaupungin taidemuseo WAM ja Aurajoen rantaan nouseva musiikkitalo Fuuga muodostavat kiinnostavan kulttuurikokonaisuuden, jonka on m\u00e4\u00e4r\u00e4 valmistua ensi syksyn\u00e4.<\/p>\n<p class=\"aw-1gybjub aw-1p7kakr kEtdKx cEmitX yle__article__paragraph\">WAMin peruskorjauksessa suojellun rakennuksen sis\u00e4tiloja palautetaan alkuper\u00e4iseen asuunsa. Samalla kuvanveist\u00e4j\u00e4 <strong class=\"aw-ak79eh KyCXm yle__article__strong\">W\u00e4in\u00f6 Aaltosen<\/strong> (1894-1966) teokset saavat nimikkomuseosta lis\u00e4tilaa.<\/p>\n<p class=\"aw-1gybjub aw-1p7kakr kEtdKx cEmitX yle__article__paragraph\">Korkeuksiin nousevasta, viereisest\u00e4 Fuugasta on tulossa monipuolinen konserttitila ja kattoterassista kaupunkilaisten kohtaamispaikka.<\/p>\n<p>4. Ranskalaiskolmikko k\u00e4sittelee tanssiteoksessaan digiajan ilmi\u00f6it\u00e4<\/p>\n<p><img decoding=\"async\" alt=\"Tanssiryhm\u00e4 esiintyy energisesti lavalla ja luo voimakkaan visuaalisen vaikutelman modernissa koreografiassa. \" src=\"https:\/\/www.europesays.com\/fi\/wp-content\/uploads\/2026\/01\/39-15666056937d78432666.jpeg\" loading=\"lazy\" class=\"aw-1l9m598 hKVVvP\"\/><\/p>\n<p>Avaa kuvien katselu<\/p>\n<p>Kuva teoksesta Age of Content. (La)Horde \/ Ballet de Marseille tulee ensi kertaa Suomeen kev\u00e4\u00e4ll\u00e4 2026. Kuva: Pierre Gondard<\/p>\n<p class=\"aw-1gybjub aw-1p7kakr kEtdKx cEmitX yle__article__paragraph\">Nykytanssin aallonharjalla ratsastaa r\u00e4v\u00e4kk\u00e4 ranskalaiskolmikko, joka puhuttelee parhaiten ehk\u00e4 nuorta yleis\u00f6\u00e4. Se on nimennyt itsens\u00e4 laumaksi, (La)Horde.<\/p>\n<p class=\"aw-1gybjub aw-1p7kakr kEtdKx cEmitX yle__article__paragraph\">Taiteilijat tutustuivat toisiinsa yliopistolla ja Pariisin queer-klubiskeness\u00e4 2010-luvun alkupuolella. Kolmikko sekoittaa luontevasti tanssia, taidetta, muotia ja elokuvaa. Trio johtaa nyky\u00e4\u00e4n Marseillen kansallista balettia, ja siit\u00e4 on tullut heid\u00e4n ansiostaan yksi Euroopan kiinnostavimmista nykytanssiryhmist\u00e4.<\/p>\n<p class=\"aw-1gybjub aw-1p7kakr kEtdKx cEmitX yle__article__paragraph\">(La)Horde tulee ensi kertaa Suomeen ryhm\u00e4teoksella, jossa k\u00e4sitell\u00e4\u00e4n digiajan ilmi\u00f6it\u00e4: v\u00e4kivaltaa, deittailua, seksuaalisuutta ja tanssimeemej\u00e4. <strong class=\"aw-ak79eh KyCXm yle__article__strong\">Madonna<\/strong> kuuluu faneihin.<\/p>\n<p class=\"aw-1gybjub aw-1p7kakr kEtdKx cEmitX yle__article__paragraph\">(La)Horde \/ Ballet de Marseille: Age of Content Tanssin talossa 26.\u201328.5.<\/p>\n<p>5. The Blood of Dawnwalker on vampyyripelien uusi tuulahdus<\/p>\n<p><img decoding=\"async\" alt=\"Mustahiuksinen videopelihahmo selin kameraan. Taustalla keskiaikaisia kivirakennuksia.\" src=\"https:\/\/www.europesays.com\/fi\/wp-content\/uploads\/2026\/01\/39-1555736691c7ac31aca3.jpeg\" loading=\"lazy\" class=\"aw-1l9m598 hKVVvP\"\/><\/p>\n<p>Avaa kuvien katselu<\/p>\n<p>Pelin p\u00e4\u00e4henkil\u00f6 on puoliksi ihminen, puoliksi vampyyri. Kuva: Rebel Wolves<\/p>\n<p class=\"aw-1gybjub aw-1p7kakr kEtdKx cEmitX yle__article__paragraph\">Yksi koko pelialan odotetuimmista peleist\u00e4 ensi vuonna on Grand Theft Auto VI. Jos julkaisu kuitenkin<a class=\"aw-iao6s4 iHOxEa yle__article__link\" href=\"https:\/\/yle.fi\/a\/74-20192666\" role=\"link\" rel=\"nofollow noopener\" target=\"_blank\"> j\u00e4lleen ensi vuodelta siirtyy<\/a>, kannattaa siirt\u00e4\u00e4 katse The Blood of Dawnwalkeriin.<\/p>\n<p class=\"aw-1gybjub aw-1p7kakr kEtdKx cEmitX yle__article__paragraph\">The Blood of Dawnwalkerissa on tarinakeskeinen ote. P\u00e4\u00e4henkil\u00f6 Coen on puoliksi ihminen ja puoliksi vampyyri, jolla on vuorokaudenajasta riippuen erilaisia kykyj\u00e4. Pelaaja voi valinnoillaan vaikuttaa siihen, miten tarina etenee.<\/p>\n<p class=\"aw-1gybjub aw-1p7kakr kEtdKx cEmitX yle__article__paragraph\">Tulevaa rpg-peli\u00e4 kannattaa pit\u00e4\u00e4 silm\u00e4ll\u00e4 erityisesti, jos huippuarviot saanut The Witcher 3 piti otteessaan. Molempia pelej\u00e4 on ohjannut puolalainen <strong class=\"aw-ak79eh KyCXm yle__article__strong\">Konrad Tomaszkiewicz<\/strong>, mik\u00e4 n\u00e4kyy uuden pelin tyyliss\u00e4 sek\u00e4 synk\u00e4ss\u00e4 keskiaikaisessa tunnelmassa.<\/p>\n<p>6. Romaani nuoresta voimanaisesta<\/p>\n<p><img decoding=\"async\" alt=\"kirjailija Katja Kettu olkap\u00e4\u00e4t paljastavassa mustassa paidassa. H\u00e4nell\u00e4 on ruusutatuonnit olkap\u00e4iss\u00e4 ja kukkia hiuksissaan.\" src=\"https:\/\/www.europesays.com\/fi\/wp-content\/uploads\/2026\/01\/39-1556102691d9f4b45772.jpeg\" loading=\"lazy\" class=\"aw-1l9m598 hKVVvP\"\/><\/p>\n<p>Avaa kuvien katselu<\/p>\n<p>Katja Ketun romaani Brita-Kajsa julkaistaan helmikuussa. Kuva: Niclas M\u00e4kel\u00e4\/Otava<\/p>\n<p class=\"aw-1gybjub aw-1p7kakr kEtdKx cEmitX yle__article__paragraph\">Luen paljon ty\u00f6ss\u00e4 ja vapaa-ajalla tietokirjoja. Nyt kuitenkin alkuvuodesta ilmestyv\u00e4 romaani s\u00e4hk\u00f6isti minut. Lestadiolaisuuden synty Ruotsin Lapissa on aina kiehtonut mielt\u00e4ni. Kun luin, ett\u00e4 <strong class=\"aw-ak79eh KyCXm yle__article__strong\">Katja Kettu<\/strong> on kirjoittamassa kirjaa <strong class=\"aw-ak79eh KyCXm yle__article__strong\">Lars Levi Laestadiuksen<\/strong> vaimosta, tajusin, etten tied\u00e4 h\u00e4nest\u00e4 mit\u00e4\u00e4n.<\/p>\n<p class=\"aw-1gybjub aw-1p7kakr kEtdKx cEmitX yle__article__paragraph\">Katja Kettu on kirjoittanut kirjansa Brita-Kajsa, nuoresta voimanaisesta, joka oli mukana lappilaisen her\u00e4tysliikkeen synnyss\u00e4 1800-luvun puoliv\u00e4liss\u00e4. H\u00e4n synnytti my\u00f6s 15 lasta siin\u00e4 samalla, noissa oloissa, tuona aikana. Haluan tiet\u00e4\u00e4, miten se oli mahdollista.<\/p>\n<p class=\"aw-1gybjub aw-1p7kakr kEtdKx cEmitX yle__article__paragraph\">Brita-Kajsa ilmestyy helmikuussa Otavan kustantamana.<\/p>\n<p>7. Uusi pingiselokuva vaikuttaa lupaavan stressaavalta<\/p>\n<p><img decoding=\"async\" alt=\"Mies juoksee kiireisen n\u00e4k\u00f6isen\u00e4 kadulla.\" src=\"https:\/\/www.europesays.com\/fi\/wp-content\/uploads\/2026\/01\/39-15667186937f3cfe62d7.jpeg\" loading=\"lazy\" class=\"aw-1l9m598 hKVVvP\"\/><\/p>\n<p>Avaa kuvien katselu<\/p>\n<p>Kuva: A24<\/p>\n<p class=\"aw-1gybjub aw-1p7kakr kEtdKx cEmitX yle__article__paragraph\">Stressaavien elokuvien suurena yst\u00e4v\u00e4n\u00e4 odotan innolla tammikuussa ensi-iltaansa tulevaa Marty Supreme \u2013 Unelmoi isosti -elokuvaa.<\/p>\n<p class=\"aw-1gybjub aw-1p7kakr kEtdKx cEmitX yle__article__paragraph\">Ohjaaja <strong class=\"aw-ak79eh KyCXm yle__article__strong\">Josh Safdie<\/strong> tunnetaan elokuvista, joissa p\u00e4\u00e4henkil\u00f6t ovat jatkuvassa pinteess\u00e4, ongelmat kasautuvat kiihtyv\u00e4ll\u00e4 tahdilla ja kehenk\u00e4\u00e4n ei voi luottaa, v\u00e4hiten itseens\u00e4. T\u00e4llaisen kaaoksen katsominen turvallisen et\u00e4isyyden p\u00e4\u00e4st\u00e4 on ihanan rauhoittavaa alle kahden tunnin stressiannoksena!<\/p>\n<p class=\"aw-1gybjub aw-1p7kakr kEtdKx cEmitX yle__article__paragraph\">Uusi elokuva kertoo pingispelaajasta, joka menee mainoslauseen mukaan \u201dhelvettiin ja takaisin\u201d saavuttaakseen unelmansa.<\/p>\n<p class=\"aw-1gybjub aw-1p7kakr kEtdKx cEmitX yle__article__paragraph\">Marty Supreme \u2013 Unelmoi isosti (A24) elokuvateattereissa 23. tammikuuta.<\/p>\n<p>8. Virossa on otettu mallia UMK:sta, lopputulos on kiinnostava<\/p>\n<p><img decoding=\"async\" alt=\"Kolme naista poseeraa kameralle.\" src=\"https:\/\/www.europesays.com\/fi\/wp-content\/uploads\/2026\/01\/39-1568948693c144e69b69.jpeg\" loading=\"lazy\" class=\"aw-1l9m598 hKVVvP\"\/><\/p>\n<p>Avaa kuvien katselu<\/p>\n<p>Vanilla Ninja -yhtye osallistuu Viron viisukarsintaan eli Eesti laul -kisaan. B\u00e4ndi edusti Euroviisuissa Sveitsi\u00e4 vuonna 2005. Kuva: Ken M\u00fcrk\/ERR<\/p>\n<p class=\"aw-1gybjub aw-1p7kakr kEtdKx cEmitX yle__article__paragraph\">Suomalaiset ovat perinteisesti seuranneet Ruotsin euroviisukarsintaa Melodifestivalenia. Kev\u00e4\u00e4ll\u00e4 kannattaa suunnata katseensa vaihteeksi etel\u00e4naapuriin Viroon.<\/p>\n<p class=\"aw-1gybjub aw-1p7kakr kEtdKx cEmitX yle__article__paragraph\">Eesti Laul on selke\u00e4sti ottanut mallia meid\u00e4n Uuden Musiikin Kilpailusta. Viisuedustajan paikasta kisaavat 12 kappaletta on monipuolinen ja laadukas kattaus virolaista musiikkia hienoilla musiikkivideoilla h\u00f6ystettyn\u00e4. Videot voi katsoa <a class=\"aw-iao6s4 iHOxEa yle__article__link\" href=\"https:\/\/www.youtube.com\/playlist?list=PL01L6lGBoNb5_I3BrXgsZ3Vu9_Yy5BUbs\" role=\"link\" rel=\"nofollow noopener\" target=\"_blank\">Youtubessa<\/a>.<\/p>\n<p class=\"aw-1gybjub aw-1p7kakr kEtdKx cEmitX yle__article__paragraph\">Eesti Laul -finaali j\u00e4rjestet\u00e4\u00e4n Tallinnassa 14. helmikuuta.<\/p>\n<p>9. Romaanihenkil\u00f6n synty ja el\u00e4m\u00e4<\/p>\n<p><img decoding=\"async\" alt=\"Runoilija Sinikka Vuola (v. 2012)\" src=\"https:\/\/www.europesays.com\/fi\/wp-content\/uploads\/2026\/01\/39-6913175eeb51b6bdff8.jpeg\" loading=\"lazy\" class=\"aw-1l9m598 hKVVvP\"\/><\/p>\n<p>Avaa kuvien katselu<\/p>\n<p>Sinikka Vuola kirjoitti esseeteoksen romaanihenkil\u00f6st\u00e4 yhdess\u00e4 Tommi Melenderin kanssa. Kuva: Raili Tuikka \/ Yle<\/p>\n<p class=\"aw-1gybjub aw-1p7kakr kEtdKx cEmitX yle__article__paragraph\">Tutustuin kuluneena vuonna taas satoihin uusiin ihmisiin. Heist\u00e4 useimmat olivat kirjojen henkil\u00f6it\u00e4. Kirjailijoiden kanssa puhuimme heist\u00e4 kuin todellisista ihmisist\u00e4. Joukossa oli my\u00f6s muunlajisia: el\u00e4imi\u00e4 ja olentoja.<\/p>\n<p class=\"aw-1gybjub aw-1p7kakr kEtdKx cEmitX yle__article__paragraph\">Miten luodaan romaanihenkil\u00f6? Voiko romaania olla ilman henkil\u00f6it\u00e4? Tarvitseeko heist\u00e4 pit\u00e4\u00e4? Kuka tarinaa kertoo? S\u00e4hk\u00f6istyin, kun huomasin <strong class=\"aw-ak79eh KyCXm yle__article__strong\">Sinikka Vuolan<\/strong> ja <strong class=\"aw-ak79eh KyCXm yle__article__strong\">Tommi Melenderin<\/strong> esseeteoksen Romaanihenkil\u00f6n el\u00e4m\u00e4. Kirjoittajat tutkivat kirjojen henkil\u00f6hahmon merkityst\u00e4 eri suunnista. Kiehtovaa!<\/p>\n<p class=\"aw-1gybjub aw-1p7kakr kEtdKx cEmitX yle__article__paragraph\">Tommi Melender, Sinikka Vuola: Romaanihenkil\u00f6n el\u00e4m\u00e4 Henkil\u00f6kuvauksen taito. (WSOY 2026)<\/p>\n<p>10. Yoda-vauva hoivattavana kokopitk\u00e4ss\u00e4 elokuvassa<\/p>\n<p><img decoding=\"async\" alt=\"The Mandalorian tv-sarja.\" src=\"https:\/\/www.europesays.com\/fi\/wp-content\/uploads\/2026\/01\/39-83151260edc0f19ac33.jpeg\" loading=\"lazy\" class=\"aw-1l9m598 hKVVvP\"\/><\/p>\n<p>Avaa kuvien katselu<\/p>\n<p>T\u00e4lt\u00e4 Mandalorian (Pedro Pascal, vas.) ja Yoda-vauva n\u00e4yttiv\u00e4t The Mandalorian -sarjan toisella tuotantokaudella vuonna 2020. Kuva: AOP<\/p>\n<p class=\"aw-1gybjub aw-1p7kakr kEtdKx cEmitX yle__article__paragraph\"><strong class=\"aw-ak79eh KyCXm yle__article__strong\">Pedro Pascal<\/strong> n\u00e4htiin pelastavana ritarina Disneyn Star Wars -maailmaan sijoittuvassa Mandalorian-sarjassa, jossa h\u00e4n puolusti hurmaavaa, myrkynvihre\u00e4\u00e4 ja jokeltelevaa Baby Yodaa eli Grogua, seikkailusta toiseen.<\/p>\n<p class=\"aw-1gybjub aw-1p7kakr kEtdKx cEmitX yle__article__paragraph\">My\u00f6nn\u00e4n, ett\u00e4 polveni notkahtivat heti, kun Pascalin esitt\u00e4m\u00e4 Mandalorian-ritari Din Djarin alkoi sarjassa k\u00f6mpel\u00f6sti hoivata Yoda-vauvaa. Eih\u00e4n mik\u00e4\u00e4n ole vetoavampaa kuin vastuullinen avaruusis\u00e4 kokohaarniskassa! Toukokuussa 2026 t\u00e4t\u00e4 ihanuutta on luvassa kokopitk\u00e4n elokuvan verran, kun The Mandalorian and Grogu saapuu teattereihin.<\/p>\n<p class=\"aw-1gybjub aw-1p7kakr kEtdKx cEmitX yle__article__paragraph\">Kyynikot toki irvailevat, ett\u00e4 kyseess\u00e4 on vain Disneyn h\u00e4peilem\u00e4t\u00f6n rahastus s\u00f6p\u00f6ll\u00e4 Yoda-vauvalla ja lopputulos voi olla t\u00e4ytt\u00e4 kuraa.<\/p>\n<p class=\"aw-1gybjub aw-1p7kakr kEtdKx cEmitX yle__article__paragraph\">Mutta vaikka leffan mainokset pelottelevat ep\u00e4m\u00e4\u00e4r\u00e4isell\u00e4 \u201dmenetyksell\u00e4\u201d, ja fanit kauhistelevat sankarin kuolemaa, olen valmis. Sit\u00e4 paitsi sarjan luojan <strong class=\"aw-ak79eh KyCXm yle__article__strong\">Jon Favreaun<\/strong> ohjaamassa elokuvassa n\u00e4yttelee my\u00f6s <strong class=\"aw-ak79eh KyCXm yle__article__strong\">Sigourney Weaver<\/strong>.<\/p>\n<p class=\"aw-1gybjub aw-1p7kakr kEtdKx cEmitX yle__article__paragraph\">The Mandalorian and Grogu elokuvateattereissa toukokuussa 2026.<\/p>\n<p>11. Nallekarkit p\u00e4\u00e4osassa Espoon teatterin festivaalin esityksess\u00e4<\/p>\n<p><img decoding=\"async\" alt=\"Kuvassa nallekarkkeja lamppujen alla teatterilavalla.\" src=\"https:\/\/www.europesays.com\/fi\/wp-content\/uploads\/2026\/01\/39-1568955693c156029f59.jpeg\" loading=\"lazy\" class=\"aw-1l9m598 hKVVvP\"\/><\/p>\n<p>Avaa kuvien katselu<\/p>\n<p>Nallekarkeistakin saa tehty\u00e4 teatteria. Kuva: Sabina Murru \/ The Gummy Bears&#8217; Great War<\/p>\n<p class=\"aw-1gybjub aw-1p7kakr kEtdKx cEmitX yle__article__paragraph\">&amp; eli Espoon teatteri jatkaa superkiinnostavien esitysten tuomista Suomeen.<\/p>\n<p class=\"aw-1gybjub aw-1p7kakr kEtdKx cEmitX yle__article__paragraph\">&amp;Fest-nimisell\u00e4 festivaalilla n\u00e4hd\u00e4\u00e4n maaliskuussa esimerkiksi italialainen The Gummy Bears&#8217; Great War -esineteatteriesitys, jonka p\u00e4\u00e4henkil\u00f6in\u00e4 ovat nallekarkit.<\/p>\n<p class=\"aw-1gybjub aw-1p7kakr kEtdKx cEmitX yle__article__paragraph\">Palestiinalaisen Khashabi-teatterin Yes Daddy k\u00e4sittelee kahden eri-ik\u00e4isen miehen kohtaamista tilanteessa, jossa toinen on muistisairas. Kanadalaisten <strong class=\"aw-ak79eh KyCXm yle__article__strong\">Patrick Blankarnin<\/strong> ja <strong class=\"aw-ak79eh KyCXm yle__article__strong\">Milton Limin<\/strong> asses.masses.-esitys taas on yli seitsem\u00e4ntuntinen peli, jossa yleis\u00f6n on tarkoitus auttaa aaseja saamaan ty\u00f6paikkansa takaisin.<\/p>\n<p class=\"aw-1gybjub aw-1p7kakr kEtdKx cEmitX yle__article__paragraph\">Festarin teema sopii t\u00e4h\u00e4n aikaan. Tarkoituksena on opetella ymm\u00e4rt\u00e4m\u00e4\u00e4n itselle vieraita n\u00e4k\u00f6kulmia demokratian hengess\u00e4.<\/p>\n<p class=\"aw-1gybjub aw-1p7kakr kEtdKx cEmitX yle__article__paragraph\">Espoon teatterin &amp;Fest: Learning to disagree 5.\u201329.3.2026<\/p>\n<p>12. Norjalaiskomeetan romaanista syntyy suomalainen ooppera<\/p>\n<p><img decoding=\"async\" alt=\"Lavavstettu esityskuva. Mies valkoinen puku p\u00e4\u00e4ll\u00e4, mutta ilman housuja. Katsoo yl\u00f6s kohti ikkunasta tulevaa valoa. K\u00e4dess\u00e4 l\u00e4hes tyhj\u00e4 punaviinilasi. \" src=\"https:\/\/www.europesays.com\/fi\/wp-content\/uploads\/2026\/01\/39-1567446693969ab42e1b.jpeg\" loading=\"lazy\" class=\"aw-1l9m598 hKVVvP\"\/><\/p>\n<p>Avaa kuvien katselu<\/p>\n<p>Morgonstj\u00e4rn\u00e4-oopperassa taivaalle ilmestyv\u00e4 t\u00e4hti aiheuttaa outoa k\u00e4yt\u00f6st\u00e4 ihmisiss\u00e4 ja el\u00e4imiss\u00e4. Kuva: Anton Thompson Coon\/Kansallisooppera<\/p>\n<p class=\"aw-1gybjub aw-1p7kakr kEtdKx cEmitX yle__article__paragraph\">Uusi ooppera on aina tapaus. Suomen supernovan, <strong class=\"aw-ak79eh KyCXm yle__article__strong\">Sebastian Fagerlundin<\/strong> s\u00e4velt\u00e4m\u00e4 Morgonstj\u00e4rnan saa kantaesityksens\u00e4 Kansallisoopperassa tammikuussa.<\/p>\n<p class=\"aw-1gybjub aw-1p7kakr kEtdKx cEmitX yle__article__paragraph\">Libretto perustuu norjalaiskomeetan, <strong class=\"aw-ak79eh KyCXm yle__article__strong\">Karl<\/strong> <strong class=\"aw-ak79eh KyCXm yle__article__strong\">Ove Knausg\u00e5rdin<\/strong>, samannimiseen romaaniin.<\/p>\n<p class=\"aw-1gybjub aw-1p7kakr kEtdKx cEmitX yle__article__paragraph\">S\u00e4velt\u00e4j\u00e4 inspiroitui Aamut\u00e4hdest\u00e4, jossa selitt\u00e4m\u00e4t\u00f6n ja mystinen maailma t\u00f6rm\u00e4\u00e4 rationaaliseen nyky-yhteiskuntaan.<\/p>\n<p class=\"aw-1gybjub aw-1p7kakr kEtdKx cEmitX yle__article__paragraph\">Teoksen ohjaa Kansallisoopperan taiteellinen johtaja <strong class=\"aw-ak79eh KyCXm yle__article__strong\">Thomas de Mallet Burgess<\/strong>, jolle t\u00e4m\u00e4 on ensimm\u00e4inen ohjaus kotitalossaan. Libreton on kirjoittanut <strong class=\"aw-ak79eh KyCXm yle__article__strong\">Gunilla Hemming<\/strong>.<\/p>\n<p class=\"aw-1gybjub aw-1p7kakr kEtdKx cEmitX yle__article__paragraph\">Aamut\u00e4hden kantaesitys Kansallisoopperassa 30.1.2026.<\/p>\n<p>13. Teatteriesitys tutkii, voiko el\u00e4imelle opettaa ihmiskielt\u00e4<\/p>\n<p><img decoding=\"async\" alt=\"N\u00e4yttelij\u00e4 Anna Airola henkil\u00f6kuva\" src=\"https:\/\/www.europesays.com\/fi\/wp-content\/uploads\/2026\/01\/39-773961602952d1a90fc.jpeg\" loading=\"lazy\" class=\"aw-1l9m598 hKVVvP\"\/><\/p>\n<p>Avaa kuvien katselu<\/p>\n<p>Anna Airola n\u00e4hd\u00e4\u00e4n Pipsa Longan n\u00e4ytelm\u00e4ss\u00e4 Peter asui talossa \u2013 delfiini pisteest\u00e4 pisteeseen. Kuva: Tanja Heino \/ Yle<\/p>\n<p class=\"aw-1gybjub aw-1p7kakr kEtdKx cEmitX yle__article__paragraph\">Minua kiinnostaa ja melkein pelottaa <strong class=\"aw-ak79eh KyCXm yle__article__strong\">Pipsa Longan<\/strong> kirjoittama n\u00e4ytelm\u00e4, joka saa ensi-iltansa Espoon teatterissa helmikuussa 2026. Esitys on Wauhaus-kollektiivin tuotanto.<\/p>\n<p class=\"aw-1gybjub aw-1p7kakr kEtdKx cEmitX yle__article__paragraph\">Lonka on aiemminkin j\u00e4rkytt\u00e4nyt minua teoksillaan, joissa h\u00e4n pureutuu ihmisen ja el\u00e4imen v\u00e4lisiin suhteisiin.<\/p>\n<p class=\"aw-1gybjub aw-1p7kakr kEtdKx cEmitX yle__article__paragraph\">Uusi n\u00e4ytelm\u00e4 perustuu tosiel\u00e4m\u00e4n tieteelliseen kokeeseen, jossa delfiinille yritettiin opettaa englantia. Lonka n\u00e4ki kokeesta kertovan dokumenttielokuvan nimelt\u00e4 The Girl who Talked to Dolphins, ja alkoi tutkia tarkemmin dokumentin aihetta.<\/p>\n<p class=\"aw-1gybjub aw-1p7kakr kEtdKx cEmitX yle__article__paragraph\">Pipsa Lonka: Peter asui talossa \u2013 delfiini pisteest\u00e4 pisteeseen, ensi-ilta 9. helmikuuta 2026. Ohjaus <strong class=\"aw-ak79eh KyCXm yle__article__strong\">Juni Klein<\/strong>, rooleissa <strong class=\"aw-ak79eh KyCXm yle__article__strong\">Ria Kataja<\/strong>, <strong class=\"aw-ak79eh KyCXm yle__article__strong\">Iida Kuningas<\/strong> ja <strong class=\"aw-ak79eh KyCXm yle__article__strong\">Anna Airola<\/strong>.<\/p>\n<p>14. Ensimm\u00e4inen William Morrisin tuotantoa esittelev\u00e4 n\u00e4yttely Suomessa<\/p>\n<p><img decoding=\"async\" alt=\"Lintuja ja kukkia printattuna paperille.\" src=\"https:\/\/www.europesays.com\/fi\/wp-content\/uploads\/2026\/01\/39-1568995693c1a8e763f4.jpeg\" loading=\"lazy\" class=\"aw-1l9m598 hKVVvP\"\/><\/p>\n<p>Avaa kuvien katselu<\/p>\n<p>Kuva: William Morris Gallery, London Borough of Waltham Forest<\/p>\n<p class=\"aw-1gybjub aw-1p7kakr kEtdKx cEmitX yle__article__paragraph\">Brittil\u00e4isen taiteilijan ja kirjailijan <strong class=\"aw-ak79eh KyCXm yle__article__strong\">William Morrisin<\/strong> tummat ja utuiset kukalliset kuosit syntyiv\u00e4t 1800-luvulla. T\u00e4n\u00e4\u00e4n n\u00e4it\u00e4 kuoseja l\u00f6ytyy tapeteissa, lautasliinoissa ja k\u00e4nnyk\u00e4n kuorissa.<\/p>\n<p class=\"aw-1gybjub aw-1p7kakr kEtdKx cEmitX yle__article__paragraph\">William Morris on taas muodissa, ja se n\u00e4kyy varsinkin Tukholman katukuvassa ja kodeissa. Morrisin mielest\u00e4 hyv\u00e4 design kuuluu kaikille. H\u00e4n oli Arts &amp; Crafts -liikkeen keulakuva ja korosti k\u00e4sity\u00f6n merkityst\u00e4.<\/p>\n<p class=\"aw-1gybjub aw-1p7kakr kEtdKx cEmitX yle__article__paragraph\">Didrichsenin taidemuseo avaa 29. toukokuuta ensimm\u00e4isen William Morrisin (1834\u20131896) tuotantoa esittelev\u00e4n n\u00e4yttelyn Suo\u00admessa. N\u00e4yttelyn esineet ja luonnokset tulevat William Morris Galleryn ja William Morris Societyn kokoelmista.<\/p>\n<p class=\"aw-1gybjub aw-1p7kakr kEtdKx cEmitX yle__article__paragraph\">N\u00e4yttely syventyy my\u00f6s Morrisin ja suomalaistaiteilijoiden v\u00e4lisiin verkostoihin. N\u00e4yttelyss\u00e4 liikutaan unen\u00adomaisessa puutarhassa, historiassa ja legendojen maailmassa.<\/p>\n<p>15. Lahjakkaan ohjaajan Odysseia<\/p>\n<p><img decoding=\"async\" alt=\"Christopher Nolan heiluttaa k\u00e4tt\u00e4\u00e4 sinisess\u00e4 asussa ulkona.\" src=\"https:\/\/www.europesays.com\/fi\/wp-content\/uploads\/2026\/01\/39-15000786888b9aca0b9f.jpeg\" loading=\"lazy\" class=\"aw-1l9m598 hKVVvP\"\/><\/p>\n<p>Avaa kuvien katselu<\/p>\n<p>Odysseiaa on kuvattu muun muassa Burgheadin satamassa Skotlannissa. Christopher Nolan ikuistettiin paikan p\u00e4\u00e4ll\u00e4 hein\u00e4kuussa 2025. Kuva: Ken Goff \/ AOP<\/p>\n<p class=\"aw-1gybjub aw-1p7kakr kEtdKx cEmitX yle__article__paragraph\"><strong class=\"aw-ak79eh KyCXm yle__article__strong\">Christopher Nolan<\/strong> on parhaillaan tekem\u00e4ss\u00e4 omaa elokuvaversiotaan <strong class=\"aw-ak79eh KyCXm yle__article__strong\">Homeroksen<\/strong> Odysseiasta, ensi-ilta on hein\u00e4kuussa 2026.<\/p>\n<p class=\"aw-1gybjub aw-1p7kakr kEtdKx cEmitX yle__article__paragraph\">Odysseia on yksi t\u00e4rkeimmist\u00e4 l\u00e4nsimaisen kirjallisuuden l\u00e4ht\u00f6laukauksista, klassikkoeepos, joka on koottu suullisen perinteen pohjalta jo 700-luvulla eaa. Troijan sodasta palaileva Ithakan ovela kuningas Odysseus ajautuu vuosien harharetkelle samalla kun r\u00f6yhke\u00e4t kosijat piiritt\u00e4v\u00e4t h\u00e4nen vaimoaan Penelopea kotona ja k\u00e4rkkyv\u00e4t valtakuntaa.<\/p>\n<p class=\"aw-1gybjub aw-1p7kakr kEtdKx cEmitX yle__article__paragraph\">Odotukset ovat korkealla, koska tarina-aines on antiikin Kreikan mytologiasta ja historiasta rikas, seikkailullinen ja v\u00e4kevill\u00e4 tunteilla koukuttava. Nolan (Oppenheimer, Interstellar) on j\u00e4ttibudjettisen Hollywoodin lahjakkaimpia ohjaajia. Nolan kuvaa Odysseiasta imax-version 250 miljoonan dollarin budjetilla, p\u00e4\u00e4osassa <strong class=\"aw-ak79eh KyCXm yle__article__strong\">Matt Damon<\/strong>.<\/p>\n<p>16. Kulttiooppera Turussa \u2013 toivottavasti ei viimeist\u00e4 kertaa<\/p>\n<p><img decoding=\"async\" alt=\"Tuima nainen katsoo kameraan hattu p\u00e4\u00e4ss\u00e4.\" src=\"https:\/\/www.europesays.com\/fi\/wp-content\/uploads\/2026\/01\/39-15704546941100f0ee0f.jpeg\" loading=\"lazy\" class=\"aw-1l9m598 hKVVvP\"\/><\/p>\n<p>Avaa kuvien katselu<\/p>\n<p>Saaristo-oopperan P\u00e4ivi Nisula n\u00e4hd\u00e4\u00e4n p\u00e4\u00e4osassa Mahagonyn kaupungin nousu ja tuho -oopperassa. Kuva: Satu Kemppainen \/ Turun kaupunginteatteri<\/p>\n<p class=\"aw-1gybjub aw-1p7kakr kEtdKx cEmitX yle__article__paragraph\"><strong class=\"aw-ak79eh KyCXm yle__article__strong\">Kurt Weilin<\/strong> ja <strong class=\"aw-ak79eh KyCXm yle__article__strong\">Bertolt Brechtin<\/strong> kulttiteos Mahagonyn kaupungin nousu ja tuho on mielenkiintoisen oopperakev\u00e4\u00e4n tapauksia. Yhteiskuntakriittinen tarina vie katsojan juoppojen ja rikollisten seuraan aavikolle, jossa raha m\u00e4\u00e4ritt\u00e4\u00e4 ihmisen arvon.<\/p>\n<p class=\"aw-1gybjub aw-1p7kakr kEtdKx cEmitX yle__article__paragraph\">Tuotanto on jatkoa Saaristo-oopperan ja Turun kaupungin loistokkaalle yhteisty\u00f6lle. Viime vuonna saman poppoon produktio sai kolmetoista loppuunmyyty\u00e4 esityst\u00e4.<\/p>\n<p class=\"aw-1gybjub aw-1p7kakr kEtdKx cEmitX yle__article__paragraph\">Vuoden 2025 lopulla kuului kummia. Saaristo-oopperan perustaja <strong class=\"aw-ak79eh KyCXm yle__article__strong\">P\u00e4ivi Nisula<\/strong> kertoi sosiaalisessa mediassa, ettei Turun kaupunki en\u00e4\u00e4 jatka sopimuskumppanuutta Saaristo-oopperan kanssa. Kriteereit\u00e4 oli tiukennettu.<\/p>\n<p class=\"aw-1gybjub aw-1p7kakr kEtdKx cEmitX yle__article__paragraph\">Nisula totesi, ett\u00e4 oopperan aika taitaa Turussa olla ohi. Toivottavasti h\u00e4n on v\u00e4\u00e4r\u00e4ss\u00e4.<\/p>\n<p>17. Esikoiskirja, jota fanittavat Pedro Almod\u00f3var ja Dua Lipa<\/p>\n<p><img decoding=\"async\" alt=\"Henkil\u00f6 katsoo suoraan kameraan, k\u00e4si nostettuna kasvojen viereen, taustalla koristeellinen puinen ovi.\" src=\"https:\/\/www.europesays.com\/fi\/wp-content\/uploads\/2026\/01\/39-15718856943ee2ea2678.jpeg\" loading=\"lazy\" class=\"aw-1l9m598 hKVVvP\"\/><\/p>\n<p>Avaa kuvien katselu<\/p>\n<p>Paha tapa on kirjailija Alana S. Porteron esikoisromaani. Nuoren naisen selviytymistarina ilmestyi alkukielell\u00e4 espanjaksi vuonna 2023. Kuva: EPA-EFE<\/p>\n<p class=\"aw-1gybjub aw-1p7kakr kEtdKx cEmitX yle__article__paragraph\">1980-luvun Madridissa kukoistivat diktatuuriajan j\u00e4lkeen alakulttuurit ja y\u00f6el\u00e4m\u00e4, joiden s\u00e4hk\u00f6\u00e4 voi aistia <strong class=\"aw-ak79eh KyCXm yle__article__strong\">Pedro Almod\u00f3varin<\/strong> varhaisista elokuvista.<\/p>\n<p class=\"aw-1gybjub aw-1p7kakr kEtdKx cEmitX yle__article__paragraph\">Rakastan n\u00e4iden elokuvien viilt\u00e4v\u00e4\u00e4 ja oikukasta kauneutta, ja odotan nyt samoihin vuosiin sijoittuvaa <strong class=\"aw-ak79eh KyCXm yle__article__strong\">Alana S. Porteron<\/strong> esikoisromaania Paha tapa. Nuoren transnaisen selviytymistarina on Espanjan viime vuosien puhutuimpia kirjoja sek\u00e4 kansainv\u00e4linen menestysteos. Almod\u00f3var lukeutuu kirjan faneihin, samoin <strong class=\"aw-ak79eh KyCXm yle__article__strong\">Dua Lipa<\/strong>.<\/p>\n<p class=\"aw-1gybjub aw-1p7kakr kEtdKx cEmitX yle__article__paragraph\"><strong class=\"aw-ak79eh KyCXm yle__article__strong\">Sari Selander<\/strong> on suomentanut taidokkaasti monia muitakin viime vuosien kiinnostavimpia espanjankielisi\u00e4 kirjoja.<\/p>\n<p class=\"aw-1gybjub aw-1p7kakr kEtdKx cEmitX yle__article__paragraph\">Kirjailija Portero saapuu vieraaksi toukokuussa Helsinki Lit -kirjafestivaalille.<\/p>\n<p class=\"aw-1gybjub aw-1p7kakr kEtdKx cEmitX yle__article__paragraph\">Alana S. Portero: Paha tapa (La mala costumbre), suom. <strong class=\"aw-ak79eh KyCXm yle__article__strong\">Sari Selander<\/strong>. Into Kustannus, ilmestyy tammikuussa 2026.<\/p>\n<p class=\"aw-1gybjub aw-1p7kakr kEtdKx cEmitX yle__article__paragraph\">Korjattu 1.1.2026 kello 15.28: Unemployment Simulator 2018 julkaistaan 3. helmikuuta 2026. Jutussa oli aiemmin v\u00e4\u00e4r\u00e4 julkaisup\u00e4iv\u00e4.<\/p>\n","protected":false},"excerpt":{"rendered":"Mit\u00e4 peli\u00e4 pelaisi? Mink\u00e4 elokuvan katsoisi? Pit\u00e4isik\u00f6 l\u00e4hte\u00e4 teatteriin? N\u00e4ill\u00e4 vinkeill\u00e4 l\u00f6yd\u00e4t kiinnostavaa tekemist\u00e4 alkavalle vuodelle. 1. Omakohtainen&hellip;\n","protected":false},"author":2,"featured_media":131189,"comment_status":"","ping_status":"","sticky":false,"template":"","format":"standard","meta":{"footnotes":""},"categories":[130],"tags":[155,137,33,31,30,3525,108,967,32,109],"class_list":{"0":"post-131188","1":"post","2":"type-post","3":"status-publish","4":"format-standard","5":"has-post-thumbnail","7":"category-viihde","8":"tag-elokuvat","9":"tag-entertainment","10":"tag-fi","11":"tag-finland","12":"tag-finnish","13":"tag-konsertit","14":"tag-kulttuuri","15":"tag-nayttelyt","16":"tag-suomi","17":"tag-viihde"},"share_on_mastodon":{"url":"https:\/\/pubeurope.com\/@fi\/115823287014421093","error":""},"_links":{"self":[{"href":"https:\/\/www.europesays.com\/fi\/wp-json\/wp\/v2\/posts\/131188","targetHints":{"allow":["GET"]}}],"collection":[{"href":"https:\/\/www.europesays.com\/fi\/wp-json\/wp\/v2\/posts"}],"about":[{"href":"https:\/\/www.europesays.com\/fi\/wp-json\/wp\/v2\/types\/post"}],"author":[{"embeddable":true,"href":"https:\/\/www.europesays.com\/fi\/wp-json\/wp\/v2\/users\/2"}],"replies":[{"embeddable":true,"href":"https:\/\/www.europesays.com\/fi\/wp-json\/wp\/v2\/comments?post=131188"}],"version-history":[{"count":0,"href":"https:\/\/www.europesays.com\/fi\/wp-json\/wp\/v2\/posts\/131188\/revisions"}],"wp:featuredmedia":[{"embeddable":true,"href":"https:\/\/www.europesays.com\/fi\/wp-json\/wp\/v2\/media\/131189"}],"wp:attachment":[{"href":"https:\/\/www.europesays.com\/fi\/wp-json\/wp\/v2\/media?parent=131188"}],"wp:term":[{"taxonomy":"category","embeddable":true,"href":"https:\/\/www.europesays.com\/fi\/wp-json\/wp\/v2\/categories?post=131188"},{"taxonomy":"post_tag","embeddable":true,"href":"https:\/\/www.europesays.com\/fi\/wp-json\/wp\/v2\/tags?post=131188"}],"curies":[{"name":"wp","href":"https:\/\/api.w.org\/{rel}","templated":true}]}}