{"id":131196,"date":"2026-01-02T03:10:08","date_gmt":"2026-01-02T03:10:08","guid":{"rendered":"https:\/\/www.europesays.com\/fi\/131196\/"},"modified":"2026-01-02T03:10:08","modified_gmt":"2026-01-02T03:10:08","slug":"vaaralliseksi-todettu-ilves-lopetettiin-keuruulla-poliisi-pitaa-tapausta-erittain-poikkeuksellisena","status":"publish","type":"post","link":"https:\/\/www.europesays.com\/fi\/131196\/","title":{"rendered":"Vaaralliseksi todettu ilves lopetettiin Keuruulla \u2013 poliisi pit\u00e4\u00e4 tapausta eritt\u00e4in poikkeuksellisena"},"content":{"rendered":"<p>Lopetettu ilves p\u00e4\u00e4tyy tutkittavaksi ruokavirastoon.<\/p>\n<p class=\"article-body mb-nof-24 px-nof-16\">Ihmiselle vaaralliseksi todettu ilves lopetettiin Keuruulla maanantaina 29. joulukuuta 2025.<\/p>\n<p class=\"article-body mb-nof-24 px-nof-16\">Poliisi oli saanut tiedot pihapiireiss\u00e4 toistuvasti vierailleesta ilveksest\u00e4, joka oli l\u00e4hestynyt ulkoilijoita ja osoittanut aikeita hy\u00f6k\u00e4t\u00e4 ulkoilutettavien koirien kimppuun.<\/p>\n<p>Useita havaintoja<\/p>\n","protected":false},"excerpt":{"rendered":"Lopetettu ilves p\u00e4\u00e4tyy tutkittavaksi ruokavirastoon. Ihmiselle vaaralliseksi todettu ilves lopetettiin Keuruulla maanantaina 29. joulukuuta 2025. Poliisi oli saanut&hellip;\n","protected":false},"author":2,"featured_media":42840,"comment_status":"","ping_status":"","sticky":false,"template":"","format":"standard","meta":{"footnotes":""},"categories":[117],"tags":[33,31,30,72,476,118,32,171,119,477],"class_list":{"0":"post-131196","1":"post","2":"type-post","3":"status-publish","4":"format-standard","5":"has-post-thumbnail","7":"category-luonto","8":"tag-fi","9":"tag-finland","10":"tag-finnish","11":"tag-luonto","12":"tag-nature","13":"tag-science","14":"tag-suomi","15":"tag-suur-keuruu","16":"tag-tiede","17":"tag-wildlife"},"share_on_mastodon":{"url":"https:\/\/pubeurope.com\/@fi\/115823314338773636","error":""},"_links":{"self":[{"href":"https:\/\/www.europesays.com\/fi\/wp-json\/wp\/v2\/posts\/131196","targetHints":{"allow":["GET"]}}],"collection":[{"href":"https:\/\/www.europesays.com\/fi\/wp-json\/wp\/v2\/posts"}],"about":[{"href":"https:\/\/www.europesays.com\/fi\/wp-json\/wp\/v2\/types\/post"}],"author":[{"embeddable":true,"href":"https:\/\/www.europesays.com\/fi\/wp-json\/wp\/v2\/users\/2"}],"replies":[{"embeddable":true,"href":"https:\/\/www.europesays.com\/fi\/wp-json\/wp\/v2\/comments?post=131196"}],"version-history":[{"count":0,"href":"https:\/\/www.europesays.com\/fi\/wp-json\/wp\/v2\/posts\/131196\/revisions"}],"wp:featuredmedia":[{"embeddable":true,"href":"https:\/\/www.europesays.com\/fi\/wp-json\/wp\/v2\/media\/42840"}],"wp:attachment":[{"href":"https:\/\/www.europesays.com\/fi\/wp-json\/wp\/v2\/media?parent=131196"}],"wp:term":[{"taxonomy":"category","embeddable":true,"href":"https:\/\/www.europesays.com\/fi\/wp-json\/wp\/v2\/categories?post=131196"},{"taxonomy":"post_tag","embeddable":true,"href":"https:\/\/www.europesays.com\/fi\/wp-json\/wp\/v2\/tags?post=131196"}],"curies":[{"name":"wp","href":"https:\/\/api.w.org\/{rel}","templated":true}]}}