{"id":131197,"date":"2026-01-02T03:28:10","date_gmt":"2026-01-02T03:28:10","guid":{"rendered":"https:\/\/www.europesays.com\/fi\/131197\/"},"modified":"2026-01-02T03:28:10","modified_gmt":"2026-01-02T03:28:10","slug":"nakokulma-lohkovaihe-ei-viela-vastannut-kysymyksiin-nuorten-leijonien-tosipelit-vasta-edessa-etela-suomen-sanomat","status":"publish","type":"post","link":"https:\/\/www.europesays.com\/fi\/131197\/","title":{"rendered":"N\u00e4k\u00f6kulma | Lohkovaihe ei viel\u00e4 vastannut kysymyksiin \u2013 Nuorten Leijonien tosipelit vasta edess\u00e4 &#8211; Etel\u00e4-Suomen Sanomat"},"content":{"rendered":"<ol>\n<li><a href=\"https:\/\/news.google.com\/rss\/articles\/CBMiSkFVX3lxTFBobXZIbnFQVkVQYU9HWGxmQmJnRGRSMWl4RGZmOUZERkluZWYzdHMxZlVKZlpwOGlSbWZKWDc0Y0FrVXBtZndldTNR?oc=5\" target=\"_blank\" rel=\"nofollow noopener\">N\u00e4k\u00f6kulma | Lohkovaihe ei viel\u00e4 vastannut kysymyksiin \u2013 Nuorten Leijonien tosipelit vasta edess\u00e4<\/a>&nbsp;&nbsp;Etel\u00e4-Suomen Sanomat<\/li>\n<li><a href=\"https:\/\/news.google.com\/rss\/articles\/CBMiX0FVX3lxTFBsUVdaXzRaVklCMEVSYTZWakprLVU0N2dHcFRKV0ZKd2dTTVg2TmQ1a2JCeXRtS2V4M2huVjdpamUwcWlqU0cwTk1jT3FxQ183Z3R1V0pyM3VId3Z6Rm1Z?oc=5\" target=\"_blank\" rel=\"nofollow noopener\">T\u00e4m\u00e4 karmea moka koitui Nuorten Leijonien kohtaloksi \u2013 Petteri Rimpinen huusi niin kovaa kuin keuhkoista l\u00e4hti<\/a>&nbsp;&nbsp;Ilta-Sanomat<\/li>\n<li><a href=\"https:\/\/news.google.com\/rss\/articles\/CBMifkFVX3lxTE9hRXduSnFpYS1VQXJmdGhhZTFIeDZKRVFuUF9obWdPRUJQNGxnRlRJVDV1eU9hcUxkX19BN1ZLN2dialdhaWtSSXc5TUdnVlI2U25vM3lYcGR5aUJxczJuRTFUUlNFbm9ZeUl3Z05IVE5sTHU1Q3VKNWdqamJ2UQ?oc=5\" target=\"_blank\" rel=\"nofollow noopener\">T\u00e4ss\u00e4 on Suomen vastustaja kuolemanotteluun<\/a>&nbsp;&nbsp;Iltalehti<\/li>\n<li><a href=\"https:\/\/news.google.com\/rss\/articles\/CBMiQkFVX3lxTE0yR3hUbTJrQ280WXQ1a3JoSF8tZjBEcTJMYW5GZTR4eURfbERsSFpQWnlQQnpQcmZKMzk0ZzV2UGdMdw?oc=5\" target=\"_blank\" rel=\"nofollow noopener\">Ismo Lehkoselta hurja Barkov-vertaus Suomen supertalentista \u2013 j\u00e4rkyttyi Nuorten Leijonien virheist\u00e4<\/a>&nbsp;&nbsp;Yle<\/li>\n<li><a href=\"https:\/\/news.google.com\/rss\/articles\/CBMiXEFVX3lxTE9FRXQ2amprZzk2XzlVR200TEh2OTBHT1AwclQ0OEY3SmRSZ3pKSi03U1RBWURja3JUZ1VqRGhZVzB5bWdmVDFSN2pzZEFfQW1xX2hZWG9OZ0pjNUph?oc=5\" target=\"_blank\" rel=\"nofollow noopener\">J\u00e4\u00e4kiekko | Kanada antoi Nuorille Leijonille kyyti\u00e4 huipput\u00e4rke\u00e4ss\u00e4 MM-ottelussa \u2013 Aatos Koivu vilttiin<\/a>&nbsp;&nbsp;HS.fi<\/li>\n<\/ol>\n","protected":false},"excerpt":{"rendered":"N\u00e4k\u00f6kulma | Lohkovaihe ei viel\u00e4 vastannut kysymyksiin \u2013 Nuorten Leijonien tosipelit vasta edess\u00e4&nbsp;&nbsp;Etel\u00e4-Suomen Sanomat T\u00e4m\u00e4 karmea moka koitui&hellip;\n","protected":false},"author":2,"featured_media":131198,"comment_status":"","ping_status":"","sticky":false,"template":"","format":"standard","meta":{"footnotes":""},"categories":[158],"tags":[33,31,30,19756,23214,2780,21837,8750,159,3571,32,160,3765],"class_list":{"0":"post-131197","1":"post","2":"type-post","3":"status-publish","4":"format-standard","5":"has-post-thumbnail","7":"category-urheilu","8":"tag-fi","9":"tag-finland","10":"tag-finnish","11":"tag-jaakiekko-ottelu","12":"tag-jaakiekkomaajoukkue","13":"tag-leijonat","14":"tag-nuoret-leijonat","15":"tag-pelicans","16":"tag-sports","17":"tag-suomen-jaakiekkoliitto","18":"tag-suomi","19":"tag-urheilu","20":"tag-vierumaki"},"share_on_mastodon":{"url":"https:\/\/pubeurope.com\/@fi\/115823385308492755","error":""},"_links":{"self":[{"href":"https:\/\/www.europesays.com\/fi\/wp-json\/wp\/v2\/posts\/131197","targetHints":{"allow":["GET"]}}],"collection":[{"href":"https:\/\/www.europesays.com\/fi\/wp-json\/wp\/v2\/posts"}],"about":[{"href":"https:\/\/www.europesays.com\/fi\/wp-json\/wp\/v2\/types\/post"}],"author":[{"embeddable":true,"href":"https:\/\/www.europesays.com\/fi\/wp-json\/wp\/v2\/users\/2"}],"replies":[{"embeddable":true,"href":"https:\/\/www.europesays.com\/fi\/wp-json\/wp\/v2\/comments?post=131197"}],"version-history":[{"count":0,"href":"https:\/\/www.europesays.com\/fi\/wp-json\/wp\/v2\/posts\/131197\/revisions"}],"wp:featuredmedia":[{"embeddable":true,"href":"https:\/\/www.europesays.com\/fi\/wp-json\/wp\/v2\/media\/131198"}],"wp:attachment":[{"href":"https:\/\/www.europesays.com\/fi\/wp-json\/wp\/v2\/media?parent=131197"}],"wp:term":[{"taxonomy":"category","embeddable":true,"href":"https:\/\/www.europesays.com\/fi\/wp-json\/wp\/v2\/categories?post=131197"},{"taxonomy":"post_tag","embeddable":true,"href":"https:\/\/www.europesays.com\/fi\/wp-json\/wp\/v2\/tags?post=131197"}],"curies":[{"name":"wp","href":"https:\/\/api.w.org\/{rel}","templated":true}]}}