{"id":131199,"date":"2026-01-02T03:29:20","date_gmt":"2026-01-02T03:29:20","guid":{"rendered":"https:\/\/www.europesays.com\/fi\/131199\/"},"modified":"2026-01-02T03:29:20","modified_gmt":"2026-01-02T03:29:20","slug":"timo-jutila-kommentoi-seiskalle-visiittiaan-hesburgeriin","status":"publish","type":"post","link":"https:\/\/www.europesays.com\/fi\/131199\/","title":{"rendered":"Timo Jutila kommentoi Seiskalle visiitti\u00e4\u00e4n Hesburgeriin"},"content":{"rendered":"<p>            Seiskan arkisto &amp; lukijan kuva\n        <\/p>\n<p class=\"subtitle \">\u2013\u2009V\u00e4lill\u00e4 pit\u00e4\u00e4 herkutella, Juti naulaa Seiskalle.<\/p>\n<p class=\"article-content article-content-width !bg-background\">Seiska raportoi \u00e4skett\u00e4in l\u00e4tk\u00e4legenda , 62, taannoisesta Hesburger-visiitist\u00e4.<\/p>\n<p class=\"font-weight-bold m-font-weight-bold article-content article-content-width !bg-background\">Arkistovideolla Jutin miesluola:<\/p>\n<p class=\"article-content article-content-width !bg-background\">Koko kansan tuntema Juti on viime aikoina julistanut julkisuudessa terveellisempien el\u00e4m\u00e4ntapojen puolesta.<\/p>\n<p class=\"article-content article-content-width !bg-background\">Kev\u00e4\u00e4n 1995 maailmanmestari n\u00e4htiin hiljattain Olet mit\u00e4 sy\u00f6t -ohjelmassa, jossa h\u00e4nen ruokatottumuksensa rukattiin uuteen uskoon.<\/p>\n<p>        <a itemprop=\"url\" href=\"https:\/\/www.seiska.fi\/katso\/mika-muutos-nain-paljon-timo-jutilan-paino-putosi\/2004781\" rel=\"nofollow noopener\" target=\"_blank\"><\/p>\n<p>\nOlet mit\u00e4 sy\u00f6t\n<\/p>\n<p class=\"section-date\">\n        <strong class=\"article-section\" data-section=\"katso\"><br \/>\n            katso<br \/>\n        <\/strong><br \/>\n        27.11.2025 21:00\n    <\/p>\n<p>Mik\u00e4 muutos! N\u00e4in paljon Timo Jutilan paino putosi\n    <\/p>\n<p itemprop=\"description\" class=\"subtitle \">\n    Timo Jutila muutti elintapojaan Olet mit\u00e4 sy\u00f6t -ohjelman avulla.\n<\/p>\n<p>        <\/a><\/p>\n<p class=\"article-content article-content-width !bg-background\">Senkin j\u00e4lkeen Juti on antanut haastatteluita, joissa kertoo ruokailevansa nyky\u00e4\u00e4n aiempaa j\u00e4rkev\u00e4mmin.<\/p>\n<p class=\"article-content article-content-width !bg-background\">Siksi h\u00e4nen hiljattainen visiittins\u00e4 pikaruokaravintolaan nostatti kulmakarvoja kansalaisten keskuudessa.<\/p>\n<p>                <img decoding=\"async\" src=\"https:\/\/www.europesays.com\/fi\/wp-content\/uploads\/2026\/01\/2034767.webp.jpeg\" width=\"576\" height=\"720\" alt=\"Timo Jutila tykk\u00e4\u00e4 hedelmist\u00e4 \u2013 ja hampurilaisista.\" loading=\"lazy\" \/>            <\/p>\n<p>\n            Timo Jutila tykk\u00e4\u00e4 hedelmist\u00e4 \u2013 ja hampurilaisista.<br \/>\n            Matti Matikainen\n        <\/p>\n<p>K\u00e4rysi Hesburgerissa<\/p>\n<p class=\"article-content article-content-width !bg-background\">Hiljattain er\u00e4s kansalainen h\u00e4mm\u00e4styi melkoisesti \u00e4k\u00e4tty\u00e4\u00e4n Jutin jossain vaivan muualla kuin hedelm\u00e4osastolla.<\/p>\n<p class=\"article-content article-content-width !bg-background\">Seiskaan yhteytt\u00e4 ottanut silminn\u00e4kij\u00e4 kertoi bonganneensa Jutin Klaukkalan Hesburgerin edustalla.<\/p>\n<p>        <a itemprop=\"url\" href=\"https:\/\/www.seiska.fi\/katso\/timo-jutila-valehtelee-pippa-laukalle-tv-laakari-jarkyttyy\/2004705\" rel=\"nofollow noopener\" target=\"_blank\"><\/p>\n<p>\nTimo Jutila\n<\/p>\n<p class=\"section-date\">\n        <strong class=\"article-section\" data-section=\"katso\"><br \/>\n            katso<br \/>\n        <\/strong><br \/>\n        27.11.2025 05:15\n    <\/p>\n<p>Timo Jutila valehtelee Pippa Laukalle \u2013 tv-l\u00e4\u00e4k\u00e4ri j\u00e4rkyttyy\n    <\/p>\n<p itemprop=\"description\" class=\"subtitle \">\n    Timo Jutilan elintavat ovat retuper\u00e4ll\u00e4. Lihajalosteita ja limsaa rakastava kiekkolegenda joutuu hyvinvointil\u00e4\u00e4k\u00e4ri Pippa Laukan syyniin Olet mit\u00e4 sy\u00f6t -ohjelmassa.\n<\/p>\n<p>        <\/a><\/p>\n<p class=\"article-content article-content-width !bg-background\">\u2013\u2009Olin juuri lukenut iltap\u00e4iv\u00e4lehdest\u00e4, kuinka Juti on aloittanut terveellisemm\u00e4n el\u00e4m\u00e4n. Ja sitten h\u00e4n tuleekin vastaan Hesess\u00e4, Seiskalle taivasteltiin.<\/p>\n<p>                <img decoding=\"async\" src=\"https:\/\/www.europesays.com\/fi\/wp-content\/uploads\/2026\/01\/2034771.webp.jpeg\" width=\"576\" height=\"720\" alt=\"L\u00e4tk\u00e4legenda osallistui Olet mit\u00e4 sy\u00f6t -ohjelmaan.\" loading=\"lazy\" \/>            <\/p>\n<p>\n            L\u00e4tk\u00e4legenda osallistui Olet mit\u00e4 sy\u00f6t -ohjelmaan.<br \/>\n            Timo Korhonen\n        <\/p>\n<p>Roskaruokaa maasturiin<\/p>\n<p class=\"article-content article-content-width !bg-background\">My\u00f6s l\u00e4tk\u00e4legendan asuste kiinnitti kansalaisen huomion. Silminn\u00e4kij\u00e4 kertoo kummastelleensa erityisesti Jutin housuvalintaa.<\/p>\n<p class=\"article-content article-content-width !bg-background\">\u2013\u2009Ne n\u00e4yttiv\u00e4t aivan y\u00f6housuilta. Sellaiset ruudulliset.<\/p>\n<p>        <a itemprop=\"url\" href=\"https:\/\/www.seiska.fi\/katso\/pippa-laukalta-suora-mielipide-ozempic-laihduttamisesta\/1967798\" rel=\"nofollow noopener\" target=\"_blank\"><\/p>\n<p>\nPippa Laukka\n<\/p>\n<p class=\"section-date\">\n        <strong class=\"article-section\" data-section=\"katso\"><br \/>\n            katso<br \/>\n        <\/strong><br \/>\n        21.10.2025 06:15\n    <\/p>\n<p>Pippa Laukalta suora mielipide Ozempic-laihduttamisesta\n    <\/p>\n<p itemprop=\"description\" class=\"subtitle \">\n    Julkkisl\u00e4\u00e4k\u00e4ri my\u00f6nt\u00e4\u00e4, ett\u00e4 h\u00e4ness\u00e4 on paljon ep\u00e4varmuuksia ja keskener\u00e4isyytt\u00e4.\n<\/p>\n<p>        <\/a><\/p>\n<p class=\"article-content article-content-width !bg-background\">\u2013\u2009Juti ei j\u00e4\u00e4nyt Heseen sy\u00f6m\u00e4\u00e4n, vaan kantoi kassillisen roskaruokaa katumaasturiinsa, Klaukkalasta kerrottiin.<\/p>\n<p class=\"article-content article-content-width !bg-background\">Kyseinen Audi Q7-\u00f6kymaasturi on merkitty er\u00e4\u00e4n pankin omistamaksi. Haltijana toimii Jutilan JetSetClub Oy.<\/p>\n<p>                <img decoding=\"async\" src=\"https:\/\/www.europesays.com\/fi\/wp-content\/uploads\/2026\/01\/2034759.webp.jpeg\" width=\"576\" height=\"639\" alt=\"Juti lastasi herkkunsa Audin \u00f6kymaasturiinsa.\" loading=\"lazy\" \/>            <\/p>\n<p>\n            Juti lastasi herkkunsa Audin \u00f6kymaasturiinsa.<br \/>\n            Lukijan kuva\n        <\/p>\n<p>Nyt puhuu Juti<\/p>\n<p class=\"article-content article-content-width !bg-background\">Seiska tavoitti Jutin tiistaina kommentoimaan taannoista hampurilaisretke\u00e4\u00e4n. Suoraselk\u00e4inen herra Jutila my\u00f6nsi auliisti silminn\u00e4kij\u00e4havainnot todeksi.<\/p>\n<p class=\"article-content article-content-width !bg-background\">\u2013\u2009V\u00e4lill\u00e4 pit\u00e4\u00e4 herkutella. Mutta edelleen menee eritt\u00e4in paljon paprikaa ja porkkanaakin. Se on fakta, Juti naulaa.<\/p>\n<p class=\"article-content article-content-width !bg-background\">Sen verran Jutila kuitenkin korjaa, ettei h\u00e4nell\u00e4 suinkaan ollut y\u00f6housut jalassa.<\/p>\n<p class=\"article-content article-content-width !bg-background\">\u2013\u2009Ne oli m\u00f6kkihousut.<\/p>\n<p class=\"font-weight-bold m-font-weight-bold article-content article-content-width !bg-background\">Mik\u00e4 mahtaa olla sir Jutin bravuuri Hesess\u00e4?<\/p>\n<p class=\"article-content article-content-width !bg-background\">\u2013\u2009Ky\u00e4 se o tuplajuusto.<\/p>\n<p>                <img decoding=\"async\" src=\"https:\/\/www.europesays.com\/fi\/wp-content\/uploads\/2026\/01\/2034775.webp.jpeg\" width=\"576\" height=\"322\" alt=\"Timo Jutila on itseoikeutettu Leijona-legenda.\" loading=\"lazy\" \/>            <\/p>\n<p>\n            Timo Jutila on itseoikeutettu Leijona-legenda.<br \/>\n            Matti Raivio\n        <\/p>\n","protected":false},"excerpt":{"rendered":"Seiskan arkisto &amp; lukijan kuva \u2013\u2009V\u00e4lill\u00e4 pit\u00e4\u00e4 herkutella, Juti naulaa Seiskalle. Seiska raportoi \u00e4skett\u00e4in l\u00e4tk\u00e4legenda , 62, taannoisesta&hellip;\n","protected":false},"author":2,"featured_media":131200,"comment_status":"","ping_status":"","sticky":false,"template":"","format":"standard","meta":{"footnotes":""},"categories":[130],"tags":[23215,137,33,31,30,14104,5966,4177,32,167,15128,23216,109],"class_list":{"0":"post-131199","1":"post","2":"type-post","3":"status-publish","4":"format-standard","5":"has-post-thumbnail","7":"category-viihde","8":"tag-elamantavat","9":"tag-entertainment","10":"tag-fi","11":"tag-finland","12":"tag-finnish","13":"tag-hampurilainen","14":"tag-hesburger","15":"tag-olet-mita-syot","16":"tag-suomi","17":"tag-terveys","18":"tag-timo-jutila","19":"tag-tuplajuusto","20":"tag-viihde"},"share_on_mastodon":{"url":"https:\/\/pubeurope.com\/@fi\/115823389159326956","error":""},"_links":{"self":[{"href":"https:\/\/www.europesays.com\/fi\/wp-json\/wp\/v2\/posts\/131199","targetHints":{"allow":["GET"]}}],"collection":[{"href":"https:\/\/www.europesays.com\/fi\/wp-json\/wp\/v2\/posts"}],"about":[{"href":"https:\/\/www.europesays.com\/fi\/wp-json\/wp\/v2\/types\/post"}],"author":[{"embeddable":true,"href":"https:\/\/www.europesays.com\/fi\/wp-json\/wp\/v2\/users\/2"}],"replies":[{"embeddable":true,"href":"https:\/\/www.europesays.com\/fi\/wp-json\/wp\/v2\/comments?post=131199"}],"version-history":[{"count":0,"href":"https:\/\/www.europesays.com\/fi\/wp-json\/wp\/v2\/posts\/131199\/revisions"}],"wp:featuredmedia":[{"embeddable":true,"href":"https:\/\/www.europesays.com\/fi\/wp-json\/wp\/v2\/media\/131200"}],"wp:attachment":[{"href":"https:\/\/www.europesays.com\/fi\/wp-json\/wp\/v2\/media?parent=131199"}],"wp:term":[{"taxonomy":"category","embeddable":true,"href":"https:\/\/www.europesays.com\/fi\/wp-json\/wp\/v2\/categories?post=131199"},{"taxonomy":"post_tag","embeddable":true,"href":"https:\/\/www.europesays.com\/fi\/wp-json\/wp\/v2\/tags?post=131199"}],"curies":[{"name":"wp","href":"https:\/\/api.w.org\/{rel}","templated":true}]}}