{"id":131204,"date":"2026-01-02T03:34:08","date_gmt":"2026-01-02T03:34:08","guid":{"rendered":"https:\/\/www.europesays.com\/fi\/131204\/"},"modified":"2026-01-02T03:34:08","modified_gmt":"2026-01-02T03:34:08","slug":"makuuhuoneessa-rajaytetty-ilotulite-sai-aikaan-rajun-asuntopalon-tampereen-hervannassa","status":"publish","type":"post","link":"https:\/\/www.europesays.com\/fi\/131204\/","title":{"rendered":"Makuuhuoneessa r\u00e4j\u00e4ytetty ilotulite sai aikaan rajun asuntopalon Tampereen Hervannassa"},"content":{"rendered":"<p>Pelastuslaitos pelasti asuntoon j\u00e4\u00e4neen kissan.<\/p>\n<p>1.1. 7:14 | P\u00e4ivitetty 1.1. 8:29<\/p>\n<p class=\"article-body mb-nof-24 px-nof-16\">Aamulehti<\/p>\n<p class=\"article-body mb-nof-24 px-nof-16\">Sis\u00e4ll\u00e4 asunnossa r\u00e4j\u00e4ytetty ilotulite sytytti tulipalon Tampereen Hervannassa uudenvuodenaattona.<\/p>\n<p class=\"article-body mb-nof-24 px-nof-16\">Viisikerroksisen kerrostalon nelj\u00e4nnen kerroksen asunnossa syttyi huoneistopalo, ja asunto paloi asumiskelvottomaan kuntoon.<\/p>\n<p class=\"article-body mb-nof-24 px-nof-16\">Pirkanmaan pelastuslaitos sai h\u00e4lytyksen paikalle S\u00e4hk\u00f6raitille hieman ennen kello yht\u00e4toista. Kukaan ei loukkaantunut tilanteessa. Kaikki asunnossa olleet ehtiv\u00e4t poistua asunnosta palon huomattuaan.<\/p>\n<p class=\"article-body mb-nof-24 px-nof-16\">Pelastuslaitos sammutti voimakkaan tulipalon ja pelasti asuntoon j\u00e4\u00e4neen kissan. Palo ei enn\u00e4tt\u00e4nyt levit\u00e4 syttymisasunnosta rakennuksen muihin osiin.<\/p>\n<p class=\"article-body mb-nof-24 px-nof-16\">Pirkanmaan pelastuslaitoksen mukaan asunnossa oli uudenvuoden juhlinta k\u00e4ynniss\u00e4. Paikalla oli sek\u00e4 nuoria ett\u00e4 aikuisia.<\/p>\n<p class=\"article-body mb-nof-24 px-nof-16\">Pirkanmaan pelastuslaitoksen p\u00e4ivyst\u00e4v\u00e4 palomestari <a class=\"font-bold underline-offset-[0.12em] [text-decoration:var(--person-link-text-decoration)] ![text-decoration-color:var(--person-link-text-decoration-color)]\" href=\"https:\/\/www.aamulehti.fi\/haku\/?query=Sakari%20Bragge\" rel=\"nofollow noopener\" target=\"_blank\">Sakari Bragge<\/a> kertoo, ett\u00e4 ilotulite oli sytytetty asunnon makuuhuoneessa.<\/p>\n<p class=\"article-body mb-nof-24 px-nof-16\">Ilotulite sytytti s\u00e4ngyn, vaatteita ja muita tekstiilej\u00e4.<\/p>\n<p class=\"article-body mb-nof-24 px-nof-16\">\u201dIhan voimakas palo oli. Kyll\u00e4 asunnossa sellainen pintaremontti joudutaan tekem\u00e4\u00e4n. Palo rajoittui makuukammariin \u2013 v\u00e4liovi oli sen verran pit\u00e4nyt.\u201d<\/p>\n<p class=\"article-body mb-nof-24 px-nof-16\">Savua levisi v\u00e4h\u00e4n yl\u00e4puolisiin asuntoihin, ja kerrostaloon j\u00e4i palosta pieni hajuhaitta. Palaneesta asunnosta poistuneet olivat j\u00e4tt\u00e4neet ulko-oven auki, niin savua oli levinnyt rappuk\u00e4yt\u00e4v\u00e4\u00e4n.<\/p>\n<p class=\"article-body mb-nof-24 px-nof-16\">Braggelle on uralla tullut vastaan muitakin asunnossa sytytettyj\u00e4 ilotulitteita.<\/p>\n<p class=\"article-body mb-nof-24 px-nof-16\">\u201dTuntuu, ett\u00e4 ihmiset ovat v\u00e4linpit\u00e4m\u00e4tt\u00f6mi\u00e4.\u201d<\/p>\n<p class=\"article-body mb-nof-24 px-nof-16\">Pelastuslaitokselta kohteessa oli kuusi, ensihoidolta kolme ja poliisilta nelj\u00e4 yksikk\u00f6\u00e4.<\/p>\n<p class=\"article-body nof-ui-body-medium mb-nof-24 px-nof-16\">T\u00e4m\u00e4 oli p\u00e4ivittyv\u00e4 uutinen.<\/p>\n","protected":false},"excerpt":{"rendered":"Pelastuslaitos pelasti asuntoon j\u00e4\u00e4neen kissan. 1.1. 7:14 | P\u00e4ivitetty 1.1. 8:29 Aamulehti Sis\u00e4ll\u00e4 asunnossa r\u00e4j\u00e4ytetty ilotulite sytytti tulipalon&hellip;\n","protected":false},"author":2,"featured_media":1431,"comment_status":"","ping_status":"","sticky":false,"template":"","format":"standard","meta":{"footnotes":""},"categories":[12],"tags":[157,22,23,26,27,33,31,30,17,24,25,28,29,15,18,21,32,19,20,16],"class_list":{"0":"post-131204","1":"post","2":"type-post","3":"status-publish","4":"format-standard","5":"has-post-thumbnail","7":"category-suomi","8":"tag-aamulehti","9":"tag-breaking-news","10":"tag-breakingnews","11":"tag-featured-news","12":"tag-featurednews","13":"tag-fi","14":"tag-finland","15":"tag-finnish","16":"tag-headlines","17":"tag-latest-news","18":"tag-latestnews","19":"tag-main-news","20":"tag-mainnews","21":"tag-news","22":"tag-otsikot","23":"tag-paauutiset","24":"tag-suomi","25":"tag-top-stories","26":"tag-topstories","27":"tag-uutiset"},"share_on_mastodon":{"url":"https:\/\/pubeurope.com\/@fi\/115823408761301986","error":""},"_links":{"self":[{"href":"https:\/\/www.europesays.com\/fi\/wp-json\/wp\/v2\/posts\/131204","targetHints":{"allow":["GET"]}}],"collection":[{"href":"https:\/\/www.europesays.com\/fi\/wp-json\/wp\/v2\/posts"}],"about":[{"href":"https:\/\/www.europesays.com\/fi\/wp-json\/wp\/v2\/types\/post"}],"author":[{"embeddable":true,"href":"https:\/\/www.europesays.com\/fi\/wp-json\/wp\/v2\/users\/2"}],"replies":[{"embeddable":true,"href":"https:\/\/www.europesays.com\/fi\/wp-json\/wp\/v2\/comments?post=131204"}],"version-history":[{"count":0,"href":"https:\/\/www.europesays.com\/fi\/wp-json\/wp\/v2\/posts\/131204\/revisions"}],"wp:featuredmedia":[{"embeddable":true,"href":"https:\/\/www.europesays.com\/fi\/wp-json\/wp\/v2\/media\/1431"}],"wp:attachment":[{"href":"https:\/\/www.europesays.com\/fi\/wp-json\/wp\/v2\/media?parent=131204"}],"wp:term":[{"taxonomy":"category","embeddable":true,"href":"https:\/\/www.europesays.com\/fi\/wp-json\/wp\/v2\/categories?post=131204"},{"taxonomy":"post_tag","embeddable":true,"href":"https:\/\/www.europesays.com\/fi\/wp-json\/wp\/v2\/tags?post=131204"}],"curies":[{"name":"wp","href":"https:\/\/api.w.org\/{rel}","templated":true}]}}