{"id":131205,"date":"2026-01-02T03:35:08","date_gmt":"2026-01-02T03:35:08","guid":{"rendered":"https:\/\/www.europesays.com\/fi\/131205\/"},"modified":"2026-01-02T03:35:08","modified_gmt":"2026-01-02T03:35:08","slug":"ainakin-kuusi-ihmista-kuollut-iranin-mielenosoituksissa-uutisia-lyhyesti","status":"publish","type":"post","link":"https:\/\/www.europesays.com\/fi\/131205\/","title":{"rendered":"Ainakin kuusi ihmist\u00e4 kuollut Iranin mielenosoituksissa | Uutisia lyhyesti"},"content":{"rendered":"<p class=\"aw-1gybjub aw-5vja16 kEtdKx kmuxyA yle__article__paragraph\">Mielenosoitukset saivat alkunsa huonosta taloustilantesta.<\/p>\n<p><img decoding=\"async\" alt=\"Iso joukko ihmisi\u00e4 k\u00e4velee siltaa pitkin.\" src=\"https:\/\/www.europesays.com\/fi\/wp-content\/uploads\/2026\/01\/39-157596769550a7118a7b.jpeg\" class=\"aw-1l9m598 hKVVvP\"\/><\/p>\n<p>Avaa kuvien katselu<\/p>\n<p>Ihmiset osoittivat mielt\u00e4\u00e4n Teheranissa 29. joulukuuta. Kuva: EPA<\/p>\n<p>1.1. 20:16\u2022P\u00e4ivitetty 1.1. 22:04<\/p>\n<p class=\"aw-1gybjub aw-1p7kakr kEtdKx cEmitX yle__article__paragraph\">Iranissa viime viikonloppuna puhjenneissa mielenosoituksissa on kuollut ainakin kuusi ihmist\u00e4.<\/p>\n<p class=\"aw-1gybjub aw-1p7kakr kEtdKx cEmitX yle__article__paragraph\">Iranilaisen uutistoimisto Farsin mukaan tuoreissa yhteenotoissa mielenosoittajien ja turvallisuusjoukkojen v\u00e4lill\u00e4 kuoli kolme ihmist\u00e4 ja loukkaantui parikymment\u00e4 L\u00e4nsi-Iranissa uudenvuodenp\u00e4iv\u00e4n\u00e4 torstaina. Uhrit olivat tiett\u00e4v\u00e4sti siviilej\u00e4.<\/p>\n<p class=\"aw-1gybjub aw-1p7kakr kEtdKx cEmitX yle__article__paragraph\">Aiemmin torstaina Fars kertoi kahden siviilin kuolleen yhteenotoissa turvallisuusjoukkojen ja mielenosoittajien v\u00e4lill\u00e4 maan lounaisosassa.<\/p>\n<p class=\"aw-1gybjub aw-1p7kakr kEtdKx cEmitX yle__article__paragraph\">Samana p\u00e4iv\u00e4n\u00e4 Iranin valtiontelevisio raportoi, ett\u00e4 yksi turvallisuusjoukkojen j\u00e4sen sai surmansa mielenosoituksissa Iranin l\u00e4nsiosassa.<\/p>\n<p class=\"aw-1gybjub aw-1p7kakr kEtdKx cEmitX yle__article__paragraph\">Iranilaisen uutistoimisto Tasnimin mukaan viranomaiset ovat ottaneet kiinni 30 ihmist\u00e4 ep\u00e4iltyin\u00e4 j\u00e4rjestysh\u00e4iri\u00f6ist\u00e4.<\/p>\n<p class=\"aw-1gybjub aw-1p7kakr kEtdKx cEmitX yle__article__paragraph\">Mielenosoitukset alkoivat sunnuntaina Iranin p\u00e4\u00e4kaupungissa Teheranissa, kun kauppiaat ryhtyiv\u00e4t lakkoon korkeiden hintojen, Iranin valuutan arvon heikkenemisen ja kehnon talouskehityksen takia. Sittemmin mielenosoitukset ovat levinneet muualle Iraniin.<\/p>\n<p class=\"aw-1gybjub aw-1p7kakr kEtdKx cEmitX yle__article__paragraph\">L\u00e4hteet: Reuters, STT-AFP<\/p>\n","protected":false},"excerpt":{"rendered":"Mielenosoitukset saivat alkunsa huonosta taloustilantesta. Avaa kuvien katselu Ihmiset osoittivat mielt\u00e4\u00e4n Teheranissa 29. joulukuuta. Kuva: EPA 1.1. 20:16\u2022P\u00e4ivitetty&hellip;\n","protected":false},"author":2,"featured_media":131206,"comment_status":"","ping_status":"","sticky":false,"template":"","format":"standard","meta":{"footnotes":""},"categories":[5],"tags":[22,23,26,27,33,31,30,17,3648,992,24,25,996,28,29,2571,15,18,21,32,5818,19,20,56,16],"class_list":{"0":"post-131205","1":"post","2":"type-post","3":"status-publish","4":"format-standard","5":"has-post-thumbnail","7":"category-otsikot","8":"tag-breaking-news","9":"tag-breakingnews","10":"tag-featured-news","11":"tag-featurednews","12":"tag-fi","13":"tag-finland","14":"tag-finnish","15":"tag-headlines","16":"tag-iran","17":"tag-lahi-ita","18":"tag-latest-news","19":"tag-latestnews","20":"tag-levottomuudet","21":"tag-main-news","22":"tag-mainnews","23":"tag-mielenosoitukset","24":"tag-news","25":"tag-otsikot","26":"tag-paauutiset","27":"tag-suomi","28":"tag-teheran","29":"tag-top-stories","30":"tag-topstories","31":"tag-ulkomaat","32":"tag-uutiset"},"share_on_mastodon":{"url":"https:\/\/pubeurope.com\/@fi\/115823412708502578","error":""},"_links":{"self":[{"href":"https:\/\/www.europesays.com\/fi\/wp-json\/wp\/v2\/posts\/131205","targetHints":{"allow":["GET"]}}],"collection":[{"href":"https:\/\/www.europesays.com\/fi\/wp-json\/wp\/v2\/posts"}],"about":[{"href":"https:\/\/www.europesays.com\/fi\/wp-json\/wp\/v2\/types\/post"}],"author":[{"embeddable":true,"href":"https:\/\/www.europesays.com\/fi\/wp-json\/wp\/v2\/users\/2"}],"replies":[{"embeddable":true,"href":"https:\/\/www.europesays.com\/fi\/wp-json\/wp\/v2\/comments?post=131205"}],"version-history":[{"count":0,"href":"https:\/\/www.europesays.com\/fi\/wp-json\/wp\/v2\/posts\/131205\/revisions"}],"wp:featuredmedia":[{"embeddable":true,"href":"https:\/\/www.europesays.com\/fi\/wp-json\/wp\/v2\/media\/131206"}],"wp:attachment":[{"href":"https:\/\/www.europesays.com\/fi\/wp-json\/wp\/v2\/media?parent=131205"}],"wp:term":[{"taxonomy":"category","embeddable":true,"href":"https:\/\/www.europesays.com\/fi\/wp-json\/wp\/v2\/categories?post=131205"},{"taxonomy":"post_tag","embeddable":true,"href":"https:\/\/www.europesays.com\/fi\/wp-json\/wp\/v2\/tags?post=131205"}],"curies":[{"name":"wp","href":"https:\/\/api.w.org\/{rel}","templated":true}]}}