{"id":131207,"date":"2026-01-02T03:50:08","date_gmt":"2026-01-02T03:50:08","guid":{"rendered":"https:\/\/www.europesays.com\/fi\/131207\/"},"modified":"2026-01-02T03:50:08","modified_gmt":"2026-01-02T03:50:08","slug":"uudet-opinnot-ja-paluu-salkkareihin","status":"publish","type":"post","link":"https:\/\/www.europesays.com\/fi\/131207\/","title":{"rendered":"Uudet opinnot ja paluu Salkkareihin"},"content":{"rendered":"<p>Alissa Nikkist\u00e4 n\u00e4yttelev\u00e4 Johanna Puhakka palaa Salattuihin el\u00e4miin kuuden vuoden tauon j\u00e4lkeen.<\/p>\n<p class=\"paragraph\">N\u00e4yttelij\u00e4 <a href=\"https:\/\/www.iltalehti.fi\/henkilot\/Johanna Puhakka\" class=\"article-link-person-page\" rel=\"nofollow noopener\" target=\"_blank\">Johanna Puhakka<\/a> tekee paluun Salatut el\u00e4m\u00e4t -sarjaan.<\/p>\n<p class=\"paragraph\">\u2013 Kev\u00e4\u00e4ll\u00e4 sain puhelun ja tarjottiin mahdollisuutta palata takaisin Alissan saappaisiin syksyll\u00e4. Se tuntui tosi hyv\u00e4lt\u00e4, Puhakka kertoo Iltalehdelle.<\/p>\n<p><img decoding=\"async\" class=\"image image-show image-preview\" src=\"https:\/\/www.europesays.com\/fi\/wp-content\/uploads\/2026\/01\/edd317593f0581f53a01939b26061641b3450b31c584cbe29d2289ceccf95641.jpg\" alt=\"\"\/><img decoding=\"async\" class=\"image image-show\" src=\"https:\/\/www.europesays.com\/fi\/wp-content\/uploads\/2026\/01\/1767325808_241_edd317593f0581f53a01939b26061641b3450b31c584cbe29d2289ceccf95641.jpg\" alt=\"\"\/><\/p>\n<p>Johanna Puhakka palaa Salattuihin el\u00e4miin. Pete Anikari<\/p>\n<p class=\"paragraph\">Puhakan n\u00e4yttelem\u00e4 Alissa Nikkinen n\u00e4htiin Salkkareissa viimeksi vuonna 2019. V\u00e4liss\u00e4 Puhakka on esitt\u00e4nyt samaa hahmoa my\u00f6s Salkkareiden sisarsarjassa Rantabaarissa.<\/p>\n<p class=\"paragraph\">\u2013 Hahmoa on kyll\u00e4 ollut ik\u00e4v\u00e4, en voinut vastustaa n\u00e4in ihanaa tarjousta. Nyt oli hyv\u00e4 hetki, Puhakka sanoo.<\/p>\n<p>Opinnot, rakkaus ja kaksosvauvat<\/p>\n<p class=\"paragraph\">Kuuden vuoden Salkkarit-tauon aikana Puhakan el\u00e4m\u00e4ss\u00e4 on tapahtunut paljon. Alun perin Puhakka j\u00e4i sarjasta pois l\u00e4hte\u00e4kseen opiskelemaan n\u00e4yttelij\u00e4ntaidetta Lontooseen. Kes\u00e4ll\u00e4 2024 Puhakka sai kaksospojat puolisonsa, Rantabaari-kollega <strong>Samuel Glassarin<\/strong> kanssa.<\/p>\n<p class=\"paragraph\">Nyky\u00e4\u00e4n puolitoistavuotiaat veljekset ovat Puhakan mukaan vauhdikkaita ja rohkeita. Puhakka kuvailee itse\u00e4\u00e4n itsep\u00e4iseksi ja k\u00e4rsim\u00e4tt\u00f6m\u00e4ksi ihmiseksi. Lastensaanti on tuonut mukanaan henkist\u00e4 kasvua.<\/p>\n<p class=\"paragraph\">\u2013 He pit\u00e4v\u00e4t ihanasti jalat maan pinnalla. Kun ty\u00f6 on hektist\u00e4, vastapainona koti tuntuu maadoittavalta. Jos lasten kanssa v\u00e4h\u00e4nkin yritt\u00e4\u00e4 tehd\u00e4 muuta, he kyll\u00e4 antavat saman tien palautteen, ylpe\u00e4 \u00e4iti naurahtaa.<\/p>\n<p>Johanna Puhakka on t\u00e4t\u00e4 nyky\u00e4 pienten kaksospoikien \u00e4iti. Pete Anikari<\/p>\n<p class=\"paragraph\">Puhakan palattua Salkkareihin Glassar on j\u00e4\u00e4nyt lasten kanssa kotiin. Puolisot tekev\u00e4t kesken\u00e4\u00e4n pitk\u00e4lti samanlaisia t\u00f6it\u00e4 televisiossa ja sosiaalisessa mediassa. Isovanhemmat kiiruhtavat apuun silloin, kun molemmat vanhemmat ovat omissa t\u00f6iss\u00e4\u00e4n kiinni.<\/p>\n<p class=\"paragraph\">Viime aikoina kotoa k\u00e4sin t\u00f6it\u00e4 tehneelle Puhakalle Helsinkiin t\u00f6ihin l\u00e4hteminen on tuonut kaivattua uutta rytmi\u00e4 arkeen.<\/p>\n<p class=\"paragraph\">\u2013 T\u00e4\u00e4ll\u00e4 otetaan perheelliset superhienosti huomioon. Kuvauksia on nelj\u00e4 p\u00e4iv\u00e4\u00e4 viikossa ja todella harvoin on sellaisia viikkoja, ett\u00e4 olisi ihan joka p\u00e4iv\u00e4 t\u00f6it\u00e4 pitki\u00e4 p\u00e4ivi\u00e4. Minulla ei ole oloa, ett\u00e4 olisin todella paljon pois kotoa, Puhakka sanoo.<\/p>\n<p class=\"paragraph\">Puhakka on my\u00f6s kiitollinen, ett\u00e4 h\u00e4nelle ylip\u00e4\u00e4t\u00e4\u00e4n on tarjottu t\u00f6it\u00e4 aikana, joka on kulttuuri- ja televisioalalle yleisesti vaikea.<\/p>\n<p>Johanna Puhakka on kiitollinen, ett\u00e4 h\u00e4nelle tarjottiin paluuta Salatut el\u00e4m\u00e4t -sarjaan. Pete Anikari<\/p>\n<p>Pimityst\u00e4<\/p>\n<p class=\"paragraph\">Viime vuosina Puhakka on ty\u00f6skennellyt n\u00e4yttelij\u00e4nt\u00f6idens\u00e4 ohella my\u00f6s sosiaalisen median vaikuttajana. Salkkareihin paluu on tuonut oman lis\u00e4ns\u00e4 arkiseen somep\u00e4ivittelyyn, sill\u00e4 ty\u00f6kuviot on pit\u00e4nyt pit\u00e4\u00e4 koko syksyn ajan visusti salassa.<\/p>\n<p class=\"paragraph\">\u2013 Olen el\u00e4nyt v\u00e4h\u00e4n sellaista kaksoisel\u00e4m\u00e4\u00e4. Olen kertonut esimerkiksi somessa hankkineeni s\u00e4hk\u00f6py\u00f6r\u00e4n ja ajelleeni sill\u00e4. Sit\u00e4 en tietenk\u00e4\u00e4n ole voinut kertoa, ett\u00e4 olen py\u00f6r\u00e4ll\u00e4 ajanut ty\u00f6matkoja kotoani Vantaalta kuvauksiin.<\/p>\n<p class=\"paragraph\">Toisinaan Puhakka puolestaan on j\u00e4\u00e4nyt ep\u00e4r\u00f6im\u00e4\u00e4n, viitsiik\u00f6 h\u00e4n julkaista kuvan itsest\u00e4\u00e4n roolihahmokseen meikattuna, sill\u00e4 Alissa meikkaa arki-Johannaa huomattavasti vahvemmin. Kun Salkkari-kollegat julkaisivat kuvia kuvausten kulisseista, piti Puhakan pit\u00e4\u00e4 huoli, ettei h\u00e4nt\u00e4 n\u00e4hd\u00e4 taustalla.<\/p>\n<p>Uusi koulu<\/p>\n<p class=\"paragraph\">Puhakalla on edess\u00e4\u00e4n muitakin uusia tuulia. Tammikuussa h\u00e4n aloittaa joogaopettajan koulutuksen. Puhakka aikoo k\u00e4yd\u00e4 opintojaan t\u00f6iden ohella viikonloppuisin.<\/p>\n<p class=\"paragraph\">Opinnoistaan huolimatta Puhakka ei usko, ett\u00e4 h\u00e4n ryhtyisi opettamaan joogaa ty\u00f6kseen ainakaan l\u00e4hiaikoina.<\/p>\n<p class=\"paragraph\">\u2013 Jooga kiinnostaa minua ja tahdon oppia lis\u00e4\u00e4. Ajatuksena kuulostaa ihanalta, ett\u00e4 jossain vaiheessa voisin avata vaikka oman joogasalini, mutta se ei v\u00e4ltt\u00e4m\u00e4tt\u00e4 juuri nyt tapahdu, Puhakka avaa suunnitelmiaan.<\/p>\n<p>Johanna Puhakka aloittaa joogaopettajan opinnot. Pete Anikari<\/p>\n<p class=\"paragraph\">Puhakka alkoi raskausaikanaan tekem\u00e4\u00e4n my\u00f6s stand up -keikkoja. Esiintymisi\u00e4 on takana vasta muutama, mutta toiveissa olisi tehd\u00e4 lis\u00e4\u00e4.<\/p>\n<p class=\"paragraph\">\u2013 Yrit\u00e4n hivuttautua ep\u00e4mukavuusalueelle sanomalla, ett\u00e4 se kiinnostaa. Oikeasti se on aivan kauheaa ja j\u00e4nnitt\u00e4v\u00e4\u00e4 ja vatsa menee aivan kuralle, mutta kai minulla on taipumus kaikkeen t\u00e4llaiseen ep\u00e4mukavaan, Puhakka naurahtaa.<\/p>\n","protected":false},"excerpt":{"rendered":"Alissa Nikkist\u00e4 n\u00e4yttelev\u00e4 Johanna Puhakka palaa Salattuihin el\u00e4miin kuuden vuoden tauon j\u00e4lkeen. N\u00e4yttelij\u00e4 Johanna Puhakka tekee paluun Salatut&hellip;\n","protected":false},"author":2,"featured_media":131208,"comment_status":"","ping_status":"","sticky":false,"template":"","format":"standard","meta":{"footnotes":""},"categories":[133],"tags":[35,153,155,137,33,31,30,718,154,32,206,140,139,156,109],"class_list":{"0":"post-131207","1":"post","2":"type-post","3":"status-publish","4":"format-standard","5":"has-post-thumbnail","7":"category-televisiot","8":"tag-24h","9":"tag-audiovisuaalinen-media","10":"tag-elokuvat","11":"tag-entertainment","12":"tag-fi","13":"tag-finland","14":"tag-finnish","15":"tag-nayttamotaide","16":"tag-nayttelijat-teatteri","17":"tag-suomi","18":"tag-televisiot","19":"tag-tv-ja-elokuvat","20":"tag-tv-ohjelmat","21":"tag-tv","22":"tag-viihde"},"share_on_mastodon":{"url":"https:\/\/pubeurope.com\/@fi\/115823471653724522","error":""},"_links":{"self":[{"href":"https:\/\/www.europesays.com\/fi\/wp-json\/wp\/v2\/posts\/131207","targetHints":{"allow":["GET"]}}],"collection":[{"href":"https:\/\/www.europesays.com\/fi\/wp-json\/wp\/v2\/posts"}],"about":[{"href":"https:\/\/www.europesays.com\/fi\/wp-json\/wp\/v2\/types\/post"}],"author":[{"embeddable":true,"href":"https:\/\/www.europesays.com\/fi\/wp-json\/wp\/v2\/users\/2"}],"replies":[{"embeddable":true,"href":"https:\/\/www.europesays.com\/fi\/wp-json\/wp\/v2\/comments?post=131207"}],"version-history":[{"count":0,"href":"https:\/\/www.europesays.com\/fi\/wp-json\/wp\/v2\/posts\/131207\/revisions"}],"wp:featuredmedia":[{"embeddable":true,"href":"https:\/\/www.europesays.com\/fi\/wp-json\/wp\/v2\/media\/131208"}],"wp:attachment":[{"href":"https:\/\/www.europesays.com\/fi\/wp-json\/wp\/v2\/media?parent=131207"}],"wp:term":[{"taxonomy":"category","embeddable":true,"href":"https:\/\/www.europesays.com\/fi\/wp-json\/wp\/v2\/categories?post=131207"},{"taxonomy":"post_tag","embeddable":true,"href":"https:\/\/www.europesays.com\/fi\/wp-json\/wp\/v2\/tags?post=131207"}],"curies":[{"name":"wp","href":"https:\/\/api.w.org\/{rel}","templated":true}]}}