{"id":131213,"date":"2026-01-02T03:59:07","date_gmt":"2026-01-02T03:59:07","guid":{"rendered":"https:\/\/www.europesays.com\/fi\/131213\/"},"modified":"2026-01-02T03:59:07","modified_gmt":"2026-01-02T03:59:07","slug":"venezuelan-maduro-avoin-keskusteluille-yhdysvaltain-kanssa-uutissuomalainen","status":"publish","type":"post","link":"https:\/\/www.europesays.com\/fi\/131213\/","title":{"rendered":"Venezuelan Maduro avoin keskusteluille Yhdysvaltain kanssa | Uutissuomalainen"},"content":{"rendered":"<p>Venezuelan presidentti Nicolas Maduro sanoo, ett\u00e4 h\u00e4n on avoin keskustelemaan Yhdysvaltain kanssa muun muassa huumeiden salakuljetukseen ja \u00f6ljyyn liittyvist\u00e4 kysymyksist\u00e4.<\/p>\n<p>Maduro esitti kommenttinsa Venezuelan valtiontelevisiolle antamassaan haastattelussa Suomen aikaa perjantain vastaisena y\u00f6n\u00e4.<\/p>\n<p>\u2013\u2009Miss\u00e4 ja milloin vain he haluavat, Maduro kommentoi ajatusta vuoropuhelusta Yhdysvaltain kanssa.<\/p>\n<p>Yhdysvaltain ja Venezuelan v\u00e4lit ovat kiristyneet viime kuukausina, kun Yhdysvallat on lis\u00e4nnyt taloudellista ja sotilaallista painetta Venezuelaa kohtaan.<\/p>\n<p>Monien asiantuntijoiden mukaan Yhdysvaltain Venezuelaan kohdistama paine liittyy suurelta osin \u00f6ljyyn.<\/p>\n<p>\t\t\t\tEi vahvistanut Yhdysvaltain iskua<\/p>\n<p>Maduro kielt\u00e4ytyi haastattelussa kommentoimasta iskua, jonka Yhdysvallat on sanonut tehneens\u00e4 venezuelalaiseen satamaan viime kuussa. Maduro ei ole toistaiseksi vahvistanut iskua.<\/p>\n<p>Presidentilt\u00e4 kysyttiin televisiohaastattelussa suoraan vahvistaako tai kiist\u00e4\u00e4k\u00f6 h\u00e4n iskun tapahtuneen. Maduro vastasi sanoen, ett\u00e4 t\u00e4m\u00e4 on asia, josta saatetaan puhua muutaman p\u00e4iv\u00e4n sis\u00e4ll\u00e4.<\/p>\n<p>Yhdysvaltain presidentti Donald Trump sanoi maanantaina, ett\u00e4 Yhdysvallat oli tehnyt iskun Venezuelassa. Trumpin mukaan isku tehtiin satama-alueelle, jossa huumeita oli lastattu veneisiin.<\/p>\n<p>Trumpin hallinto on sanonut taistelevansa alueella huumekartelleja vastaan. Kyseess\u00e4 olisi tiett\u00e4v\u00e4sti ensimm\u00e4inen maalla olevaan kohteeseen Latinalaisessa Amerikassa tehty isku, joka liittyy n\u00e4ihin taisteluihin.<\/p>\n<p>Yhdysvaltalaismedioiden tietojen mukaan maan keskustiedustelupalvelu CIA toteutti iskun joulukuussa lennokilla. Yhdysvaltain hallinnon tietojen mukaan rikollisj\u00e4rjest\u00f6 Tren de Aragua k\u00e4ytti iskun kohteena ollutta syrj\u00e4ist\u00e4 satamaa huumeiden salakuljetustoiminnassaan, l\u00e4hteet kertoivat medioille.<\/p>\n<p>Kolumbian presidentti Gustavo Petro kommentoi iskua Suomen aikaa keskiviikon vastaisena y\u00f6n\u00e4. Petron mukaan Yhdysvaltain tekem\u00e4 isku kohdistui Maracaibon kaupungissa sijaitsevaan ep\u00e4iltyyn kokaiinitehtaaseen. Maracaibo on Venezuelan toiseksi v\u00e4kirikkain kaupunki.<\/p>\n<p>\t\t\t\tVeneiskut surmanneet yli 100 ihmist\u00e4<\/p>\n<p>Yhdysvallat on siirt\u00e4nyt Karibianmerelle mittavan m\u00e4\u00e4r\u00e4n sotilaskalustoa v\u00e4itetyn huumekartellien vastaisen sotansa varjolla.<\/p>\n<p>Yhdysvallat on tehnyt syyskuun alun j\u00e4lkeen Tyynell\u00e4merell\u00e4 ja Karibianmerell\u00e4 yhteens\u00e4 yli 30 veneiskua. Kaikkiaan iskut ovat surmanneet yli sata ihmist\u00e4. Yhdysvallat sanoo iskujen kohdistuneen aluksiin, joita on k\u00e4ytetty huumeiden salakuljettamiseen, mutta ei ole julkistanut todisteita asiasta.<\/p>\n<p>Trumpin hallinto on rinnastanut huumekartellit terroristij\u00e4rjest\u00f6ihin, joita vastaan voidaan Yhdysvaltain mukaan k\u00e4ytt\u00e4\u00e4 sotatoimia. Oikeusasiantuntijoiden mukaan t\u00e4m\u00e4 perustelu on hutera.<\/p>\n<p>Asiantuntijoiden mukaan veneiskut ovat olleet kansainv\u00e4lisen oikeuden vastaisia. Vaikka Yhdysvaltain salakuljetusv\u00e4itteet pit\u00e4isiv\u00e4t paikkansa, tulisi ep\u00e4illyille huumerikollisille tarjota mahdollisuus oikeudenk\u00e4yntiin.<\/p>\n","protected":false},"excerpt":{"rendered":"Venezuelan presidentti Nicolas Maduro sanoo, ett\u00e4 h\u00e4n on avoin keskustelemaan Yhdysvaltain kanssa muun muassa huumeiden salakuljetukseen ja \u00f6ljyyn&hellip;\n","protected":false},"author":2,"featured_media":131214,"comment_status":"","ping_status":"","sticky":false,"template":"","format":"standard","meta":{"footnotes":""},"categories":[14],"tags":[22,23,585,26,27,33,31,30,17,24,25,28,29,15,18,21,637,144,32,19,20,56,16,638,59,60,61,143,146,17794],"class_list":{"0":"post-131213","1":"post","2":"type-post","3":"status-publish","4":"format-standard","5":"has-post-thumbnail","7":"category-ulkomaat","8":"tag-breaking-news","9":"tag-breakingnews","10":"tag-donald-trump","11":"tag-featured-news","12":"tag-featurednews","13":"tag-fi","14":"tag-finland","15":"tag-finnish","16":"tag-headlines","17":"tag-latest-news","18":"tag-latestnews","19":"tag-main-news","20":"tag-mainnews","21":"tag-news","22":"tag-otsikot","23":"tag-paauutiset","24":"tag-politiikka","25":"tag-presidentti","26":"tag-suomi","27":"tag-top-stories","28":"tag-topstories","29":"tag-ulkomaat","30":"tag-uutiset","31":"tag-valtiovalta","32":"tag-world","33":"tag-world-news","34":"tag-worldnews","35":"tag-yhdysvaltain-politiikka","36":"tag-yhdysvaltain-presidentti","37":"tag-yhdysvaltojen-liittovaltion-hallinto"},"share_on_mastodon":{"url":"https:\/\/pubeurope.com\/@fi\/115823507145859287","error":""},"_links":{"self":[{"href":"https:\/\/www.europesays.com\/fi\/wp-json\/wp\/v2\/posts\/131213","targetHints":{"allow":["GET"]}}],"collection":[{"href":"https:\/\/www.europesays.com\/fi\/wp-json\/wp\/v2\/posts"}],"about":[{"href":"https:\/\/www.europesays.com\/fi\/wp-json\/wp\/v2\/types\/post"}],"author":[{"embeddable":true,"href":"https:\/\/www.europesays.com\/fi\/wp-json\/wp\/v2\/users\/2"}],"replies":[{"embeddable":true,"href":"https:\/\/www.europesays.com\/fi\/wp-json\/wp\/v2\/comments?post=131213"}],"version-history":[{"count":0,"href":"https:\/\/www.europesays.com\/fi\/wp-json\/wp\/v2\/posts\/131213\/revisions"}],"wp:featuredmedia":[{"embeddable":true,"href":"https:\/\/www.europesays.com\/fi\/wp-json\/wp\/v2\/media\/131214"}],"wp:attachment":[{"href":"https:\/\/www.europesays.com\/fi\/wp-json\/wp\/v2\/media?parent=131213"}],"wp:term":[{"taxonomy":"category","embeddable":true,"href":"https:\/\/www.europesays.com\/fi\/wp-json\/wp\/v2\/categories?post=131213"},{"taxonomy":"post_tag","embeddable":true,"href":"https:\/\/www.europesays.com\/fi\/wp-json\/wp\/v2\/tags?post=131213"}],"curies":[{"name":"wp","href":"https:\/\/api.w.org\/{rel}","templated":true}]}}