{"id":131217,"date":"2026-01-02T04:01:10","date_gmt":"2026-01-02T04:01:10","guid":{"rendered":"https:\/\/www.europesays.com\/fi\/131217\/"},"modified":"2026-01-02T04:01:10","modified_gmt":"2026-01-02T04:01:10","slug":"iivo-niskanen-keskeyttaa-tour-de-skin-paatos-syntyi-kisan-aikana","status":"publish","type":"post","link":"https:\/\/www.europesays.com\/fi\/131217\/","title":{"rendered":"Iivo Niskanen keskeytt\u00e4\u00e4 Tour de Skin \u2013\u2009p\u00e4\u00e4t\u00f6s syntyi kisan aikana"},"content":{"rendered":"<p>1.1. 14:33<\/p>\n<p class=\"article-body mb-nof-24 px-nof-16\">Toblach<\/p>\n<p class=\"article-body mb-nof-24 px-nof-16\">Tour de Skill\u00e4 hiihdettiin uudenvuodenp\u00e4iv\u00e4n\u00e4 etappi 4\/6, 20 kilometrin takaa-ajo perinteisell\u00e4. <a class=\"font-bold underline-offset-[0.12em] [text-decoration:var(--person-link-text-decoration)] ![text-decoration-color:var(--person-link-text-decoration-color)]\" href=\"https:\/\/www.aamulehti.fi\/haku\/?query=Iivo%20Niskanen\" rel=\"nofollow noopener\" target=\"_blank\">Iivo Niskanen<\/a> pettyi pahanp\u00e4iv\u00e4isesti.<\/p>\n<p class=\"article-body mb-nof-24 px-nof-16\">Niskanen l\u00e4hti matkaan 11. sijalta 1.31 minuuttia k\u00e4rjest\u00e4. Maaliin h\u00e4n tuli kymmenenten\u00e4. Ero koko matkan yksin k\u00e4rjess\u00e4 hiiht\u00e4neeseen <a class=\"font-bold underline-offset-[0.12em] [text-decoration:var(--person-link-text-decoration)] ![text-decoration-color:var(--person-link-text-decoration-color)]\" href=\"https:\/\/www.aamulehti.fi\/haku\/?query=Johannes%20Kl%C3%A4boon\" rel=\"nofollow noopener\" target=\"_blank\">Johannes Kl\u00e4boon<\/a> kasvoi 1.53 minuuttiin.<\/p>\n<p class=\"article-body mb-nof-24 px-nof-16\">\u201dYritin hiiht\u00e4\u00e4 alusta eroa kiinni, mutta (<a class=\"font-bold underline-offset-[0.12em] [text-decoration:var(--person-link-text-decoration)] ![text-decoration-color:var(--person-link-text-decoration-color)]\" href=\"https:\/\/www.aamulehti.fi\/haku\/?query=Erik\" rel=\"nofollow noopener\" target=\"_blank\">Erik<\/a>) <a class=\"font-bold underline-offset-[0.12em] [text-decoration:var(--person-link-text-decoration)] ![text-decoration-color:var(--person-link-text-decoration-color)]\" href=\"https:\/\/www.aamulehti.fi\/haku\/?query=Valnes\" rel=\"nofollow noopener\" target=\"_blank\">Valnes <\/a>ja varsinkin (<a class=\"font-bold underline-offset-[0.12em] [text-decoration:var(--person-link-text-decoration)] ![text-decoration-color:var(--person-link-text-decoration-color)]\" href=\"https:\/\/www.aamulehti.fi\/haku\/?query=Edvin\" rel=\"nofollow noopener\" target=\"_blank\">Edvin<\/a>) <a class=\"font-bold underline-offset-[0.12em] [text-decoration:var(--person-link-text-decoration)] ![text-decoration-color:var(--person-link-text-decoration-color)]\" href=\"https:\/\/www.aamulehti.fi\/haku\/?query=Anger\" rel=\"nofollow noopener\" target=\"_blank\">Anger <\/a>l\u00e4htiv\u00e4t tosi ter\u00e4v\u00e4sti. Kun ero siit\u00e4 repesi, homma oli sill\u00e4 selv\u00e4. Meik\u00e4l\u00e4isen Tour oli siin\u00e4 sitten\u201d, Niskanen tuumasi kisan j\u00e4lkeen.<\/p>\n<p class=\"article-body mb-nof-24 px-nof-16\">Niskanen siis keskeytt\u00e4\u00e4 Tour de Skin ennen Val di Fiemmen kahta viimeist\u00e4 osakilpailua.<\/p>\n<p class=\"article-body mb-nof-24 px-nof-16\">\u201dP\u00e4\u00e4tin sen jo siin\u00e4 kisan aikana. J\u00e4in odottelemaan ja hiihdin ryhm\u00e4ss\u00e4. Kokeilin viel\u00e4 tuoreena irrota ja irtosinkin jonkun matkaa, mutta vaikea sit\u00e4 eroa oli pit\u00e4\u00e4.\u201d<\/p>\n<p class=\"article-body mb-nof-24 px-nof-16\">\u201dEnsimm\u00e4inen kilometri kovaa ja viimeiset puolitoista. Muuten oli aika hiihtely\u00e4.\u201d<\/p>\n<p><img decoding=\"async\" src=\"https:\/\/www.europesays.com\/fi\/wp-content\/uploads\/2026\/01\/1767271332_344_468.jpg\" alt=\"K\u00e4rkimies Kl\u00e4bon takana oli kahdeksan miehen porukka, johon Niskanen ei mill\u00e4\u00e4n ehtinyt mukaan.\" class=\"_Img_1rerz_1\" style=\"aspect-ratio:1.5\" loading=\"eager\"\/><\/p>\n<p class=\"article-picture-caption\">K\u00e4rkimies Kl\u00e4bon takana oli kahdeksan miehen porukka, johon Niskanen ei mill\u00e4\u00e4n ehtinyt mukaan. Kuva:\u00a0MAXIM THORE \/ Bildbyr\u00e5n \/ MVPhotos<\/p>\n<p class=\"article-body mb-nof-24 px-nof-16\">Niskasen odotettiin aloittavan heti alussa vimmatun jahdin kohti k\u00e4rke\u00e4, mutta se jahti ei koskaan alkanut. P\u00e4invastoin, suomalaist\u00e4hden ero k\u00e4rkeen vain kasvoi ja h\u00e4n juuttui hiihtelem\u00e4\u00e4n kauas k\u00e4rkiyhdeksik\u00f6n taakse samaan ryhm\u00e4\u00e4n muun muassa ven\u00e4l\u00e4isen <a class=\"font-bold underline-offset-[0.12em] [text-decoration:var(--person-link-text-decoration)] ![text-decoration-color:var(--person-link-text-decoration-color)]\" href=\"https:\/\/www.aamulehti.fi\/haku\/?query=Saveli%20Korosteljovin\" rel=\"nofollow noopener\" target=\"_blank\">Saveli Korosteljovin<\/a>, Italian <a class=\"font-bold underline-offset-[0.12em] [text-decoration:var(--person-link-text-decoration)] ![text-decoration-color:var(--person-link-text-decoration-color)]\" href=\"https:\/\/www.aamulehti.fi\/haku\/?query=Elia%20Barpin\" rel=\"nofollow noopener\" target=\"_blank\">Elia Barpin<\/a> ja Ranskan <a class=\"font-bold underline-offset-[0.12em] [text-decoration:var(--person-link-text-decoration)] ![text-decoration-color:var(--person-link-text-decoration-color)]\" href=\"https:\/\/www.aamulehti.fi\/haku\/?query=Jules%20Chappazin\" rel=\"nofollow noopener\" target=\"_blank\">Jules Chappazin<\/a> kanssa.<\/p>\n<p class=\"article-body mb-nof-24 px-nof-16\">Niskasen ryhm\u00e4 kasvoi ennen puoliv\u00e4li\u00e4 jo kymmenen miehen kokoiseksi, kun takaa tullut <a class=\"font-bold underline-offset-[0.12em] [text-decoration:var(--person-link-text-decoration)] ![text-decoration-color:var(--person-link-text-decoration-color)]\" href=\"https:\/\/www.aamulehti.fi\/haku\/?query=Perttu%20Hyv%C3%A4rinen\" rel=\"nofollow noopener\" target=\"_blank\">Perttu Hyv\u00e4rinen <\/a>hinasi oman poppoonsa kiinni siihen.<\/p>\n<p class=\"article-body mb-nof-24 px-nof-16\">Niskanen ei alkuyrityksens\u00e4 j\u00e4lkeen edes yritt\u00e4nyt suuremmin vet\u00e4\u00e4 letkaa vaan tyytyi hiihtelem\u00e4\u00e4n muiden mukana. Kovan luokan vetomiehi\u00e4 ryhm\u00e4st\u00e4 ei l\u00f6ytynyt.<\/p>\n<p class=\"article-body mb-nof-24 px-nof-16\">\u201dSanotaanko n\u00e4in, ettei ollut nyt oikein edes mielt\u00e4 jahdata ja vet\u00e4\u00e4 porukkaa. Todella helpolla pystyy tulemaan per\u00e4ss\u00e4. Kun en pystynyt Angerin mukaan, tiesin, ettei en\u00e4\u00e4 tulla. Oli sellaisia kavereita, ett\u00e4 j\u00e4\u00e4tiin vain.\u201d<\/p>\n<p class=\"article-body mb-nof-24 px-nof-16\">Lopussa Niskanen irtosi porukasta ja nappasi 10. sijan itselleen. Takaa-ajon osuusajoissa Niskanen oli vasta 27. nopein (+0.44). Hyv\u00e4rinen oli parhaana suomalaisena 15:s. (+0.29).<\/p>\n<p class=\"article-body mb-nof-24 px-nof-16\">Niskanen on keskeytyshetkell\u00e4\u00e4n parhaana Suomen miehen\u00e4 Tourin kokonaistilanteessa kymppisijalla.<\/p>\n<p class=\"article-body mb-nof-24 px-nof-16\">Niskanen ei vaikuttanut suuremmin pettyneelt\u00e4 tai huolestuneelta. H\u00e4n suhtautui tilanteeseensa rauhallisesti.<\/p>\n<p class=\"article-body mb-nof-24 px-nof-16\">\u201dIhan hyv\u00e4lt\u00e4 tuntui. Ei siin\u00e4 mit\u00e4\u00e4n. T\u00e4m\u00e4 p\u00e4iv\u00e4 oli mit\u00e4 oli. Kuitenkin sen sairastelun j\u00e4lkeen ihan semi ok. Ihan hyv\u00e4 on jatkaa\u201d, Niskanen summasi Tourinsa.<\/p>\n<p class=\"article-body mb-nof-24 px-nof-16\">\u201dKroppa ja hiihto tuntui ihan normaalilta. Pikkaisen l\u00e4hemp\u00e4n\u00e4 olisi pit\u00e4nyt k\u00e4rke\u00e4 olla, ett\u00e4 olisin pystynyt hiiht\u00e4m\u00e4\u00e4n v\u00e4h\u00e4n j\u00e4rkevimmist\u00e4 sijoista\u201d, h\u00e4n jatkoi Tourin viimeisiin kisoihin viitaten.<\/p>\n<p class=\"article-body mb-nof-24 px-nof-16\">\u201dT\u00e4m\u00e4 oli oikeastaan jo siin\u00e4 v\u00e4liaikal\u00e4hd\u00f6ss\u00e4 (10km) taputeltu. Siin\u00e4 olisi pit\u00e4nyt tehd\u00e4 15\u201325 sekuntia kovempi suoritus, niin olisin ollut t\u00e4ss\u00e4 kisassa pelipaikoilla.\u201d<\/p>\n<p><img decoding=\"async\" src=\"https:\/\/www.europesays.com\/fi\/wp-content\/uploads\/2025\/12\/1767097929_936_468.jpg\" alt=\"Niskanen kertoi, ettei ole huolissaan tilanteestaan reilu kuukausi ennen olympialaisia.\" class=\"_Img_1rerz_1\" style=\"aspect-ratio:1.5\" loading=\"eager\"\/><\/p>\n<p class=\"article-picture-caption\">Niskanen kertoi, ettei ole huolissaan tilanteestaan reilu kuukausi ennen olympialaisia. Kuva:\u00a0MAXIM THORE \/ Bildbyr\u00e5n \/ MVPhotos<\/p>\n<p class=\"article-body mb-nof-24 px-nof-16\">Seuraavaksi Niskanen aikoo kilpailla tammikuun puoliv\u00e4liss\u00e4 Oberhofin maailmancupissa. Sen pidemm\u00e4lle h\u00e4n ei ole viel\u00e4 lukinnut askelmerkkej\u00e4.<\/p>\n<p class=\"article-body mb-nof-24 px-nof-16\">Moni Suomen hiiht\u00e4j\u00e4 suuntaa tammikuun lopussa valmistautumaan olympialaisiin joko Toblachiin tai Seiser Almiin.<\/p>\n<p class=\"article-body mb-nof-24 px-nof-16\">\u201d50 kilometri\u00e4 on kisojen viimeinen matka, niin siin\u00e4 tulee jo kaksi ja puoli viikkoa oltua Fiemmess\u00e4. Ei siihen varmaan kuukautta tarvitse valmistautua\u201d, Niskanen tuumasi omasta suunnitelmastaan kysytt\u00e4ess\u00e4.<\/p>\n<p>20 km (p) takaa-ajo<\/p>\n<ol class=\"mb-nof-16 px-nof-16 article-ordered-list ordered-list\">\n<li class=\"ordered-list-item\">\n<p class=\"article-body\">Johannes Kl\u00e4bo, Norja 46.01,7<\/p>\n<\/li>\n<li class=\"ordered-list-item\">\n<p class=\"article-body\">Mattis Stenshagen, Norja +51,1<\/p>\n<\/li>\n<li class=\"ordered-list-item\">\n<p class=\"article-body\">Edvin Anger, Ruotsi +59,8<\/p>\n<\/li>\n<li class=\"ordered-list-item\">\n<p class=\"article-body\">Federico Pellegrino, Italia +59,8<\/p>\n<\/li>\n<li class=\"ordered-list-item\">\n<p class=\"article-body\">Emil Iversen, Norja +1.00,2<\/p>\n<\/li>\n<li class=\"ordered-list-item\">\n<p class=\"article-body\">Gus Schumacher, USA +1.00,2<\/p>\n<\/li>\n<li class=\"ordered-list-item\">\n<p class=\"article-body\">Lars Heggen, Norja +1.00,3<\/p>\n<\/li>\n<li class=\"ordered-list-item\">\n<p class=\"article-body\">Benjamin Moser, It\u00e4valta +1.00,8<\/p>\n<\/li>\n<li class=\"ordered-list-item\">\n<p class=\"article-body\">Harald Amundsen, Norja +1.03,1<\/p>\n<\/li>\n<li class=\"ordered-list-item\">\n<p class=\"article-body\">Iivo Niskanen, Suomi +1.53,6<\/p>\n<\/li>\n<\/ol>\n<p class=\"article-body mb-nof-24 px-nof-16\">18. Perttu Hyv\u00e4rinen +1.59,8<\/p>\n<p class=\"article-body mb-nof-24 px-nof-16\">24. Petteri Koivisto +2.45,6<\/p>\n<p class=\"article-body mb-nof-24 px-nof-16\">36. Joni M\u00e4ki +3.34,0<\/p>\n<p class=\"article-body mb-nof-24 px-nof-16\">40. Niilo Moilanen +3.46,3<\/p>\n","protected":false},"excerpt":{"rendered":"1.1. 14:33 Toblach Tour de Skill\u00e4 hiihdettiin uudenvuodenp\u00e4iv\u00e4n\u00e4 etappi 4\/6, 20 kilometrin takaa-ajo perinteisell\u00e4. Iivo Niskanen pettyi pahanp\u00e4iv\u00e4isesti.&hellip;\n","protected":false},"author":2,"featured_media":131218,"comment_status":"","ping_status":"","sticky":false,"template":"","format":"standard","meta":{"footnotes":""},"categories":[5],"tags":[157,22,23,26,27,33,31,30,17,24,25,28,29,15,18,21,32,19,20,16],"class_list":{"0":"post-131217","1":"post","2":"type-post","3":"status-publish","4":"format-standard","5":"has-post-thumbnail","7":"category-otsikot","8":"tag-aamulehti","9":"tag-breaking-news","10":"tag-breakingnews","11":"tag-featured-news","12":"tag-featurednews","13":"tag-fi","14":"tag-finland","15":"tag-finnish","16":"tag-headlines","17":"tag-latest-news","18":"tag-latestnews","19":"tag-main-news","20":"tag-mainnews","21":"tag-news","22":"tag-otsikot","23":"tag-paauutiset","24":"tag-suomi","25":"tag-top-stories","26":"tag-topstories","27":"tag-uutiset"},"share_on_mastodon":{"url":"https:\/\/pubeurope.com\/@fi\/115823514941053826","error":""},"_links":{"self":[{"href":"https:\/\/www.europesays.com\/fi\/wp-json\/wp\/v2\/posts\/131217","targetHints":{"allow":["GET"]}}],"collection":[{"href":"https:\/\/www.europesays.com\/fi\/wp-json\/wp\/v2\/posts"}],"about":[{"href":"https:\/\/www.europesays.com\/fi\/wp-json\/wp\/v2\/types\/post"}],"author":[{"embeddable":true,"href":"https:\/\/www.europesays.com\/fi\/wp-json\/wp\/v2\/users\/2"}],"replies":[{"embeddable":true,"href":"https:\/\/www.europesays.com\/fi\/wp-json\/wp\/v2\/comments?post=131217"}],"version-history":[{"count":0,"href":"https:\/\/www.europesays.com\/fi\/wp-json\/wp\/v2\/posts\/131217\/revisions"}],"wp:featuredmedia":[{"embeddable":true,"href":"https:\/\/www.europesays.com\/fi\/wp-json\/wp\/v2\/media\/131218"}],"wp:attachment":[{"href":"https:\/\/www.europesays.com\/fi\/wp-json\/wp\/v2\/media?parent=131217"}],"wp:term":[{"taxonomy":"category","embeddable":true,"href":"https:\/\/www.europesays.com\/fi\/wp-json\/wp\/v2\/categories?post=131217"},{"taxonomy":"post_tag","embeddable":true,"href":"https:\/\/www.europesays.com\/fi\/wp-json\/wp\/v2\/tags?post=131217"}],"curies":[{"name":"wp","href":"https:\/\/api.w.org\/{rel}","templated":true}]}}