{"id":131223,"date":"2026-01-02T04:20:09","date_gmt":"2026-01-02T04:20:09","guid":{"rendered":"https:\/\/www.europesays.com\/fi\/131223\/"},"modified":"2026-01-02T04:20:09","modified_gmt":"2026-01-02T04:20:09","slug":"kynttila-kaatui-jyvaskylan-ritopohjassa-ja-steariini-syttyi-palamaan-keski-suomi","status":"publish","type":"post","link":"https:\/\/www.europesays.com\/fi\/131223\/","title":{"rendered":"Kynttil\u00e4 kaatui Jyv\u00e4skyl\u00e4n Ritopohjassa ja steariini syttyi palamaan | Keski-Suomi"},"content":{"rendered":"<p>Palamassa ollut kynttil\u00e4 kaatui palamattomalle alustalle Jyv\u00e4skyl\u00e4n Ritopohjassa torstai-iltap\u00e4iv\u00e4n\u00e4, mutta steariini syttyi tuleen.<\/p>\n<p>Talon asukkaat olivat saaneet palon sammumaan alkusammutuksella. Paikalle kutsutun Keski-Suomen pelastuslaitoksen teht\u00e4v\u00e4ksi j\u00e4i tilanteen tarkastaminen.<\/p>\n<p>H\u00e4lytys Tyypp\u00e4l\u00e4nj\u00e4rventielle kirjattiin kello 16.22.<\/p>\n","protected":false},"excerpt":{"rendered":"Palamassa ollut kynttil\u00e4 kaatui palamattomalle alustalle Jyv\u00e4skyl\u00e4n Ritopohjassa torstai-iltap\u00e4iv\u00e4n\u00e4, mutta steariini syttyi tuleen. Talon asukkaat olivat saaneet palon&hellip;\n","protected":false},"author":2,"featured_media":131224,"comment_status":"","ping_status":"","sticky":false,"template":"","format":"standard","meta":{"footnotes":""},"categories":[158],"tags":[33,31,30,425,120,123,122,159,32,1265,546,160,796],"class_list":{"0":"post-131223","1":"post","2":"type-post","3":"status-publish","4":"format-standard","5":"has-post-thumbnail","7":"category-urheilu","8":"tag-fi","9":"tag-finland","10":"tag-finnish","11":"tag-jyvaskyla","12":"tag-onnettomuustapaus","13":"tag-palo-ja-pelastustoimi","14":"tag-pelastaminen","15":"tag-sports","16":"tag-suomi","17":"tag-tulipalot","18":"tag-turvallisuus","19":"tag-urheilu","20":"tag-yhteiskunta"},"share_on_mastodon":{"url":"https:\/\/pubeurope.com\/@fi\/115823589643168963","error":""},"_links":{"self":[{"href":"https:\/\/www.europesays.com\/fi\/wp-json\/wp\/v2\/posts\/131223","targetHints":{"allow":["GET"]}}],"collection":[{"href":"https:\/\/www.europesays.com\/fi\/wp-json\/wp\/v2\/posts"}],"about":[{"href":"https:\/\/www.europesays.com\/fi\/wp-json\/wp\/v2\/types\/post"}],"author":[{"embeddable":true,"href":"https:\/\/www.europesays.com\/fi\/wp-json\/wp\/v2\/users\/2"}],"replies":[{"embeddable":true,"href":"https:\/\/www.europesays.com\/fi\/wp-json\/wp\/v2\/comments?post=131223"}],"version-history":[{"count":0,"href":"https:\/\/www.europesays.com\/fi\/wp-json\/wp\/v2\/posts\/131223\/revisions"}],"wp:featuredmedia":[{"embeddable":true,"href":"https:\/\/www.europesays.com\/fi\/wp-json\/wp\/v2\/media\/131224"}],"wp:attachment":[{"href":"https:\/\/www.europesays.com\/fi\/wp-json\/wp\/v2\/media?parent=131223"}],"wp:term":[{"taxonomy":"category","embeddable":true,"href":"https:\/\/www.europesays.com\/fi\/wp-json\/wp\/v2\/categories?post=131223"},{"taxonomy":"post_tag","embeddable":true,"href":"https:\/\/www.europesays.com\/fi\/wp-json\/wp\/v2\/tags?post=131223"}],"curies":[{"name":"wp","href":"https:\/\/api.w.org\/{rel}","templated":true}]}}