{"id":131225,"date":"2026-01-02T04:21:09","date_gmt":"2026-01-02T04:21:09","guid":{"rendered":"https:\/\/www.europesays.com\/fi\/131225\/"},"modified":"2026-01-02T04:21:09","modified_gmt":"2026-01-02T04:21:09","slug":"katso-kuvat-taiteellisen-aidin-ja-pojan-unelmapaikka-loytyi-kerimaelta-sara-sofia-ja-otto-mikael-tompuri-ostivat-alakuonan-vanhan-koulun-paikalliset","status":"publish","type":"post","link":"https:\/\/www.europesays.com\/fi\/131225\/","title":{"rendered":"Katso kuvat | Taiteellisen \u00e4idin ja pojan unelmapaikka l\u00f6ytyi Kerim\u00e4elt\u00e4 \u2013 Sara Sofia ja Otto-Mikael Tompuri ostivat Alakuonan vanhan koulun | Paikalliset"},"content":{"rendered":"<p>Sara Sofia ja Otto-Mikael Tompuri muuttivat lokakuussa Helsingist\u00e4 Kerim\u00e4elle ja entinen kyl\u00e4koulu tuntui heti kodilta. Yl\u00e4kerta t\u00e4yttyi taiteesta ja alakerran vanhassa liikuntasalissa alkaa valmistua uniikkeja tuohivalaisimia.<\/p>\n<p>Alakuonan entinen koulu Kerim\u00e4ell\u00e4 sai menneen\u00e4 syksyn\u00e4 uudet omistajat. Helsinkil\u00e4inen <strong>Sara Sofia Tompuri<\/strong> etsi poikansa <strong>Otto-Mikael Tompurin<\/strong> kanssa vuosien ajan sopivaa paikkaa yhteis\u00f6lliseen toimintaan ja el\u00e4m\u00e4\u00e4n. Kerim\u00e4elt\u00e4 viimein nappasi.<\/p>\n","protected":false},"excerpt":{"rendered":"Sara Sofia ja Otto-Mikael Tompuri muuttivat lokakuussa Helsingist\u00e4 Kerim\u00e4elle ja entinen kyl\u00e4koulu tuntui heti kodilta. Yl\u00e4kerta t\u00e4yttyi taiteesta&hellip;\n","protected":false},"author":2,"featured_media":131226,"comment_status":"","ping_status":"","sticky":false,"template":"","format":"standard","meta":{"footnotes":""},"categories":[130],"tags":[6912,137,33,31,30,21315,564,7455,32,398,109],"class_list":{"0":"post-131225","1":"post","2":"type-post","3":"status-publish","4":"format-standard","5":"has-post-thumbnail","7":"category-viihde","8":"tag-asumisen-paikka","9":"tag-entertainment","10":"tag-fi","11":"tag-finland","12":"tag-finnish","13":"tag-hyvan-mielen-ita-savo","14":"tag-juhlat","15":"tag-savonlinnan-seudun-ihmiset","16":"tag-suomi","17":"tag-taiteilija","18":"tag-viihde"},"share_on_mastodon":{"url":"https:\/\/pubeurope.com\/@fi\/115823593619037674","error":""},"_links":{"self":[{"href":"https:\/\/www.europesays.com\/fi\/wp-json\/wp\/v2\/posts\/131225","targetHints":{"allow":["GET"]}}],"collection":[{"href":"https:\/\/www.europesays.com\/fi\/wp-json\/wp\/v2\/posts"}],"about":[{"href":"https:\/\/www.europesays.com\/fi\/wp-json\/wp\/v2\/types\/post"}],"author":[{"embeddable":true,"href":"https:\/\/www.europesays.com\/fi\/wp-json\/wp\/v2\/users\/2"}],"replies":[{"embeddable":true,"href":"https:\/\/www.europesays.com\/fi\/wp-json\/wp\/v2\/comments?post=131225"}],"version-history":[{"count":0,"href":"https:\/\/www.europesays.com\/fi\/wp-json\/wp\/v2\/posts\/131225\/revisions"}],"wp:featuredmedia":[{"embeddable":true,"href":"https:\/\/www.europesays.com\/fi\/wp-json\/wp\/v2\/media\/131226"}],"wp:attachment":[{"href":"https:\/\/www.europesays.com\/fi\/wp-json\/wp\/v2\/media?parent=131225"}],"wp:term":[{"taxonomy":"category","embeddable":true,"href":"https:\/\/www.europesays.com\/fi\/wp-json\/wp\/v2\/categories?post=131225"},{"taxonomy":"post_tag","embeddable":true,"href":"https:\/\/www.europesays.com\/fi\/wp-json\/wp\/v2\/tags?post=131225"}],"curies":[{"name":"wp","href":"https:\/\/api.w.org\/{rel}","templated":true}]}}