{"id":131229,"date":"2026-01-02T04:26:08","date_gmt":"2026-01-02T04:26:08","guid":{"rendered":"https:\/\/www.europesays.com\/fi\/131229\/"},"modified":"2026-01-02T04:26:08","modified_gmt":"2026-01-02T04:26:08","slug":"tampereen-tulevat-superbussit-ajavat-kaupungin-suosituimpia-reitteja-ja-toimivat-ratikan-tarkkuudella","status":"publish","type":"post","link":"https:\/\/www.europesays.com\/fi\/131229\/","title":{"rendered":"Tampereen tulevat superbussit ajavat kaupungin suosituimpia reittej\u00e4 ja toimivat ratikan tarkkuudella"},"content":{"rendered":"<p>Superbussit ajavat tulevaisuudessa Tampereen runkoreittej\u00e4 7 ja 8. Uuden sukupolven s\u00e4hk\u00f6nivelautoilla on pituutta 18,5 metri\u00e4, ja niiden aikataulut ovat tarkat kuin ratikalla.<\/p>\n<p class=\"article-body mb-nof-24 px-nof-16\">Tampereen joukkoliikenteess\u00e4 tapahtuu merkitt\u00e4v\u00e4 muutos elokuussa 2028. Tuolloin otetaan k\u00e4ytt\u00f6\u00f6n uudet ratikkaosuudet, joita rakennetaan parhaillaan. Samaan aikaan aloittavat uudet superbussit linjoilla 7 ja 8. Muunkin bussiliikenteen linjaverkostoa p\u00e4ivitet\u00e4\u00e4n.<\/p>\n","protected":false},"excerpt":{"rendered":"Superbussit ajavat tulevaisuudessa Tampereen runkoreittej\u00e4 7 ja 8. Uuden sukupolven s\u00e4hk\u00f6nivelautoilla on pituutta 18,5 metri\u00e4, ja niiden aikataulut&hellip;\n","protected":false},"author":2,"featured_media":131230,"comment_status":"","ping_status":"","sticky":false,"template":"","format":"standard","meta":{"footnotes":""},"categories":[12],"tags":[157,22,23,26,27,33,31,30,17,24,25,28,29,15,18,21,32,19,20,16],"class_list":{"0":"post-131229","1":"post","2":"type-post","3":"status-publish","4":"format-standard","5":"has-post-thumbnail","7":"category-suomi","8":"tag-aamulehti","9":"tag-breaking-news","10":"tag-breakingnews","11":"tag-featured-news","12":"tag-featurednews","13":"tag-fi","14":"tag-finland","15":"tag-finnish","16":"tag-headlines","17":"tag-latest-news","18":"tag-latestnews","19":"tag-main-news","20":"tag-mainnews","21":"tag-news","22":"tag-otsikot","23":"tag-paauutiset","24":"tag-suomi","25":"tag-top-stories","26":"tag-topstories","27":"tag-uutiset"},"share_on_mastodon":{"url":"https:\/\/pubeurope.com\/@fi\/115823613236418665","error":""},"_links":{"self":[{"href":"https:\/\/www.europesays.com\/fi\/wp-json\/wp\/v2\/posts\/131229","targetHints":{"allow":["GET"]}}],"collection":[{"href":"https:\/\/www.europesays.com\/fi\/wp-json\/wp\/v2\/posts"}],"about":[{"href":"https:\/\/www.europesays.com\/fi\/wp-json\/wp\/v2\/types\/post"}],"author":[{"embeddable":true,"href":"https:\/\/www.europesays.com\/fi\/wp-json\/wp\/v2\/users\/2"}],"replies":[{"embeddable":true,"href":"https:\/\/www.europesays.com\/fi\/wp-json\/wp\/v2\/comments?post=131229"}],"version-history":[{"count":0,"href":"https:\/\/www.europesays.com\/fi\/wp-json\/wp\/v2\/posts\/131229\/revisions"}],"wp:featuredmedia":[{"embeddable":true,"href":"https:\/\/www.europesays.com\/fi\/wp-json\/wp\/v2\/media\/131230"}],"wp:attachment":[{"href":"https:\/\/www.europesays.com\/fi\/wp-json\/wp\/v2\/media?parent=131229"}],"wp:term":[{"taxonomy":"category","embeddable":true,"href":"https:\/\/www.europesays.com\/fi\/wp-json\/wp\/v2\/categories?post=131229"},{"taxonomy":"post_tag","embeddable":true,"href":"https:\/\/www.europesays.com\/fi\/wp-json\/wp\/v2\/tags?post=131229"}],"curies":[{"name":"wp","href":"https:\/\/api.w.org\/{rel}","templated":true}]}}