{"id":131239,"date":"2026-01-02T04:47:08","date_gmt":"2026-01-02T04:47:08","guid":{"rendered":"https:\/\/www.europesays.com\/fi\/131239\/"},"modified":"2026-01-02T04:47:08","modified_gmt":"2026-01-02T04:47:08","slug":"kaisa-viitalan-hittiromaanissa-on-poikkeuksellinen-paahenkilo-kuuntele-nyt-tammikuun-kirja","status":"publish","type":"post","link":"https:\/\/www.europesays.com\/fi\/131239\/","title":{"rendered":"Kaisa Viitalan hittiromaanissa on poikkeuksellinen p\u00e4\u00e4henkil\u00f6 \u2013 kuuntele nyt tammikuun kirja"},"content":{"rendered":"<p>Kaisa Viitalan suosittu historiallinen romaani Klaanin vieraana on Aamulehden tilaajien kuunneltavissa tammikuussa.<\/p>\n<p class=\"article-body mb-nof-24 px-nof-16\">Alun perin Klaanin vieraasta (Karisto) ei pit\u00e4nyt tulla romaania, vaan pieni somessa jaettava joululahjatarina <a class=\"font-bold underline-offset-[0.12em] [text-decoration:var(--person-link-text-decoration)] ![text-decoration-color:var(--person-link-text-decoration-color)]\" href=\"https:\/\/www.aamulehti.fi\/haku\/?query=Kaisa%20Viitalan\" rel=\"nofollow noopener\" target=\"_blank\">Kaisa Viitalan<\/a> edellisen kirjasarjan faneille.<\/p>\n<p class=\"article-body mb-nof-24 px-nof-16\">Onneksi tarina alkoi vet\u00e4\u00e4 niin, ett\u00e4 Viitala p\u00e4\u00e4tti l\u00e4hett\u00e4\u00e4 k\u00e4sikirjoituksen kustantamoon.<\/p>\n","protected":false},"excerpt":{"rendered":"Kaisa Viitalan suosittu historiallinen romaani Klaanin vieraana on Aamulehden tilaajien kuunneltavissa tammikuussa. Alun perin Klaanin vieraasta (Karisto) ei&hellip;\n","protected":false},"author":2,"featured_media":131240,"comment_status":"","ping_status":"","sticky":false,"template":"","format":"standard","meta":{"footnotes":""},"categories":[130],"tags":[157,137,33,31,30,32,109],"class_list":{"0":"post-131239","1":"post","2":"type-post","3":"status-publish","4":"format-standard","5":"has-post-thumbnail","7":"category-viihde","8":"tag-aamulehti","9":"tag-entertainment","10":"tag-fi","11":"tag-finland","12":"tag-finnish","13":"tag-suomi","14":"tag-viihde"},"share_on_mastodon":{"url":"https:\/\/pubeurope.com\/@fi\/115823695796033736","error":""},"_links":{"self":[{"href":"https:\/\/www.europesays.com\/fi\/wp-json\/wp\/v2\/posts\/131239","targetHints":{"allow":["GET"]}}],"collection":[{"href":"https:\/\/www.europesays.com\/fi\/wp-json\/wp\/v2\/posts"}],"about":[{"href":"https:\/\/www.europesays.com\/fi\/wp-json\/wp\/v2\/types\/post"}],"author":[{"embeddable":true,"href":"https:\/\/www.europesays.com\/fi\/wp-json\/wp\/v2\/users\/2"}],"replies":[{"embeddable":true,"href":"https:\/\/www.europesays.com\/fi\/wp-json\/wp\/v2\/comments?post=131239"}],"version-history":[{"count":0,"href":"https:\/\/www.europesays.com\/fi\/wp-json\/wp\/v2\/posts\/131239\/revisions"}],"wp:featuredmedia":[{"embeddable":true,"href":"https:\/\/www.europesays.com\/fi\/wp-json\/wp\/v2\/media\/131240"}],"wp:attachment":[{"href":"https:\/\/www.europesays.com\/fi\/wp-json\/wp\/v2\/media?parent=131239"}],"wp:term":[{"taxonomy":"category","embeddable":true,"href":"https:\/\/www.europesays.com\/fi\/wp-json\/wp\/v2\/categories?post=131239"},{"taxonomy":"post_tag","embeddable":true,"href":"https:\/\/www.europesays.com\/fi\/wp-json\/wp\/v2\/tags?post=131239"}],"curies":[{"name":"wp","href":"https:\/\/api.w.org\/{rel}","templated":true}]}}