{"id":131247,"date":"2026-01-02T04:53:09","date_gmt":"2026-01-02T04:53:09","guid":{"rendered":"https:\/\/www.europesays.com\/fi\/131247\/"},"modified":"2026-01-02T04:53:09","modified_gmt":"2026-01-02T04:53:09","slug":"iranin-mielenosoitusten-tiananmen-hetki-tallentui-videolle","status":"publish","type":"post","link":"https:\/\/www.europesays.com\/fi\/131247\/","title":{"rendered":"Iranin mielenosoitusten \u201dTiananmen-hetki\u201d tallentui videolle"},"content":{"rendered":"<p>Viikonloppuna puhjenneet mielenosoitukset ovat levinneet nopeasti eri puolille Iranin islamilaista diktatuuria.<\/p>\n<p>1.1. 11:15<\/p>\n<p>Lue tiivistelm\u00e4<\/p>\n<p class=\"article-body mb-nof-24 px-nof-16 sndp-summary-bullet-point-font\">Iranissa puhjenneissa mielenosoituksissa yksin\u00e4inen mielenosoittaja uhmasi moottoripy\u00f6r\u00e4poliiseja keskell\u00e4 tiet\u00e4, ja videosta tuli viraalihitti sosiaalisessa mediassa.<\/p>\n<p class=\"article-body mb-nof-24 px-nof-16 sndp-summary-bullet-point-font\">Opposition media kutsui videota Iranin Tiananmen-hetkeksi viitaten Kiinan verisesti tukahduttamiin mielenosoituksiin vuonna 1989.<\/p>\n<p class=\"article-body mb-nof-24 px-nof-16 sndp-summary-bullet-point-font\">Mielenosoitukset alkoivat sunnuntaina ja ovat levinneet eri puolille Irania huonon taloustilanteen vuoksi.<\/p>\n<p class=\"article-body mb-nof-24 px-nof-16 sndp-summary-bullet-point-font\">Iranin p\u00e4\u00e4syytt\u00e4j\u00e4 Mohammad Movahedi-Azad varoitti keskiviikkona, ett\u00e4 hallinto vastaa p\u00e4\u00e4tt\u00e4v\u00e4isesti.<\/p>\n<p class=\"article-body mb-nof-24 px-nof-16\">Video iranilaisesta mielenosoittajasta, joka uhmaa yksin moottoripy\u00f6r\u00e4poliiseja, on kohonnut viraalihitiksi sosiaalisessa mediassa. Maan opposition media kutsuu videota Iranin \u201dTiananmen-hetkeksi.\u201d<\/p>\n<p class=\"article-body mb-nof-24 px-nof-16\">Iranissa puhkesi viime sunnuntaina mielenosoituksia, jotka ovat levinneet eri puolille maata muutamassa p\u00e4iv\u00e4ss\u00e4. Mielenosoitukset ovat saaneet tulta lohduttomasta taloustilanteesta, joka on ajanut 92 miljoonan asukkaan maan kotitaloudet ahdinkoon.<\/p>\n<p class=\"article-body mb-nof-24 px-nof-16\">Sosiaalisessa mediassa levi\u00e4v\u00e4ll\u00e4 videolla n\u00e4kyy yksin\u00e4inen hahmo, joka istuu jalat ristiss\u00e4 keskell\u00e4 tiet\u00e4. H\u00e4n vaikuttaa uhmaavan yli kahtakymment\u00e4 moottoripy\u00f6r\u00e4poliisia. Ymp\u00e4rill\u00e4 n\u00e4kyy juoksevia mielenosoittajien laumoja, ja ilmassa n\u00e4ytt\u00e4\u00e4 leijuvan kyynelkaasupilvi\u00e4.<\/p>\n<p class=\"article-body mb-nof-24 px-nof-16\">Video ei kuitenkaan n\u00e4yt\u00e4, miten moottoripy\u00f6r\u00e4poliiseja uhmaavalle mielenosoittajalle lopulta k\u00e4y.<\/p>\n<p class=\"article-body mb-nof-24 px-nof-16\">Uutistoimisto AFP:n mukaan video julkaistiin sosiaalisessa mediassa maanantaina iltap\u00e4iv\u00e4ll\u00e4, mielenosoitusten toisena p\u00e4iv\u00e4n\u00e4. AFP:n mukaan video on kuvattu Jomhuri Avenuella Teheranin keskustassa, mist\u00e4 mielenosoitukset alun perin k\u00e4ynnistyiv\u00e4t.<\/p>\n<p class=\"article-body mb-nof-24 px-nof-16\">Esimerkiksi Iranin asioista opposition n\u00e4k\u00f6kulmasta uutisoiva, Britanniassa toimiva Iran International -uutiskanava kuvaili videota sosiaalisessa mediassa Iranin \u201dTiananmen-hetkeksi\u201d.<\/p>\n<p class=\"article-body mb-nof-24 px-nof-16\">Sill\u00e4 viitataan Kiinan Tiananmenin aukion eli Taivaallisen rauhan aukion mielenosoituksiin vuonna 1989. Tuolloin kiinalaiset opiskelijat vaativat laajempia poliittisia vapauksia, mutta Kiinan turvallisuusjoukot tukahduttivat mielenosoitukset verisesti.<\/p>\n<p class=\"article-body mb-nof-24 px-nof-16\">Mielenosoitukset Iranin hallintoa vastaan levisiv\u00e4t tiistaina ainakin kymmenelle yliopistolle.<\/p>\n<p class=\"article-body mb-nof-24 px-nof-16\">Keskiviikkona Iranin viranomaiset sanoivat, ett\u00e4 mielenosoittajat olivat hy\u00f6k\u00e4nneet hallintorakennukseen maan etel\u00e4osissa Farsin maakunnassa, AFP kertoo. Valtakunnan syytt\u00e4j\u00e4 varoitti, ett\u00e4 hallinto \u201dvastaa p\u00e4\u00e4tt\u00e4v\u00e4isesti\u201d.<\/p>\n<p class=\"article-body mb-nof-24 px-nof-16\">\u201dRauhalliset mielenosoitukset toimeentulon puolesta ovat osa ymm\u00e4rrett\u00e4v\u00e4\u00e4 sosiaalista todellisuutta\u201d, p\u00e4\u00e4syytt\u00e4j\u00e4 <a class=\"font-bold underline-offset-[0.12em] [text-decoration:var(--person-link-text-decoration)] ![text-decoration-color:var(--person-link-text-decoration-color)]\" href=\"https:\/\/www.aamulehti.fi\/haku\/?query=Mohammad%20Movahedi-Azad\" rel=\"nofollow noopener\" target=\"_blank\">Mohammad Movahedi-Azad <\/a>sanoi AFP:n mukaan Iranin valtiontelevisiossa.<\/p>\n<p class=\"article-body mb-nof-24 px-nof-16\">\u201dPyrkimykset muuttaa talousmielenosoitukset turvattomuudeksi, julkisen omaisuuden tuhoamiseksi tai ulkoap\u00e4in suunniteltujen skenaarioiden toteuttamisen v\u00e4lineeksi johtavat v\u00e4ist\u00e4m\u00e4tt\u00e4 lailliseen, oikeasuhtaiseen ja p\u00e4\u00e4tt\u00e4v\u00e4iseen vastaukseen\u201d, h\u00e4n jatkoi.<\/p>\n<p class=\"article-body mb-nof-24 px-nof-16\">H\u00e4nen kommenttinsa saattoi olla vastaus Israelille, sill\u00e4 Israelin tiedustelupalvelu Mossad on sosiaalisessa mediassa ilmoittanut tukevansa mielenosoittajia. Iran ja Israel ovat arkkivihollisia, ja Israel on iskenyt kuluneen vuoden aikana Yhdysvaltain tuella Iranin ydinlaitoksiin.<\/p>\n<p class=\"article-body mb-nof-24 px-nof-16\">Iran puolestaan tukee L\u00e4hi-id\u00e4ss\u00e4 terroristij\u00e4rjest\u00f6j\u00e4 kuten Libanonin Hizbollahia, palestiinalaisten Hamasia ja Jemenin hutheja.<\/p>\n<p class=\"article-body mb-nof-24 px-nof-16\">Koulut, pankit ja ja muut julkiset instituutiot olivat Iranissa kiinni keskiviikkona. Hallinto perusteli ovien sulkemista kylm\u00e4ll\u00e4 s\u00e4\u00e4ll\u00e4 ja tarpeella s\u00e4\u00e4st\u00e4\u00e4 energiaa.<\/p>\n<p class=\"article-body mb-nof-24 px-nof-16\">Iranissa on parin viime vuosikymmenen aikana n\u00e4hty useita mielenosoitusaaltoja hallintoa vastaan. T\u00e4h\u00e4n menness\u00e4 hallinto on murskannut mielenosoitukset verisesti.<\/p>\n<p class=\"article-body mb-nof-24 px-nof-16\">Edellinen iso mielenosoitusaalto n\u00e4htiin vuonna 2022. Ne puhkesivat sen j\u00e4lkeen kun nuori iranilaisnainen <a class=\"font-bold underline-offset-[0.12em] [text-decoration:var(--person-link-text-decoration)] ![text-decoration-color:var(--person-link-text-decoration-color)]\" href=\"https:\/\/www.aamulehti.fi\/haku\/?query=Mahsa%20Amini\" rel=\"nofollow noopener\" target=\"_blank\">Mahsa Amini <\/a>kuoli poliisi pid\u00e4tetty\u00e4 h\u00e4net naisten pukeutumiss\u00e4\u00e4nt\u00f6jen rikkomisesta.<\/p>\n<p class=\"article-body mb-nof-24 px-nof-16\">Iranin islamilainen tasavalta on teokraattinen diktatuuri, vaikka maassa j\u00e4rjestet\u00e4\u00e4nkin vaaleja. Viimek\u00e4tinen valta on keskitetty vuoden 1979 islamilaisen vallankumouksen j\u00e4lkeen uskonnolliselle johtajalle ajatollalle. 86-vuotias ajatolla <a class=\"font-bold underline-offset-[0.12em] [text-decoration:var(--person-link-text-decoration)] ![text-decoration-color:var(--person-link-text-decoration-color)]\" href=\"https:\/\/www.aamulehti.fi\/haku\/?query=Ali%20Khamenei\" rel=\"nofollow noopener\" target=\"_blank\">Ali Khamenei <\/a>ei ole tiett\u00e4v\u00e4sti julkisesti kommentoinut sunnuntaina k\u00e4ynnistyneit\u00e4 mielenosoituksia.<\/p>\n<p class=\"article-body mb-nof-24 px-nof-16\">Israelin p\u00e4\u00e4ministeri <a class=\"font-bold underline-offset-[0.12em] [text-decoration:var(--person-link-text-decoration)] ![text-decoration-color:var(--person-link-text-decoration-color)]\" href=\"https:\/\/www.aamulehti.fi\/haku\/?query=Benjamin%20Netanjahu\" rel=\"nofollow noopener\" target=\"_blank\">Benjamin Netanjahu <\/a>ja Yhdysvaltain presidentti <a class=\"font-bold underline-offset-[0.12em] [text-decoration:var(--person-link-text-decoration)] ![text-decoration-color:var(--person-link-text-decoration-color)]\" href=\"https:\/\/www.aamulehti.fi\/haku\/?query=Donald%20Trump\" rel=\"nofollow noopener\" target=\"_blank\">Donald Trump <\/a>keskustelivat viime viikonloppuna mahdollisesta toisesta hy\u00f6kk\u00e4ysaallosta Iraniin, uutissivusto Axios <a class=\"underline underline-offset-[0.12em] [text-decoration-thickness:var(--generic-link-underline-thickness)] [text-decoration-color:var(--generic-link-underline-color)] [text-decoration-skip-ink:var(--generic-link-underline-skip-ink)] break-words\" href=\"https:\/\/www.axios.com\/2025\/12\/31\/netanyahu-trump-iran-strikes-2026\" rel=\"nofollow noopener\" target=\"_blank\">kertoi<\/a> keskiviikkona.<\/p>\n<p class=\"article-body mb-nof-24 px-nof-16\">Israelin ja Yhdysvaltojen hy\u00f6kk\u00e4ys keskell\u00e4 mielenosoitusaaltoa voisi entisest\u00e4\u00e4n ep\u00e4vakauttaa Irania, jonka talousahdinkoa syvent\u00e4v\u00e4t my\u00f6s YK:n ja l\u00e4nsivaltojen asettamat pakotteet ydinohjelman vuoksi.<\/p>\n<p class=\"article-body mb-nof-24 px-nof-16\">Iran kiist\u00e4\u00e4, ett\u00e4 se tavoittelisi ydinasetta.<\/p>\n","protected":false},"excerpt":{"rendered":"Viikonloppuna puhjenneet mielenosoitukset ovat levinneet nopeasti eri puolille Iranin islamilaista diktatuuria. 1.1. 11:15 Lue tiivistelm\u00e4 Iranissa puhjenneissa mielenosoituksissa&hellip;\n","protected":false},"author":2,"featured_media":131248,"comment_status":"","ping_status":"","sticky":false,"template":"","format":"standard","meta":{"footnotes":""},"categories":[5],"tags":[157,22,23,26,27,33,31,30,17,24,25,28,29,15,18,21,32,19,20,16],"class_list":{"0":"post-131247","1":"post","2":"type-post","3":"status-publish","4":"format-standard","5":"has-post-thumbnail","7":"category-otsikot","8":"tag-aamulehti","9":"tag-breaking-news","10":"tag-breakingnews","11":"tag-featured-news","12":"tag-featurednews","13":"tag-fi","14":"tag-finland","15":"tag-finnish","16":"tag-headlines","17":"tag-latest-news","18":"tag-latestnews","19":"tag-main-news","20":"tag-mainnews","21":"tag-news","22":"tag-otsikot","23":"tag-paauutiset","24":"tag-suomi","25":"tag-top-stories","26":"tag-topstories","27":"tag-uutiset"},"share_on_mastodon":{"url":"https:\/\/pubeurope.com\/@fi\/115823719354020532","error":""},"_links":{"self":[{"href":"https:\/\/www.europesays.com\/fi\/wp-json\/wp\/v2\/posts\/131247","targetHints":{"allow":["GET"]}}],"collection":[{"href":"https:\/\/www.europesays.com\/fi\/wp-json\/wp\/v2\/posts"}],"about":[{"href":"https:\/\/www.europesays.com\/fi\/wp-json\/wp\/v2\/types\/post"}],"author":[{"embeddable":true,"href":"https:\/\/www.europesays.com\/fi\/wp-json\/wp\/v2\/users\/2"}],"replies":[{"embeddable":true,"href":"https:\/\/www.europesays.com\/fi\/wp-json\/wp\/v2\/comments?post=131247"}],"version-history":[{"count":0,"href":"https:\/\/www.europesays.com\/fi\/wp-json\/wp\/v2\/posts\/131247\/revisions"}],"wp:featuredmedia":[{"embeddable":true,"href":"https:\/\/www.europesays.com\/fi\/wp-json\/wp\/v2\/media\/131248"}],"wp:attachment":[{"href":"https:\/\/www.europesays.com\/fi\/wp-json\/wp\/v2\/media?parent=131247"}],"wp:term":[{"taxonomy":"category","embeddable":true,"href":"https:\/\/www.europesays.com\/fi\/wp-json\/wp\/v2\/categories?post=131247"},{"taxonomy":"post_tag","embeddable":true,"href":"https:\/\/www.europesays.com\/fi\/wp-json\/wp\/v2\/tags?post=131247"}],"curies":[{"name":"wp","href":"https:\/\/api.w.org\/{rel}","templated":true}]}}