{"id":131254,"date":"2026-01-02T05:16:09","date_gmt":"2026-01-02T05:16:09","guid":{"rendered":"https:\/\/www.europesays.com\/fi\/131254\/"},"modified":"2026-01-02T05:16:09","modified_gmt":"2026-01-02T05:16:09","slug":"minttu-murphy-kaulanen-puhuu-kauniisti-aviomiehestaan-sampo-kaulasesta","status":"publish","type":"post","link":"https:\/\/www.europesays.com\/fi\/131254\/","title":{"rendered":"Minttu Murphy-Kaulanen puhuu kauniisti aviomiehest\u00e4\u00e4n Sampo Kaulasesta"},"content":{"rendered":"<p>            Timo Korhonen\n        <\/p>\n<p class=\"subtitle \">Michele \u201cMinttu\u201d Murphy-Kaulanen on seissyt miehens\u00e4 rinnalla my\u00f6t\u00e4- ja vastam\u00e4ess\u00e4.<\/p>\n<p class=\"article-content article-content-width !bg-background\">Yll\u00e4stunturin kupeessa koettiin hiljattain tunteikkaita hetki\u00e4, kun  ja  juhlistivat J\u00e4nk\u00e4 Resortin avajaisia.<\/p>\n<p class=\"font-weight-bold m-font-weight-bold article-content article-content-width !bg-background\">Sampo Kaulanen tilitt\u00e4\u00e4 tuntojaan J\u00e4nk\u00e4 Resortilla \u00c4k\u00e4slompolossa:<\/p>\n<p class=\"article-content article-content-width !bg-background\">Seiska on raportoinut paikan p\u00e4\u00e4lt\u00e4 \u00c4k\u00e4slompolosta Sampon miljoonaprojektin tiimoilta.<\/p>\n<p class=\"article-content article-content-width !bg-background\">Puuhakas Lapin mies pisti poikimaan miljoonansa, jotka h\u00e4n sai myyty\u00e4\u00e4n Jounin Kaupan Keskolle kev\u00e4\u00e4ll\u00e4 2023.<\/p>\n<p>        <a itemprop=\"url\" href=\"https:\/\/www.seiska.fi\/kotimaa\/sampo-kaulanen-pisti-kunnolla-katta-taskuun-talta-nayttaa-30-miljoonan-okyprojekti\/1572796\" rel=\"nofollow noopener\" target=\"_blank\"><\/p>\n<p class=\"section-date\">\n        <strong class=\"article-section\" data-section=\"kotimaa\"><br \/>\n            kotimaa<br \/>\n        <\/strong><br \/>\n        10.1.2025 06:00\n    <\/p>\n<p>Sampo Kaulanen pisti kunnolla k\u00e4tt\u00e4 taskuun \u2013 t\u00e4lt\u00e4 n\u00e4ytt\u00e4\u00e4 30 miljoonan \u00f6kyprojekti!\n    <\/p>\n<p itemprop=\"description\" class=\"subtitle \">\n    \u2013 Tietenkin pit\u00e4\u00e4 saada bisnes rullaamaan, touhukas Lapin mies tuumaa Seiskalle.\n<\/p>\n<p>        <\/a><\/p>\n<p class=\"article-content article-content-width !bg-background\">Vastik\u00e4\u00e4n valmistunut J\u00e4nk\u00e4 Resortin ensimm\u00e4inen vaihe maksoi noin 10 miljoonaa euroa. Kaikkinensa projekti tulee kustantamaan per\u00e4ti 30 miljoonaa.<\/p>\n<p>                <img decoding=\"async\" src=\"https:\/\/www.europesays.com\/fi\/wp-content\/uploads\/2026\/01\/2029549.webp.jpeg\" width=\"576\" height=\"322\" alt=\"Sampo py\u00f6ritt\u00e4\u00e4 J\u00e4nk\u00e4 Resortin matkailubisnest\u00e4.\" loading=\"lazy\" \/>            <\/p>\n<p>\n            Sampo py\u00f6ritt\u00e4\u00e4 J\u00e4nk\u00e4 Resortin matkailubisnest\u00e4.<br \/>\n            Timo Korhonen\n        <\/p>\n<p>Tapasivat tv-ohjelmassa<\/p>\n<p class=\"article-content article-content-width !bg-background\">Los Angelesissa varttunut Minttu muutti -\u00e4itins\u00e4 kanssa Tampereelle, kun h\u00e4nen vanhempansa erosivat.<\/p>\n<p class=\"article-content article-content-width !bg-background\">Vuonna 2010 rempse\u00e4 ja avoin amerikansuomalainen tuli valituksi MTV3:n Diili-ohjelmaan, joka saavutti suursuosion.<\/p>\n<p>        <a itemprop=\"url\" href=\"https:\/\/www.seiska.fi\/kotimaa\/sampo-kaulanen-esittelee-okylomakeskustaan-luksusvessanpontto-singaporesta\/2005459\" rel=\"nofollow noopener\" target=\"_blank\"><\/p>\n<p>\nHulppea wc-p\u00f6ntt\u00f6 Singaporesta!\n<\/p>\n<p class=\"section-date\">\n        <strong class=\"article-section\" data-section=\"kotimaa\"><br \/>\n            kotimaa<br \/>\n        <\/strong><br \/>\n        27.11.2025 15:26\n    <\/p>\n<p>Sampo Kaulanen esittelee \u00f6kylomakeskustaan \u2013 luksusvessanp\u00f6ntt\u00f6 Singaporesta\n    <\/p>\n<p itemprop=\"description\" class=\"subtitle \">\n    Seiska p\u00e4\u00e4si kurkistamaan, milt\u00e4 Yll\u00e4ksen miljoonaprojekti n\u00e4ytt\u00e4\u00e4.\n<\/p>\n<p>        <\/a><\/p>\n<p class=\"article-content article-content-width !bg-background\">Samaiseen ohjelmaan otti osaa my\u00f6s muuan Sampo Kaulanen, joka oli vastik\u00e4\u00e4n ottanut ohjat isois\u00e4ns\u00e4 perustamassa Jounin Kaupassa.<\/p>\n<p>                <img decoding=\"async\" src=\"https:\/\/www.europesays.com\/fi\/wp-content\/uploads\/2026\/01\/2029547.webp.jpeg\" width=\"576\" height=\"639\" alt=\"Sampo loi Jounin Kaupasta valtaisan someilmi\u00f6n.\" loading=\"lazy\" \/>            <\/p>\n<p>\n            Sampo loi Jounin Kaupasta valtaisan someilmi\u00f6n.<br \/>\n            Sampon kotialbumi\n        <\/p>\n<p>Ikimuistoiset ensisanat<\/p>\n<p class=\"article-content article-content-width !bg-background\">Minttu muistelee hymyillen ensitapaamista Sampon kanssa tv-ohjelman kuvauksissa. Kyseess\u00e4 ei ollut mik\u00e4\u00e4n suupaltti Lapin mies.<\/p>\n<p>        <a itemprop=\"url\" href=\"https:\/\/www.seiska.fi\/kotimaa\/valikohtaus-yllaksella-sampo-ja-minttu-kaulanen-vuodattivat-kyyneleita\/2006301\" rel=\"nofollow noopener\" target=\"_blank\"><\/p>\n<p>\nSampo ja Minttu Kaulanen\n<\/p>\n<p class=\"section-date\">\n        <strong class=\"article-section\" data-section=\"kotimaa\"><br \/>\n            kotimaa<br \/>\n        <\/strong><br \/>\n        28.11.2025 18:00\n    <\/p>\n<p>V\u00e4likohtaus Yll\u00e4ksell\u00e4! Sampo ja Minttu Kaulanen vuodattivat kyyneleit\u00e4\n    <\/p>\n<p itemprop=\"description\" class=\"subtitle \">\n    J\u00e4nk\u00e4 Resortin avajaisissa koettiin tunteellisia hetki\u00e4.\n<\/p>\n<p>        <\/a><\/p>\n<p class=\"article-content article-content-width !bg-background\">\u2013 Kiinnitin h\u00e4neen huomion vasta siin\u00e4 vaiheessa, kun h\u00e4n m\u00f6l\u00e4ytti, ett\u00e4 \u201conpas sulla porno laukku\u201d, Minttu muistelee.<\/p>\n<p class=\"article-content article-content-width !bg-background\">\u2013 Se oli itse asiassa k\u00e4mppikseni  laukku, joka oli minulla vain lainassa. Mutta se j\u00e4i mieleen. Muutenhan Sampo oli mykk\u00e4 kuin mik\u00e4.<\/p>\n<p>                <img decoding=\"async\" src=\"https:\/\/www.europesays.com\/fi\/wp-content\/uploads\/2026\/01\/2029556.webp.jpeg\" width=\"576\" height=\"322\" alt=\"Diilist\u00e4 se kaikki l\u00e4hti. Tuleva aviopari osallistui yht\u00e4 aikaa MTV3:n suosikkiohjelmaan 2010.\" loading=\"lazy\" \/>            <\/p>\n<p>\n            Diilist\u00e4 se kaikki l\u00e4hti. Tuleva aviopari osallistui yht\u00e4 aikaa MTV3:n suosikkiohjelmaan 2010.<br \/>\n            Ari Lahti\n        <\/p>\n<p>Yll\u00e4s r\u00e4j\u00e4ytti tajunnan<\/p>\n<p class=\"article-content article-content-width !bg-background\">Sampon ja Mintun kemiat alkoivat pelata siihen malliin, ett\u00e4 pariskunta asteli alttarille vain kaksi vuotta my\u00f6hemmin.<\/p>\n<p class=\"article-content article-content-width !bg-background\">\u2013 Ennen Sampoa en ollut koskaan ennen k\u00e4ynyt Lapissa, Minttu my\u00f6nt\u00e4\u00e4.<\/p>\n<p>        <a itemprop=\"url\" href=\"https:\/\/www.seiska.fi\/kotimaa\/mitta-tuli-tayteen-sampo-kaulanen-ei-astu-enaa-jalallaan-jounin-kauppaan\/2007909\" rel=\"nofollow noopener\" target=\"_blank\"><\/p>\n<p>\nBoikotoi Jounin Kauppaa\n<\/p>\n<p class=\"section-date\">\n        <strong class=\"article-section\" data-section=\"kotimaa\"><br \/>\n            kotimaa<br \/>\n        <\/strong><br \/>\n        1.12.2025 10:30\n    <\/p>\n<p>Mitta tuli t\u00e4yteen! Sampo Kaulanen ei astu en\u00e4\u00e4 jalallaan Jounin Kauppaan\n    <\/p>\n<p itemprop=\"description\" class=\"subtitle \">\n    Ex-kyl\u00e4kauppias ei ole k\u00e4ynyt yli kahteen vuoteen Jounin Kaupassa.\n<\/p>\n<p>        <\/a><\/p>\n<p class=\"article-content article-content-width !bg-background\">Kalifornialaisen miljoonametropolin tyt\u00f6st\u00e4 oli ehtinyt tulla pesunkest\u00e4v\u00e4 tamperelainen. Yll\u00e4s kuintekin r\u00e4j\u00e4ytti h\u00e4nen tajuntansa.<\/p>\n<p class=\"article-content article-content-width !bg-background\">\u2013 Luulin, ett\u00e4 koko \u00c4k\u00e4slompolo on joku Kummeli-kyl\u00e4, h\u00e4n nauraa.<\/p>\n<p>Sampo l\u00f6i korkin kiinni<\/p>\n<p class=\"article-content article-content-width !bg-background\">Minttu ja Sampo Kaulanen meniv\u00e4t naimisiin vuonna 2012. Sittemmin moni asia on muuttunut, mutta moni my\u00f6s pysynyt ennallaan.<\/p>\n<p class=\"article-content article-content-width !bg-background\">Pariskunnalla ei en\u00e4\u00e4 ole Jounin Kauppaa eik\u00e4 sen takavuosilta tuttuja p\u00e4hk\u00e4hulluja Facebook-arvontoja.<\/p>\n<p>        <a itemprop=\"url\" href=\"https:\/\/www.seiska.fi\/vain-seiskassa\/sampo-kaulaselle-kavi-kopelosti-minttu-vaimo-tyrmistyi\/2008333\" rel=\"nofollow noopener\" target=\"_blank\"><\/p>\n<p>\nMinttu-vaimo tyrmistyi\n<\/p>\n<p class=\"section-date\">\n        <strong class=\"article-section\" data-section=\"vain seiskassa\"><br \/>\n            vain seiskassa<br \/>\n        <\/strong><br \/>\n        4.12.2025 07:00\n    <\/p>\n<p>Sampo Kaulaselle k\u00e4vi k\u00f6pel\u00f6sti \u2013 Minttu-vaimo tyrmistyi\n    <\/p>\n<p itemprop=\"description\" class=\"subtitle \">\n    \u2013 T\u00e4\u00e4 on uutta tietoa mulle, Minttu ihmettelee Seiskan reportterille.\n<\/p>\n<p>        <\/a><\/p>\n<p class=\"article-content article-content-width !bg-background\">Ongelmistaan avoin Sampo on my\u00f6s pyristellyt eroon alkoholista. H\u00e4n ei ole juonut tippaakaan en\u00e4\u00e4 vuosiin.<\/p>\n<p>                <img decoding=\"async\" src=\"https:\/\/www.europesays.com\/fi\/wp-content\/uploads\/2026\/01\/2029551.webp.jpeg\" width=\"576\" height=\"322\" alt=\"Sampo kiersi korkin kiinni jo vuosia sitten.\" loading=\"lazy\" \/>            <\/p>\n<p>\n            Sampo kiersi korkin kiinni jo vuosia sitten.<br \/>\n            Timo Korhonen\n        <\/p>\n<p>Minttu miehens\u00e4 rinnalla<\/p>\n<p class=\"article-content article-content-width !bg-background\">Alkoholittomuus pit\u00e4\u00e4, mutta Sampolla on yh\u00e4 omat taistelunsa mielens\u00e4 kanssa.<\/p>\n<p class=\"article-content article-content-width !bg-background\">Minttu on seissyt miehens\u00e4 rinnalla niin my\u00f6t\u00e4- kuin vastam\u00e4ess\u00e4kin.<\/p>\n<p>        <a itemprop=\"url\" href=\"https:\/\/www.seiska.fi\/kotimaa\/minttu-kaulaselta-suoraa-puhetta-samposta-eikohan-se-ole-kaulasen-vuoro-lahtea\/2013196\" rel=\"nofollow noopener\" target=\"_blank\"><\/p>\n<p>\nMinttu-vaimo paljastaa:\n<\/p>\n<p class=\"section-date\">\n        <strong class=\"article-section\" data-section=\"kotimaa\"><br \/>\n            kotimaa<br \/>\n        <\/strong><br \/>\n        7.12.2025 14:00\n    <\/p>\n<p>Minttu Kaulaselta suoraa puhetta Samposta: \u201cEik\u00f6h\u00e4n se ole Kaulasen vuoro l\u00e4hte\u00e4\u201d\n    <\/p>\n<p itemprop=\"description\" class=\"subtitle \">\n    Rajun taloudellisen riskin ottanut monimiljon\u00e4\u00e4ri vaihtaa maisemaa.\n<\/p>\n<p>        <\/a><\/p>\n<p class=\"article-content article-content-width !bg-background\">\u2013 Toisaalta, mihin parisuhteeseen ei kuuluisi vaikeat hetket? Minttu kysyy.<\/p>\n<p class=\"article-content article-content-width !bg-background\">\u2013 Koen, ett\u00e4 olen aina n\u00e4hnyt Sampossa sen miehen, mik\u00e4 h\u00e4n on sisimm\u00e4lt\u00e4\u00e4n. Sampon piti vain tehd\u00e4 se duuni, ett\u00e4 h\u00e4n oppi itsekin n\u00e4kem\u00e4\u00e4n sen.<\/p>\n<p>                <img decoding=\"async\" src=\"https:\/\/www.europesays.com\/fi\/wp-content\/uploads\/2026\/01\/2029553.webp.jpeg\" width=\"576\" height=\"615\" alt=\"Sampo ja Minttu seisovat toistensa rinnalla.\" loading=\"lazy\" \/>            <\/p>\n<p>\n            Sampo ja Minttu seisovat toistensa rinnalla.<br \/>\n            Timo Korhonen\n        <\/p>\n<p>        N\u00e4in haet apua<\/p>\n<p>Mik\u00e4li sinulla tai l\u00e4heisell\u00e4si on itsetuhoisia ajatuksia, on apua saatavilla.<\/p>\n<p><a href=\"https:\/\/mieli.fi\/?_gl=1%2A1wn0292%2A_gcl_aw%2AR0NMLjE3Mzg3MzAyMTQuQ2owS0NRaUFrb2U5QmhEWUFSSXNBSDg1Y0RNVndJdWJNRG02Q19JNUoyN1lyT1ZrV0t3aXBHR1UtVDgzT28xU2pBVlZrUWdnUnF6UGwxZ2FBdjV4RUFMd193Y0I.%2A_gcl_au%2AMjExNTgxNTI2Ny4xNzM4NzMwMjEz%2A_ga%2AMjAwNjA3NjEzNi4xNzM4NzMwMjEx%2A_ga_64VTH1GWLG%2AMTczODczMDIxMi4xLjEuMTczODczMDIxMy4wLjAuMA..\" target=\"_blank\" rel=\"nofollow noopener\">Suomen Mielenterveys ry:n Mieli-kriisipuhelin<\/a>\u00a0palvelee ymp\u00e4ri vuorokauden: 09\u202f2525 0111.<\/p>\n<p><a href=\"https:\/\/sekasin.fi\/\" target=\"_blank\" rel=\"nofollow noopener\">Sekaisin-chat<\/a>\u00a0nuorille palvelee arkisin klo 9\u201324 ja viikonloppuisin klo 15\u201324.<\/p>\n<p>Hengenvaarallisessa tilanteessa soita numeroon 112. Paikkakuntasi p\u00e4ivystykseen tai terveyskeskukseen voi my\u00f6s hakeutua suoraan.<\/p>\n<p>Keskusteluapua vaikeassa el\u00e4m\u00e4ntilanteessa tarjoaa my\u00f6s\u00a0<a href=\"https:\/\/mieli.fi\/tukea-ja-apua\/mieli-kriisikeskus-helsinki\/\" target=\"_blank\" rel=\"nofollow noopener\">MIELI Kriisikeskus (mieli.fi)<\/a>. Lis\u00e4ksi\u00a0<a href=\"https:\/\/tukinet.net\/\" target=\"_blank\" rel=\"nofollow noopener\">Tukinet.net<\/a>-sivusto tarjoaa tukea kahdenkeskeisill\u00e4 tai ryhm\u00e4chateill\u00e4.<\/p>\n","protected":false},"excerpt":{"rendered":"Timo Korhonen Michele \u201cMinttu\u201d Murphy-Kaulanen on seissyt miehens\u00e4 rinnalla my\u00f6t\u00e4- ja vastam\u00e4ess\u00e4. Yll\u00e4stunturin kupeessa koettiin hiljattain tunteikkaita hetki\u00e4,&hellip;\n","protected":false},"author":2,"featured_media":131255,"comment_status":"","ping_status":"","sticky":false,"template":"","format":"standard","meta":{"footnotes":""},"categories":[76],"tags":[19434,79,2678,77,33,31,30,19432,20165,7198,667,15971,1346,20167,1496,2922,651,32,78,7193],"class_list":{"0":"post-131254","1":"post","2":"type-post","3":"status-publish","4":"format-standard","5":"has-post-thumbnail","7":"category-talous","8":"tag-akaslompolo","9":"tag-business","10":"tag-diili","11":"tag-economy","12":"tag-fi","13":"tag-finland","14":"tag-finnish","15":"tag-janka-resort","16":"tag-jounin-kauppa","17":"tag-lansi-lappi","18":"tag-lappi","19":"tag-michele-murphy-kaulanen","20":"tag-mielenterveys","21":"tag-minttu-kaulanen","22":"tag-parisuhde","23":"tag-sampo-kaulanen","24":"tag-suhteet","25":"tag-suomi","26":"tag-talous","27":"tag-yllas"},"share_on_mastodon":{"url":"https:\/\/pubeurope.com\/@fi\/115823809908121307","error":""},"_links":{"self":[{"href":"https:\/\/www.europesays.com\/fi\/wp-json\/wp\/v2\/posts\/131254","targetHints":{"allow":["GET"]}}],"collection":[{"href":"https:\/\/www.europesays.com\/fi\/wp-json\/wp\/v2\/posts"}],"about":[{"href":"https:\/\/www.europesays.com\/fi\/wp-json\/wp\/v2\/types\/post"}],"author":[{"embeddable":true,"href":"https:\/\/www.europesays.com\/fi\/wp-json\/wp\/v2\/users\/2"}],"replies":[{"embeddable":true,"href":"https:\/\/www.europesays.com\/fi\/wp-json\/wp\/v2\/comments?post=131254"}],"version-history":[{"count":0,"href":"https:\/\/www.europesays.com\/fi\/wp-json\/wp\/v2\/posts\/131254\/revisions"}],"wp:featuredmedia":[{"embeddable":true,"href":"https:\/\/www.europesays.com\/fi\/wp-json\/wp\/v2\/media\/131255"}],"wp:attachment":[{"href":"https:\/\/www.europesays.com\/fi\/wp-json\/wp\/v2\/media?parent=131254"}],"wp:term":[{"taxonomy":"category","embeddable":true,"href":"https:\/\/www.europesays.com\/fi\/wp-json\/wp\/v2\/categories?post=131254"},{"taxonomy":"post_tag","embeddable":true,"href":"https:\/\/www.europesays.com\/fi\/wp-json\/wp\/v2\/tags?post=131254"}],"curies":[{"name":"wp","href":"https:\/\/api.w.org\/{rel}","templated":true}]}}