{"id":131264,"date":"2026-01-02T05:39:09","date_gmt":"2026-01-02T05:39:09","guid":{"rendered":"https:\/\/www.europesays.com\/fi\/131264\/"},"modified":"2026-01-02T05:39:09","modified_gmt":"2026-01-02T05:39:09","slug":"keikkapaikkoja-kaatuu-konkursseihin-koska-yleiso-ei-juo-kuten-ennen-kulttuuri","status":"publish","type":"post","link":"https:\/\/www.europesays.com\/fi\/131264\/","title":{"rendered":"Keikkapaikkoja kaatuu konkursseihin, koska yleis\u00f6 ei juo kuten ennen | Kulttuuri"},"content":{"rendered":"<ul class=\"aw-1jjocuh iJTSwP yle__article__list yle__article__list--ul\">\n<li class=\"aw-1j7gwms gNYKfi\">Vuosi 2025 oli synkk\u00e4 kotimaisille keikkapaikoille, sill\u00e4 moni ajautui konkurssiin. Uusia paikkoja ei my\u00f6sk\u00e4\u00e4n syntynyt tilalle.<\/li>\n<li class=\"aw-1j7gwms gNYKfi\">LiveFIN-j\u00e4rjest\u00f6n mukaan kahdeksan paikkaa lopetti viime vuonna. My\u00f6s vakiintuneet paikat ovat vaikeuksissa, koska kulut ovat nousseet.<\/li>\n<li class=\"aw-1j7gwms gNYKfi\">Keikkapaikkojen tuloja sy\u00f6v\u00e4t huono taloustilanne, lippujen kallistuminen ja v\u00e4hentynyt alkoholinkulutus.<\/li>\n<li class=\"aw-1j7gwms gNYKfi\">Kurjistunutta tilannetta pyrit\u00e4\u00e4n paikkaamaan j\u00e4rjest\u00e4m\u00e4ll\u00e4 enemm\u00e4n keikkoja alaik\u00e4isille.<\/li>\n<\/ul>\n<p class=\"aw-1gybjub aw-1p7kakr kEtdKx cEmitX yle__article__paragraph\">Viime vuosi oli kotimaisille keikkapaikoille synke\u00e4. Moni paikka ajautui konkurssiin, eik\u00e4 uusia syntynyt tilalle.<\/p>\n<p class=\"aw-1gybjub aw-1p7kakr kEtdKx cEmitX yle__article__paragraph\">Kahdeksan keikka- ja konserttipaikkaa lopetti vuonna 2025, kertoo el\u00e4v\u00e4n musiikin edunvalvontaj\u00e4rjet\u00f6 LiveFINin tilasto. Niist\u00e4 kuusi oli konkursseja.<\/p>\n<p class=\"aw-1gybjub aw-1p7kakr kEtdKx cEmitX yle__article__paragraph\">Tilastossa on huomioitu paikat, joissa on v\u00e4hint\u00e4\u00e4n 12 keikkaa vuodessa. LiveFINin mukaan Suomessa oli viime vuonna toiminnassa 378 keikka- ja konserttipaikkaa, joista 140 oli p\u00e4\u00e4toimisia.<\/p>\n<p class=\"aw-1gybjub aw-1p7kakr kEtdKx cEmitX yle__article__paragraph\">Tilastosta k\u00e4y ilmi, ett\u00e4 uusien keikkapaikkojen m\u00e4\u00e4r\u00e4 v\u00e4heni huomattavasti vuodesta 2024. Aikaisempina vuosina uudet keikka- ja konserttipaikat paikkasivat lopettaneiden j\u00e4tt\u00e4m\u00e4n aukon. Viime vuonna sit\u00e4 ei en\u00e4\u00e4 tapahtunut.<\/p>\n<p class=\"aw-1gybjub aw-1p7kakr kEtdKx cEmitX yle__article__paragraph\">Keikkapaikkojen v\u00e4heneminen on samassa linjassa t\u00e4m\u00e4n hetken taloustilanteen ja konkurssiaallon kanssa. Pahimmillaan nyt n\u00e4hd\u00e4\u00e4n vasta keikkopaikkojen lopetusaallon alkua.<\/p>\n<p class=\"aw-1gybjub aw-1p7kakr kEtdKx cEmitX yle__article__paragraph\">Ahdinkoon l\u00f6ytyy useita syit\u00e4. Tiukassa taloustilanteessa ihmiset karsivat ylim\u00e4\u00e4r\u00e4isist\u00e4 menoista. Keikkalippujen hinnat ovat lis\u00e4ksi kallistuneet, sill\u00e4 vuosi sitten lippujen arvonlis\u00e4vero nousi kymmenest\u00e4 prosentista 14 prosenttiin. My\u00f6s alkoholin kulutuksen v\u00e4heneminen vaikuttaa keikkapaikkojen kannattavuuteen, sill\u00e4 ne saavat baarimyynnist\u00e4 huomattavan osan tuotoistaan.<\/p>\n<p class=\"aw-1gybjub aw-1p7kakr kEtdKx cEmitX yle__article__paragraph\">\u2013 Suomen taloustilanteessa keikkapaikan py\u00f6ritt\u00e4minen ei ole mik\u00e4\u00e4n lottovoitto. Uusia keikkapaikkoja ei synny samalla tavalla kuin aiemmin, koska riski\u00e4 ei haluta ottaa, sanoo LiveFINin toiminnanjohtaja <strong class=\"aw-ak79eh KyCXm yle__article__strong\">Jenna Lahtinen<\/strong>.<\/p>\n<p class=\"aw-1gybjub aw-1p7kakr kEtdKx cEmitX yle__article__paragraph\">Riskien v\u00e4ltt\u00e4miseksi keikkapaikat luottavat ohjelmistoissaan tunnettuihin artisteihin. Alla olevalla videolla tunnelmia <strong class=\"aw-ak79eh KyCXm yle__article__strong\">Behmin<\/strong> loppuunmyydylt\u00e4 keikalta Sein\u00e4joen Rytmikorjaamolta joulukuun alusta.<\/p>\n<p>Lappeenrannassa yritet\u00e4\u00e4n nousta konkurssista<\/p>\n<p class=\"aw-1gybjub aw-1p7kakr kEtdKx cEmitX yle__article__paragraph\">Kaakkois-Suomessa on kipuiltu jo pitk\u00e4\u00e4n keikkapaikkojen v\u00e4hyyden kanssa. Lappeenrannassa pitk\u00e4n linjan paikka Nuijamies ajautui loppuvuodesta konkurssiin. <a class=\"aw-iao6s4 iHOxEa yle__article__link\" href=\"https:\/\/yle.fi\/a\/74-20200891\" role=\"link\" rel=\"nofollow noopener\" target=\"_blank\">Se on kuitenkin nousemassa jaloilleen uusien yritt\u00e4jien ansiosta<\/a>.<\/p>\n<p><img decoding=\"async\" alt=\"Kulttuuritila Nuijamies Lappeenrannassa.\" src=\"https:\/\/www.europesays.com\/fi\/wp-content\/uploads\/2025\/11\/39-1555760691c7d289d477.jpeg\" loading=\"lazy\" class=\"aw-1l9m598 hKVVvP\"\/><\/p>\n<p>Avaa kuvien katselu<\/p>\n<p>Kulttuuritila Nuijamiehen toiminta jatkuu uusien omistajien johdolla Lappeenrannan keskustassa. Kuva: Kare Lehtonen \/ Yle<\/p>\n<p class=\"aw-1gybjub aw-1p7kakr kEtdKx cEmitX yle__article__paragraph\">Lappeenrannassa asuvat eiv\u00e4t ole silti tyytyv\u00e4isi\u00e4 tilanteeseen.<\/p>\n<p class=\"aw-1gybjub aw-1p7kakr kEtdKx cEmitX yle__article__paragraph\">\u2013 Lappeenrannan keikkapaikat ovat aika pieni\u00e4. Itse k\u00e4yn raskaamman musiikin keikoilla, niin niit\u00e4 on aika v\u00e4h\u00e4n ollut, sanoo <strong class=\"aw-ak79eh KyCXm yle__article__strong\">Niina Tarvainen<\/strong>.<\/p>\n<p class=\"aw-1gybjub aw-1p7kakr kEtdKx cEmitX yle__article__paragraph\">\u2013 En ole viel\u00e4 Lappeenrannassa l\u00f6yt\u00e4nyt mink\u00e4\u00e4nlaisia itse\u00e4 kiinnostavia keikkoja. Monesti joutuu vaihtamaan paikkakuntaa, miss\u00e4 esiintyji\u00e4 on enemm\u00e4n, kertoo pari kuukautta kaupungissa asunut <strong class=\"aw-ak79eh KyCXm yle__article__strong\">Jussi Haapala<\/strong>.<\/p>\n<p>My\u00f6s vakiintuneet keikkapaikat tiukilla<\/p>\n<p class=\"aw-1gybjub aw-1p7kakr kEtdKx cEmitX yle__article__paragraph\">Vaikeutunut markkinatilanne n\u00e4kyy my\u00f6s Oulussa.<\/p>\n<p class=\"aw-1gybjub aw-1p7kakr kEtdKx cEmitX yle__article__paragraph\">T\u00e4n\u00e4 vuonna 35 vuotta t\u00e4ytt\u00e4v\u00e4 liveklubi 45 Special vet\u00e4\u00e4 edelleen yleis\u00f6\u00e4 ohjelmistollaan. Ihmisten varautunut rahank\u00e4ytt\u00f6 n\u00e4kyy my\u00f6s sen toiminnassa.<\/p>\n<p class=\"aw-1gybjub aw-1p7kakr kEtdKx cEmitX yle__article__paragraph\">\u2013 Viel\u00e4 viime kev\u00e4\u00e4n\u00e4 myytiin keikkoja loppuun nopeammin, mutta syksyll\u00e4 myynti oli nihke\u00e4mp\u00e4\u00e4, kertoo klubip\u00e4\u00e4llikk\u00f6 <strong class=\"aw-ak79eh KyCXm yle__article__strong\">Roope Sulkala<\/strong>.<\/p>\n<p class=\"aw-1gybjub aw-1p7kakr kEtdKx cEmitX yle__article__paragraph\">Suosittujen artistien keikat myyd\u00e4\u00e4n Sulkalan mukaan viel\u00e4kin loppuun, mutta tuntemattomampien esiintyjien eteen t\u00e4ytyy tehd\u00e4 paljon markkinointity\u00f6t\u00e4.<\/p>\n<p class=\"aw-1gybjub aw-1p7kakr kEtdKx cEmitX yle__article__paragraph\">Keikkapaikan py\u00f6ritt\u00e4misen haasteena on Sulkalan mukaan se, ett\u00e4 kaikki on kallistunut artistien palkkioista s\u00e4hk\u00f6n hintaan. Se n\u00e4kyy lippujen hinnoissa.<\/p>\n<p class=\"aw-1gybjub aw-1p7kakr kEtdKx cEmitX yle__article__paragraph\">\u2013 Kun 2010-luvulla liput maksoivat 10\u201320 euroa, niin nyt ne ovat 20\u201330 euroa.<\/p>\n<p class=\"aw-1gybjub aw-1p7kakr kEtdKx cEmitX yle__article__paragraph\">Suurin muutos on tapahtunut yleis\u00f6ss\u00e4. Se ei nauti alkoholia entiseen tapaan. Aiemmin ihmiset j\u00e4iv\u00e4t keikan j\u00e4lkeen viett\u00e4m\u00e4\u00e4n aikaa klubille. Nyt porukalla on kiire kotiin.<\/p>\n<p class=\"aw-1gybjub aw-1p7kakr kEtdKx cEmitX yle__article__paragraph\">Se tekee keikkapaikan pit\u00e4misen haastavaksi, sill\u00e4 esimerkiksi 45 Specialin tuloista suurin osa tulee alkoholin myynnist\u00e4. Lipputuloista valtaosa menee artistille.<\/p>\n<p class=\"aw-1gybjub aw-1p7kakr kEtdKx cEmitX yle__article__paragraph\">\u2013 Suomalainen sopimusmalli on viel\u00e4 sellainen, ett\u00e4 jos lipputulot eiv\u00e4t ole tarpeeksi isot, niin joudumme alkoholin myynnist\u00e4kin maksamaan artistille.<\/p>\n<p><img decoding=\"async\" alt=\"Mies valkoisessa paidassa katsoo kameraan.\" src=\"https:\/\/www.europesays.com\/fi\/wp-content\/uploads\/2026\/01\/39-15756826953e047625ea.jpeg\" loading=\"lazy\" class=\"aw-1l9m598 hKVVvP\"\/><\/p>\n<p>Avaa kuvien katselu<\/p>\n<p>\u2013 Uskon, ett\u00e4 ihmiset suuntaavat viel\u00e4 keikoille, kun taloudellinen tilanne antaa my\u00f6ten, sanoo Oulun 45 Specialin klubip\u00e4\u00e4llikk\u00f6 Roope Sulkala. Kuva: Rami Moilanen \/ Yle<\/p>\n<p class=\"aw-1gybjub aw-1p7kakr kEtdKx cEmitX yle__article__paragraph\">Samat ongelmat on huomannut Porissa kolmisenkymment\u00e4 vuotta tapahtumia j\u00e4rjest\u00e4nyt <strong class=\"aw-ak79eh KyCXm yle__article__strong\">Harri Vilkuna<\/strong>. H\u00e4n on py\u00f6ritt\u00e4nyt tunnettuja keikkapaikkoja kuten Club Moo ja Bar Kino.<\/p>\n<p class=\"aw-1gybjub aw-1p7kakr kEtdKx cEmitX yle__article__paragraph\">Pubikeikat ovat Vilkunan mukaan loppuneet, koska pienempienkin b\u00e4ndien keikkaliksat ovat nousseet tavoittamattomiin. Varaa on korkeintaan trubaduurin. Monessa paikassa karaoke on vienyt viihdytt\u00e4j\u00e4n paikan.<\/p>\n<p class=\"aw-1gybjub aw-1p7kakr kEtdKx cEmitX yle__article__paragraph\">Vilkuna on huomannut, etteiv\u00e4t klubikeikat en\u00e4\u00e4 ved\u00e4 v\u00e4ke\u00e4.<\/p>\n<p class=\"aw-1gybjub aw-1p7kakr kEtdKx cEmitX yle__article__paragraph\">\u2013 T\u00e4m\u00e4n hetken ilmi\u00f6 ovat isot areenat ja Olympiastadion. Sinne pit\u00e4\u00e4 menn\u00e4 ottamaan Instagram-kuvia ja osoittaa omille seuraajilleen ja yst\u00e4villeen, ett\u00e4 t\u00e4\u00e4ll\u00e4 ollaan.<\/p>\n<p>Sein\u00e4joella enemm\u00e4n keikkoja alaik\u00e4isille<\/p>\n<p class=\"aw-1gybjub aw-1p7kakr kEtdKx cEmitX yle__article__paragraph\">Etel\u00e4-Pohjamaalla tilanne on hieman Oulua ja Poria parempi. Sein\u00e4joella toimiva Rytmikorjaamo on vakiinnuttanut paikkansa el\u00e4v\u00e4n musiikin tarjoajana Etel\u00e4-Pohjanmaalla. Sinne saapuu yleis\u00f6\u00e4 ymp\u00e4ri maakuntaa, osa kauempaakin.<\/p>\n<p><img decoding=\"async\" alt=\"Behm keikalla Rytmikorjaamolla Sein\u00e4joella.\" src=\"https:\/\/www.europesays.com\/fi\/wp-content\/uploads\/2026\/01\/39-15662636936c9e06d447.jpeg\" loading=\"lazy\" class=\"aw-1l9m598 hKVVvP\"\/><\/p>\n<p>Avaa kuvien katselu<\/p>\n<p>Behm esiintym\u00e4ss\u00e4 Sein\u00e4joen Rytmikorjaamolla 5.12. Kuva: Tarmo Niemi \/ Yle<\/p>\n<p class=\"aw-1gybjub aw-1p7kakr kEtdKx cEmitX yle__article__paragraph\"><strong class=\"aw-ak79eh KyCXm yle__article__strong\">Jenni Puoliv\u00e4li<\/strong> ja <strong class=\"aw-ak79eh KyCXm yle__article__strong\">Outi Korkiam\u00e4ki<\/strong> olivat tulleet Behmin keikalle nauttimaan pelk\u00e4st\u00e4\u00e4n musiikista.<\/p>\n<p class=\"aw-1gybjub aw-1p7kakr kEtdKx cEmitX yle__article__paragraph\">\u2013 Mekin ollaan ihan selvin p\u00e4in ja autolla liikkeell\u00e4. Puhuttiin my\u00f6s siit\u00e4, ett\u00e4 se seuraava p\u00e4iv\u00e4 on aika paljon kivempi. Nyt ei k\u00e4ynyt edes mieless\u00e4, ett\u00e4 tulisi juomaan alkoholia erityisemmin, sanoo Puoliv\u00e4li.<\/p>\n<p class=\"aw-1gybjub aw-1p7kakr kEtdKx cEmitX yle__article__paragraph\">Puoliv\u00e4li ja Korkiam\u00e4ki tunnustavat, ett\u00e4 kotikaupungin keikkapaikalla voisi useamminkin k\u00e4yd\u00e4. Lippujen hinnat eiv\u00e4t hirvit\u00e4.<\/p>\n<p class=\"aw-1gybjub aw-1p7kakr kEtdKx cEmitX yle__article__paragraph\">\u2013 Olen valmis maksamaan, jos haluan keikalle. En pid\u00e4 hintojen nousua ongelmana, Korkiam\u00e4ki summaa.<\/p>\n<p class=\"aw-1gybjub aw-1p7kakr kEtdKx cEmitX yle__article__paragraph\">Rytmikorjaamoa yll\u00e4pit\u00e4\u00e4 Sein\u00e4joen El\u00e4v\u00e4n musiikin yhdistys (Selmu). Se j\u00e4rjest\u00e4\u00e4 my\u00f6s kes\u00e4festivaali Provinssin.<\/p>\n<p class=\"aw-1gybjub aw-1p7kakr kEtdKx cEmitX yle__article__paragraph\">Paikan py\u00f6ritt\u00e4mist\u00e4 helpottaa hieman se, ett\u00e4 voittoa tavoittelematon yhdistys saa avustuksia muun muassa Sein\u00e4joen kaupungilta. Silti vuosi 2025 oli yksi Rytmikorjaamon vaikeimmista kymmenen viime vuoden vuoden aikana.<\/p>\n<p class=\"aw-1gybjub aw-1p7kakr kEtdKx cEmitX yle__article__paragraph\">Keikkapaikka on kehitt\u00e4nyt itselleen valttikortin tulevaisuuden turvaamiseksi. Rytmikorjaamolla on lis\u00e4tty keikkoja, joille p\u00e4\u00e4sev\u00e4t my\u00f6s alaik\u00e4iset. Niit\u00e4 oli syksyn tarjonnasta jo 40 prosenttia.<\/p>\n<p class=\"aw-1gybjub aw-1p7kakr kEtdKx cEmitX yle__article__paragraph\">\u2013 Esimerkiksi <strong class=\"aw-ak79eh KyCXm yle__article__strong\">Olgan<\/strong> ja Mouhousin syksyn kiertueiden ainoat alaik\u00e4isille sallitut keikat olivat t\u00e4\u00e4ll\u00e4 meill\u00e4, kertoo Selmun toiminnanjohtaja <strong class=\"aw-ak79eh KyCXm yle__article__strong\">Jaakko Rinne<\/strong>.<\/p>\n","protected":false},"excerpt":{"rendered":"Vuosi 2025 oli synkk\u00e4 kotimaisille keikkapaikoille, sill\u00e4 moni ajautui konkurssiin. Uusia paikkoja ei my\u00f6sk\u00e4\u00e4n syntynyt tilalle. LiveFIN-j\u00e4rjest\u00f6n mukaan&hellip;\n","protected":false},"author":2,"featured_media":131265,"comment_status":"","ping_status":"","sticky":false,"template":"","format":"standard","meta":{"footnotes":""},"categories":[130],"tags":[137,1377,33,31,30,108,12017,1446,23218,47,1157,23219,952,2787,680,32,109],"class_list":{"0":"post-131264","1":"post","2":"type-post","3":"status-publish","4":"format-standard","5":"has-post-thumbnail","7":"category-viihde","8":"tag-entertainment","9":"tag-etela-pohjanmaa","10":"tag-fi","11":"tag-finland","12":"tag-finnish","13":"tag-kulttuuri","14":"tag-kuluttaminen","15":"tag-lappeenranta","16":"tag-live-musiikki","17":"tag-musiikki","18":"tag-musiikkikeikat","19":"tag-musiikkiklubit","20":"tag-oulu","21":"tag-pori","22":"tag-seinajoki","23":"tag-suomi","24":"tag-viihde"},"share_on_mastodon":{"url":"https:\/\/pubeurope.com\/@fi\/115823900289094972","error":""},"_links":{"self":[{"href":"https:\/\/www.europesays.com\/fi\/wp-json\/wp\/v2\/posts\/131264","targetHints":{"allow":["GET"]}}],"collection":[{"href":"https:\/\/www.europesays.com\/fi\/wp-json\/wp\/v2\/posts"}],"about":[{"href":"https:\/\/www.europesays.com\/fi\/wp-json\/wp\/v2\/types\/post"}],"author":[{"embeddable":true,"href":"https:\/\/www.europesays.com\/fi\/wp-json\/wp\/v2\/users\/2"}],"replies":[{"embeddable":true,"href":"https:\/\/www.europesays.com\/fi\/wp-json\/wp\/v2\/comments?post=131264"}],"version-history":[{"count":0,"href":"https:\/\/www.europesays.com\/fi\/wp-json\/wp\/v2\/posts\/131264\/revisions"}],"wp:featuredmedia":[{"embeddable":true,"href":"https:\/\/www.europesays.com\/fi\/wp-json\/wp\/v2\/media\/131265"}],"wp:attachment":[{"href":"https:\/\/www.europesays.com\/fi\/wp-json\/wp\/v2\/media?parent=131264"}],"wp:term":[{"taxonomy":"category","embeddable":true,"href":"https:\/\/www.europesays.com\/fi\/wp-json\/wp\/v2\/categories?post=131264"},{"taxonomy":"post_tag","embeddable":true,"href":"https:\/\/www.europesays.com\/fi\/wp-json\/wp\/v2\/tags?post=131264"}],"curies":[{"name":"wp","href":"https:\/\/api.w.org\/{rel}","templated":true}]}}