{"id":131268,"date":"2026-01-02T05:43:12","date_gmt":"2026-01-02T05:43:12","guid":{"rendered":"https:\/\/www.europesays.com\/fi\/131268\/"},"modified":"2026-01-02T05:43:12","modified_gmt":"2026-01-02T05:43:12","slug":"vuosi-vaihtui-viimeisissakin-kolkissa-maailmaa-uutissuomalainen","status":"publish","type":"post","link":"https:\/\/www.europesays.com\/fi\/131268\/","title":{"rendered":"Vuosi vaihtui viimeisiss\u00e4kin kolkissa maailmaa | Uutissuomalainen"},"content":{"rendered":"<p>Vuosi 2026 alkoi torstain kuluessa virallisesti maailman joka kolkassa. Vuoden 2025 viimeiset hetket koettiin kello 14 Suomen aikaa Yhdysvalloille kuuluvilla asumattomilla Bakerinsaarella ja Howlandinsaarella keskell\u00e4 Tyynt\u00e4 valtamerta.<\/p>\n<p>Ensimm\u00e4isen\u00e4 uutta vuotta p\u00e4\u00e4stiin juhlimaan Kiribatin saarivaltiossa Tyynell\u00e4 valtamerell\u00e4. Kiritimatin atollilla sen it\u00e4isimmiss\u00e4 osissa vuosi vaihtui jo Suomen aikaa uudenvuodenaattona p\u00e4iv\u00e4ll\u00e4 kello 12. Kiritimatilla asuu runsaat 7\u2009000 ihmist\u00e4.<\/p>\n<p>Howlandinsaari ja Bakerinsaari sijaitsevat itse asiassa samalla puolella kansainv\u00e4list\u00e4 p\u00e4iv\u00e4m\u00e4\u00e4r\u00e4rajaa kuin Kiribatin it\u00e4iset saaret. Kiribati ulottuu p\u00e4iv\u00e4m\u00e4\u00e4r\u00e4rajan yli, ja t\u00e4st\u00e4 syyst\u00e4 valtion l\u00e4nsiosissa oli pitk\u00e4\u00e4n eri p\u00e4iv\u00e4m\u00e4\u00e4r\u00e4 kuin it\u00e4osissa. 1990-luvulla Kiribati asioiden yksinkertaistamiseksi p\u00e4\u00e4tti, ett\u00e4 koko valtiossa on jatkossa sama p\u00e4iv\u00e4m\u00e4\u00e4r\u00e4.<\/p>\n<p>Kiritimatin atolli sijaitsee l\u00e4hes suoraan etel\u00e4\u00e4n Yhdysvaltojen Havaijilta, mutta p\u00e4\u00e4see juhlistamaan uuttavuotta vuorokautta aiemmin.<\/p>\n<p>P\u00e4iv\u00e4m\u00e4\u00e4r\u00e4raja on pohjois-etel\u00e4-suunnassa Tyynell\u00e4 valtamerell\u00e4 kulkeva linja, jonka it\u00e4- ja l\u00e4nsipuolilla on eri p\u00e4iv\u00e4m\u00e4\u00e4r\u00e4. Se pitk\u00e4lti kulkee 180. pituuspiiri\u00e4 pitkin, mutta sen l\u00e4hist\u00f6ll\u00e4 sijaitsevat valtiot voivat p\u00e4\u00e4tt\u00e4\u00e4 vapaasti, miten suhtautuvat siihen. Esimerkiksi Ven\u00e4j\u00e4\u00e4 ja Yhdysvaltojen Alaskaa erottavan Beringinsalmen kohdalla p\u00e4iv\u00e4m\u00e4\u00e4r\u00e4rajassa on mutka. Ilman mutkaa osassa Tshukotkan autonomista piirikuntaa olisi eri p\u00e4iv\u00e4m\u00e4\u00e4r\u00e4 kuin muualla Ven\u00e4j\u00e4ll\u00e4.<\/p>\n","protected":false},"excerpt":{"rendered":"Vuosi 2026 alkoi torstain kuluessa virallisesti maailman joka kolkassa. Vuoden 2025 viimeiset hetket koettiin kello 14 Suomen aikaa&hellip;\n","protected":false},"author":2,"featured_media":131269,"comment_status":"","ping_status":"","sticky":false,"template":"","format":"standard","meta":{"footnotes":""},"categories":[14],"tags":[722,22,23,26,27,33,31,30,17,24,25,28,29,15,18,21,142,637,144,32,19,20,56,23220,16,638,59,60,61,1638],"class_list":{"0":"post-131268","1":"post","2":"type-post","3":"status-publish","4":"format-standard","5":"has-post-thumbnail","7":"category-ulkomaat","8":"tag-amerikka","9":"tag-breaking-news","10":"tag-breakingnews","11":"tag-featured-news","12":"tag-featurednews","13":"tag-fi","14":"tag-finland","15":"tag-finnish","16":"tag-headlines","17":"tag-latest-news","18":"tag-latestnews","19":"tag-main-news","20":"tag-mainnews","21":"tag-news","22":"tag-otsikot","23":"tag-paauutiset","24":"tag-poliitikot","25":"tag-politiikka","26":"tag-presidentti","27":"tag-suomi","28":"tag-top-stories","29":"tag-topstories","30":"tag-ulkomaat","31":"tag-uusivuosi-2026","32":"tag-uutiset","33":"tag-valtiovalta","34":"tag-world","35":"tag-world-news","36":"tag-worldnews","37":"tag-yhdysvaltojen-osavaltiot"},"share_on_mastodon":{"url":"https:\/\/pubeurope.com\/@fi\/115823916052997935","error":""},"_links":{"self":[{"href":"https:\/\/www.europesays.com\/fi\/wp-json\/wp\/v2\/posts\/131268","targetHints":{"allow":["GET"]}}],"collection":[{"href":"https:\/\/www.europesays.com\/fi\/wp-json\/wp\/v2\/posts"}],"about":[{"href":"https:\/\/www.europesays.com\/fi\/wp-json\/wp\/v2\/types\/post"}],"author":[{"embeddable":true,"href":"https:\/\/www.europesays.com\/fi\/wp-json\/wp\/v2\/users\/2"}],"replies":[{"embeddable":true,"href":"https:\/\/www.europesays.com\/fi\/wp-json\/wp\/v2\/comments?post=131268"}],"version-history":[{"count":0,"href":"https:\/\/www.europesays.com\/fi\/wp-json\/wp\/v2\/posts\/131268\/revisions"}],"wp:featuredmedia":[{"embeddable":true,"href":"https:\/\/www.europesays.com\/fi\/wp-json\/wp\/v2\/media\/131269"}],"wp:attachment":[{"href":"https:\/\/www.europesays.com\/fi\/wp-json\/wp\/v2\/media?parent=131268"}],"wp:term":[{"taxonomy":"category","embeddable":true,"href":"https:\/\/www.europesays.com\/fi\/wp-json\/wp\/v2\/categories?post=131268"},{"taxonomy":"post_tag","embeddable":true,"href":"https:\/\/www.europesays.com\/fi\/wp-json\/wp\/v2\/tags?post=131268"}],"curies":[{"name":"wp","href":"https:\/\/api.w.org\/{rel}","templated":true}]}}